{"id":3222,"date":"2026-04-23T08:01:43","date_gmt":"2026-04-23T10:01:43","guid":{"rendered":"https:\/\/www.encontraalphaville.com.br\/sobre\/luiza-ambiel-e-internada-apos-passar-mal-e-aguarda-transferencia-em-sp\/"},"modified":"2026-04-23T08:01:43","modified_gmt":"2026-04-23T10:01:43","slug":"luiza-ambiel-e-internada-apos-passar-mal-e-aguarda-transferencia-em-sp","status":"publish","type":"post","link":"https:\/\/www.encontraalphaville.com.br\/sobre\/luiza-ambiel-e-internada-apos-passar-mal-e-aguarda-transferencia-em-sp\/","title":{"rendered":"Luiza Ambiel \u00e9 internada ap\u00f3s passar mal e aguarda transfer\u00eancia em SP"},"content":{"rendered":"<div class=\"08819d616ec18d2b96542d41522401b3\" data-index=\"1\" style=\"float: none; margin:0px;\">\n<!-- Anuncio display - global -->\r\n<ins class=\"adsbygoogle\"\r\n     style=\"display:block\"\r\n     data-ad-client=\"ca-pub-8585364105181520\"\r\n     data-ad-slot=\"8789329856\"\r\n     data-ad-format=\"auto\"\r\n     data-full-width-responsive=\"true\"><\/ins>\r\n<script>\r\n     (adsbygoogle = window.adsbygoogle || []).push({});\r\n<\/script>\n<\/div>\n<h2>O que levou \u00e0 interna\u00e7\u00e3o de Luiza Ambiel?<\/h2>\n<p>A apresentadora Luiza Ambiel, aos 53 anos, passou por uma situa\u00e7\u00e3o cr\u00edtica que a levou \u00e0 interna\u00e7\u00e3o em um hospital em Alphaville, S\u00e3o Paulo. No dia 17 de abril de 2026, ela come\u00e7ou a sentir os primeiros sintomas de uma infec\u00e7\u00e3o urin\u00e1ria grave, que posteriormente causou epis\u00f3dios de s\u00edncope vasovagal. Este tipo de condi\u00e7\u00e3o \u00e9 caracterizada por uma perda tempor\u00e1ria de consci\u00eancia, resultante da diminui\u00e7\u00e3o do fluxo sangu\u00edneo ao c\u00e9rebro.<\/p>\n<h2>Como a infec\u00e7\u00e3o urin\u00e1ria desencadeou desmaios<\/h2>\n<p>A infec\u00e7\u00e3o urin\u00e1ria de Luiza evoluiu rapidamente, levando-a a sofrer com desmaios frequentes. Ap\u00f3s relatar ard\u00eancia intensa ao urinar e uma necessidade constante de ir ao banheiro, sua condi\u00e7\u00e3o se agravou. O fato de ter um hist\u00f3rico de s\u00edncope vasovagal contribuiu para que os epis\u00f3dios de desmaio se tornassem mais frequentes \u00e0 medida que a infec\u00e7\u00e3o piorava.<\/p>\n<h2>Sintomas iniciais e agravamento do quadro<\/h2>\n<p>Os sintomas come\u00e7aram de forma sutil com a sensa\u00e7\u00e3o de ard\u00eancia ao urinar e um aumento na frequ\u00eancia urin\u00e1ria. Luiza descreveu como estava incomodada, especialmente \u00e0 noite, tendo que se levantar v\u00e1rias vezes para ir ao banheiro. No entanto, o quadro piorou no final de semana, levando a um debilitante quadro de sa\u00fade. Ela experimentou uma leve melhora tempor\u00e1ria no s\u00e1bado, mas a dor e a urg\u00eancia retornaram com mais intensidade no domingo, culminando em sua decis\u00e3o de buscar atendimento m\u00e9dico.<\/p>\n<p><img decoding=\"async\" src=\"https:\/\/www.encontraalphaville.com.br\/sobre\/wp-content\/uploads\/2026\/04\/luiza-ambiel-e-internada-apos-passar-mal-e-aguarda-transferencia-em-sp.webp\" alt=\"Luiza Ambiel\" loading=\"lazy\" \/><\/p>\n<h2>A import\u00e2ncia da interna\u00e7\u00e3o para o tratamento<\/h2>\n<p>Ap\u00f3s buscar ajuda m\u00e9dica, Luiza foi rapidamente internada. O tratamento adequado e a interna\u00e7\u00e3o foram cruciais n\u00e3o apenas para controlar a infec\u00e7\u00e3o, mas tamb\u00e9m para monitorar suas rea\u00e7\u00f5es. Sendo assim, ela n\u00e3o s\u00f3 estava recebendo a medica\u00e7\u00e3o necess\u00e1ria, como tamb\u00e9m tinha profissionais qualificados observando sua condi\u00e7\u00e3o constantemente, o que \u00e9 essencial em situa\u00e7\u00f5es de sa\u00fade cr\u00edticas.<\/p>\n<h2>Tratamento com antibi\u00f3ticos intravenosos<\/h2>\n<p>Luiza Ambiel est\u00e1 recebendo tratamento com antibi\u00f3ticos intravenosos para controlar a infec\u00e7\u00e3o urin\u00e1ria. Esse tipo de tratamento \u00e9 vital, especialmente em infec\u00e7\u00f5es graves, pois permite que os medicamentos ajam mais rapidamente e com mais efic\u00e1cia, ajudando assim a prevenir complica\u00e7\u00f5es adicionais e a recupera\u00e7\u00e3o da paciente.<\/p>\n<h2>O que \u00e9 s\u00edncope vasovagal?<\/h2>\n<p>A s\u00edncope vasovagal \u00e9 uma condi\u00e7\u00e3o m\u00e9dica que pode causar desmaios s\u00fabitos devido a uma queda na press\u00e3o arterial e na frequ\u00eancia card\u00edaca, resultando em uma diminui\u00e7\u00e3o do sangue que chega ao c\u00e9rebro. Isso pode ser desencadeado por v\u00e1rias situa\u00e7\u00f5es, como estresse, dor intensa ou, como no caso de Luiza, infec\u00e7\u00f5es que afetam o corpo de maneira significativa. Sendo uma condi\u00e7\u00e3o que ela j\u00e1 apresentava, \u00e9 importante que o tratamento de sua infec\u00e7\u00e3o leve em conta esse hist\u00f3rico.<\/p>\n<h2>Impacto da sa\u00fade da apresentadora na m\u00eddia<\/h2>\n<p>A sa\u00fade de Luiza Ambiel atra\u00ed significativa aten\u00e7\u00e3o da m\u00eddia e do p\u00fablico. A apresentadora \u00e9 uma figura conhecida e querida, e not\u00edcias sobre sua situa\u00e7\u00e3o geram repercuss\u00e3o nas redes sociais e entre seus f\u00e3s. A visibilidade de sua condi\u00e7\u00e3o pode ser ben\u00e9fica para criar consci\u00eancia sobre quest\u00f5es de sa\u00fade, assim como para encorajar outras pessoas a procurar ajuda m\u00e9dica em momentos cr\u00edticos.<\/p>\n<h2>Expectativas para a transfer\u00eancia hospitalar<\/h2>\n<p>Luiza aguarda a transfer\u00eancia para outra unidade hospitalar em S\u00e3o Paulo, um procedimento solicitado devido \u00e0 gravidade de sua condi\u00e7\u00e3o. Esta mudan\u00e7a \u00e9 um sinal positivo, indicando que os m\u00e9dicos est\u00e3o buscando o melhor tratamento poss\u00edvel para sua recupera\u00e7\u00e3o. A nova unidade poder\u00e1 fornecer cuidados especializados, caso necess\u00e1rio, e os profissionais da sa\u00fade est\u00e3o trabalhando para assegurar uma transfer\u00eancia segura e eficiente.<\/p>\n<h2>Repercuss\u00e3o nas redes sociais<\/h2>\n<p>A situa\u00e7\u00e3o de Luiza Ambiel gerou uma onda de apoio e mensagens carinhosas nas redes sociais. F\u00e3s e colegas do meio art\u00edstico expressaram sua solidariedade, desejando uma r\u00e1pida recupera\u00e7\u00e3o. Este apoio \u00e9 fundamental, n\u00e3o apenas para ela, mas tamb\u00e9m para aumentar a conscientiza\u00e7\u00e3o sobre a import\u00e2ncia da sa\u00fade e de buscar aux\u00edlio m\u00e9dico em situa\u00e7\u00f5es semelhantes.<\/p>\n<h2>Famosos se manifestam sobre a sa\u00fade de Luiza<\/h2>\n<p>Diversos famosos se manifestaram nas redes sociais, desejando for\u00e7a e um pronto restabelecimento a Luiza. Os coment\u00e1rios acolhedores e mensagens de carinho de colegas e admiradores ressaltam a influ\u00eancia positiva que a apresentadora tem sobre as pessoas ao seu redor. A resposta r\u00e1pida e solid\u00e1ria do p\u00fablico tamb\u00e9m serve como um lembrete de que a sa\u00fade deve estar sempre em primeiro lugar.<\/p>\n\n<div style=\"font-size: 0px; height: 0px; line-height: 0px; margin: 0; padding: 0; clear: both;\"><\/div>","protected":false},"excerpt":{"rendered":"<p>Luiza Ambiel \u00e9 internada em SP, e detalhes sobre seu estado de sa\u00fade s\u00e3o revelados.<\/p>\n","protected":false},"author":1,"featured_media":3221,"comment_status":"open","ping_status":"closed","sticky":false,"template":"","format":"standard","meta":{"footnotes":""},"categories":[6],"tags":[],"class_list":["post-3222","post","type-post","status-publish","format-standard","has-post-thumbnail","hentry","category-noticias-alphaville","has_thumb"],"aioseo_notices":[],"_links":{"self":[{"href":"https:\/\/www.encontraalphaville.com.br\/sobre\/wp-json\/wp\/v2\/posts\/3222","targetHints":{"allow":["GET"]}}],"collection":[{"href":"https:\/\/www.encontraalphaville.com.br\/sobre\/wp-json\/wp\/v2\/posts"}],"about":[{"href":"https:\/\/www.encontraalphaville.com.br\/sobre\/wp-json\/wp\/v2\/types\/post"}],"author":[{"embeddable":true,"href":"https:\/\/www.encontraalphaville.com.br\/sobre\/wp-json\/wp\/v2\/users\/1"}],"replies":[{"embeddable":true,"href":"https:\/\/www.encontraalphaville.com.br\/sobre\/wp-json\/wp\/v2\/comments?post=3222"}],"version-history":[{"count":0,"href":"https:\/\/www.encontraalphaville.com.br\/sobre\/wp-json\/wp\/v2\/posts\/3222\/revisions"}],"wp:featuredmedia":[{"embeddable":true,"href":"https:\/\/www.encontraalphaville.com.br\/sobre\/wp-json\/wp\/v2\/media\/3221"}],"wp:attachment":[{"href":"https:\/\/www.encontraalphaville.com.br\/sobre\/wp-json\/wp\/v2\/media?parent=3222"}],"wp:term":[{"taxonomy":"category","embeddable":true,"href":"https:\/\/www.encontraalphaville.com.br\/sobre\/wp-json\/wp\/v2\/categories?post=3222"},{"taxonomy":"post_tag","embeddable":true,"href":"https:\/\/www.encontraalphaville.com.br\/sobre\/wp-json\/wp\/v2\/tags?post=3222"}],"curies":[{"name":"wp","href":"https:\/\/api.w.org\/{rel}","templated":true}]}}