{"id":3220,"date":"2026-04-22T08:08:59","date_gmt":"2026-04-22T10:08:59","guid":{"rendered":"https:\/\/www.encontraalphaville.com.br\/sobre\/brasil-envelhece-e-crescimento-populacional-desacelera-aponta-ibge\/"},"modified":"2026-04-22T08:08:59","modified_gmt":"2026-04-22T10:08:59","slug":"brasil-envelhece-e-crescimento-populacional-desacelera-aponta-ibge","status":"publish","type":"post","link":"https:\/\/www.encontraalphaville.com.br\/sobre\/brasil-envelhece-e-crescimento-populacional-desacelera-aponta-ibge\/","title":{"rendered":"Brasil envelhece e crescimento populacional desacelera, aponta IBGE"},"content":{"rendered":"<div class=\"08819d616ec18d2b96542d41522401b3\" data-index=\"1\" style=\"float: none; margin:0px;\">\n<!-- Anuncio display - global -->\r\n<ins class=\"adsbygoogle\"\r\n     style=\"display:block\"\r\n     data-ad-client=\"ca-pub-8585364105181520\"\r\n     data-ad-slot=\"8789329856\"\r\n     data-ad-format=\"auto\"\r\n     data-full-width-responsive=\"true\"><\/ins>\r\n<script>\r\n     (adsbygoogle = window.adsbygoogle || []).push({});\r\n<\/script>\n<\/div>\n<h2>Mudan\u00e7as nas Faixas Et\u00e1rias da Popula\u00e7\u00e3o<\/h2>\n<p>A demografia brasileira est\u00e1 passando por transforma\u00e7\u00f5es significativas, refletindo uma tend\u00eancia de envelhecimento da popula\u00e7\u00e3o. De acordo com dados da Pesquisa Nacional por Amostra de Domic\u00edlios Cont\u00ednua (Pnad) 2025, a popula\u00e7\u00e3o do Brasil atingiu 212,7 milh\u00f5es de habitantes nesse ano, representando um aumento modesto de 0,39% em rela\u00e7\u00e3o ao ano anterior. Essa taxa luta para ultrapassar 0,60%, evidenciando um cen\u00e1rio de desacelera\u00e7\u00e3o cont\u00ednua.<\/p>\n<p>No que diz respeito \u00e0 estrutura et\u00e1ria, a popula\u00e7\u00e3o jovem, especialmente aqueles com menos de 40 anos, viu um decl\u00ednio de 6,1% desde 2012. Em contrapartida, as faixas et\u00e1rias mais velhas est\u00e3o em ascens\u00e3o: o grupo de 40 a 49 anos passou de 13% para 15%, de 50 a 59 anos, de 10% para 11,8%, enquanto a parcela de idosos (60 anos ou mais) cresceu de 11,3% para 16,6%.<\/p>\n<h2>A Crescente Propor\u00e7\u00e3o de Idosos<\/h2>\n<p>O fen\u00f4meno do envelhecimento demogr\u00e1fico \u00e9 ilustrado pela pir\u00e2mide et\u00e1ria do Brasil, que apresenta uma base estreita e um topo amplo. Este ind\u00edcio destaca uma sociedade que n\u00e3o apenas est\u00e1 vivendo mais, mas que tamb\u00e9m \u00e9 cada vez mais composta por uma popula\u00e7\u00e3o idosa. Regionalmente, essa realidade se manifesta de formas distintas: as regi\u00f5es Norte e Nordeste ainda det\u00eam um n\u00famero maior de jovens, enquanto as regi\u00f5es Sudeste e Sul t\u00eam uma quantidade superior de cidad\u00e3os idosos.<\/p>\n<p><img decoding=\"async\" src=\"https:\/\/www.encontraalphaville.com.br\/sobre\/wp-content\/uploads\/2026\/04\/brasil-envelhece-e-crescimento-populacional-desacelera-aponta-ibge.webp\" alt=\"Brasil envelhece\" loading=\"lazy\" \/><\/p>\n<h2>An\u00e1lise da Taxa de Crescimento Populacional<\/h2>\n<p>A taxa de crescimento populacional, que tem permanecido abaixo de 0,60% desde 2021, \u00e9 um sinal de mudan\u00e7as no padr\u00e3o de natalidade e longevidade. A queda nas taxas de natalidade, aliada ao aumento da expectativa de vida, est\u00e1 contribuindo para um perfil demogr\u00e1fico que, a longo prazo, exigir\u00e1 uma reavalia\u00e7\u00e3o de pol\u00edticas e servi\u00e7os p\u00fablicos destinados \u00e0 popula\u00e7\u00e3o idosa.<\/p>\n<h2>Impactos Econ\u00f4micos do Envelhecimento<\/h2>\n<p>As consequ\u00eancias econ\u00f4micas desse envelhecimento s\u00e3o vastas. \u00c0 medida que mais pessoas atingem a terceira idade, o mercado de trabalho e os sistemas de sa\u00fade precisar\u00e3o se adaptar para atender a uma popula\u00e7\u00e3o que, em sua maioria, n\u00e3o se aposenta antes dos 65 anos. O aumento da propor\u00e7\u00e3o de aposentados pode pressionar sistemas previdenci\u00e1rios e criar desafios na sustentabilidade econ\u00f4mica, al\u00e9m de afetar a for\u00e7a de trabalho dispon\u00edvel.<\/p>\n<h2>Desafios das Pol\u00edticas P\u00fablicas<\/h2>\n<p>O envelhecimento populacional tamb\u00e9m traz \u00e0 tona desafios para as pol\u00edticas p\u00fablicas, especialmente no que tange ao cuidado com os idosos. Temas como sa\u00fade, assist\u00eancia social e habita\u00e7\u00e3o ganhar\u00e3o relev\u00e2ncia \u00e0 medida que a popula\u00e7\u00e3o idosa se torna mais expressiva. O governo e as institui\u00e7\u00f5es precisar\u00e3o criar estrat\u00e9gias que atendam essa parcela da popula\u00e7\u00e3o de forma eficaz e digna.<\/p>\n<h2>Mudan\u00e7as Demogr\u00e1ficas nas Regi\u00f5es do Brasil<\/h2>\n<p>As varia\u00e7\u00f5es regionais nas caracter\u00edsticas demogr\u00e1ficas tamb\u00e9m s\u00e3o dignas de nota. A redu\u00e7\u00e3o da popula\u00e7\u00e3o jovem e o aumento da popula\u00e7\u00e3o idosa demonstram disparidades que requerem respostas espec\u00edficas. Enquanto regi\u00f5es como o Norte ainda enfrentam altas taxas de natalidade, o Sudeste e o Sul lidam com o aumento gradual do n\u00famero de idosos, refletindo uma necessidade de servi\u00e7os mais adaptados aos diferentes contextos sociais e econ\u00f4micos.<\/p>\n<h2>Autodeclara\u00e7\u00e3o de Cor e Ra\u00e7a<\/h2>\n<p>Em adi\u00e7\u00e3o \u00e0s quest\u00f5es et\u00e1rias, outra mudan\u00e7a significativa observada nos dados \u00e9 a evolu\u00e7\u00e3o da autodeclara\u00e7\u00e3o de cor ou ra\u00e7a, especialmente em per\u00edodos recentes. A propor\u00e7\u00e3o dos que se declaram brancos caiu de 46,4% em 2012 para 42,6% em 2025, enquanto o n\u00famero de pessoas que se identificam como pretas aumentou de 7,4% para 10,4%. Essa mudan\u00e7a reflete uma sociedade em evolu\u00e7\u00e3o e diversidade, especialmente acentuada em regi\u00f5es como o Norte, onde a diversidade \u00e9tnica \u00e9 mais evidente.<\/p>\n<h2>Aumento dos Domic\u00edlios Unipessoais<\/h2>\n<p>Outro aspecto a ser destacado \u00e9 a crescente incid\u00eancia de domic\u00edlios unipessoais, que saltou de 12,2% em 2012 para 19,7% em 2025. Embora os lares tradicionais, compostos por fam\u00edlias nucleares, ainda representem 65,6% dos domic\u00edlios, essa tend\u00eancia de viver sozinho indica uma mudan\u00e7a nas din\u00e2micas familiares e sociais. A predomin\u00e2ncia masculina entre aqueles que vivem sozinhos, principalmente na faixa et\u00e1ria de 30 a 59 anos, \u00e9 contrastada pela maior presen\u00e7a de mulheres com 60 anos ou mais vivendo sozinhas.<\/p>\n<h2>Evolu\u00e7\u00e3o da Habita\u00e7\u00e3o no Brasil<\/h2>\n<p>O cen\u00e1rio habitacional no Brasil tamb\u00e9m est\u00e1 em transforma\u00e7\u00e3o. A participa\u00e7\u00e3o dos im\u00f3veis alugados tem aumentado, alcan\u00e7ando 23,8%, enquanto a propor\u00e7\u00e3o de domic\u00edlios pr\u00f3prios quitados caiu para 60,2%. Embora as casas continuem a ser a forma de habita\u00e7\u00e3o predominante, os apartamentos est\u00e3o se tornando uma escolha cada vez mais comum entre os brasileiros, refletindo mudan\u00e7as nas prefer\u00eancias residenciais e na urbaniza\u00e7\u00e3o.<\/p>\n<h2>Consequ\u00eancias Para o Mercado de Trabalho<\/h2>\n<p>As transforma\u00e7\u00f5es demogr\u00e1ficas t\u00eam repercuss\u00f5es diretas no mercado de trabalho. Com o envelhecimento da popula\u00e7\u00e3o, h\u00e1 uma necessidade urgente de reintegrar idosos no ambiente laboral de maneira produtiva. Al\u00e9m disso, o avan\u00e7o da automa\u00e7\u00e3o e da intelig\u00eancia artificial poder\u00e1 impactar as oportunidades de trabalho para diferentes faixas et\u00e1rias, exigindo uma adapta\u00e7\u00e3o n\u00e3o s\u00f3 de habilidades, mas tamb\u00e9m de legisla\u00e7\u00f5es que assegurem direitos e integra\u00e7\u00e3o social para todos, independentemente da idade.<\/p>\n<p>Portanto, esses dados do IBGE, que revelam um Brasil em transforma\u00e7\u00e3o, destacam a necessidade de um planejamento e execu\u00e7\u00e3o adequados de pol\u00edticas p\u00fablicas voltadas para atender as demandas de uma popula\u00e7\u00e3o que envelhece e muda ao longo das d\u00e9cadas.<\/p>\n\n<div style=\"font-size: 0px; height: 0px; line-height: 0px; margin: 0; padding: 0; clear: both;\"><\/div>","protected":false},"excerpt":{"rendered":"<p>Brasil envelhece e mostra uma desacelera\u00e7\u00e3o no crescimento populacional alarmante.<\/p>\n","protected":false},"author":1,"featured_media":3219,"comment_status":"open","ping_status":"closed","sticky":false,"template":"","format":"standard","meta":{"footnotes":""},"categories":[6],"tags":[],"class_list":["post-3220","post","type-post","status-publish","format-standard","has-post-thumbnail","hentry","category-noticias-alphaville","has_thumb"],"aioseo_notices":[],"_links":{"self":[{"href":"https:\/\/www.encontraalphaville.com.br\/sobre\/wp-json\/wp\/v2\/posts\/3220","targetHints":{"allow":["GET"]}}],"collection":[{"href":"https:\/\/www.encontraalphaville.com.br\/sobre\/wp-json\/wp\/v2\/posts"}],"about":[{"href":"https:\/\/www.encontraalphaville.com.br\/sobre\/wp-json\/wp\/v2\/types\/post"}],"author":[{"embeddable":true,"href":"https:\/\/www.encontraalphaville.com.br\/sobre\/wp-json\/wp\/v2\/users\/1"}],"replies":[{"embeddable":true,"href":"https:\/\/www.encontraalphaville.com.br\/sobre\/wp-json\/wp\/v2\/comments?post=3220"}],"version-history":[{"count":0,"href":"https:\/\/www.encontraalphaville.com.br\/sobre\/wp-json\/wp\/v2\/posts\/3220\/revisions"}],"wp:featuredmedia":[{"embeddable":true,"href":"https:\/\/www.encontraalphaville.com.br\/sobre\/wp-json\/wp\/v2\/media\/3219"}],"wp:attachment":[{"href":"https:\/\/www.encontraalphaville.com.br\/sobre\/wp-json\/wp\/v2\/media?parent=3220"}],"wp:term":[{"taxonomy":"category","embeddable":true,"href":"https:\/\/www.encontraalphaville.com.br\/sobre\/wp-json\/wp\/v2\/categories?post=3220"},{"taxonomy":"post_tag","embeddable":true,"href":"https:\/\/www.encontraalphaville.com.br\/sobre\/wp-json\/wp\/v2\/tags?post=3220"}],"curies":[{"name":"wp","href":"https:\/\/api.w.org\/{rel}","templated":true}]}}