{"id":2984,"date":"2026-02-27T08:05:42","date_gmt":"2026-02-27T10:05:42","guid":{"rendered":"https:\/\/www.encontraalphaville.com.br\/sobre\/edicao-1125\/"},"modified":"2026-02-27T08:05:42","modified_gmt":"2026-02-27T10:05:42","slug":"edicao-1125","status":"publish","type":"post","link":"https:\/\/www.encontraalphaville.com.br\/sobre\/edicao-1125\/","title":{"rendered":"Edi\u00e7\u00e3o 1125"},"content":{"rendered":"<div class=\"08819d616ec18d2b96542d41522401b3\" data-index=\"1\" style=\"float: none; margin:0px;\">\n<!-- Anuncio display - global -->\r\n<ins class=\"adsbygoogle\"\r\n     style=\"display:block\"\r\n     data-ad-client=\"ca-pub-8585364105181520\"\r\n     data-ad-slot=\"8789329856\"\r\n     data-ad-format=\"auto\"\r\n     data-full-width-responsive=\"true\"><\/ins>\r\n<script>\r\n     (adsbygoogle = window.adsbygoogle || []).push({});\r\n<\/script>\n<\/div>\n<h2>Novidades da Edi\u00e7\u00e3o 1125<\/h2>\n<p>A Edi\u00e7\u00e3o Digital da Folha de Alphaville, datada de 27 de fevereiro de 2026, trouxe diversas atualiza\u00e7\u00f5es importantes para a comunidade, destacando eventos locais, atividades culturais e quest\u00f5es relevantes para a regi\u00e3o. Nesta edi\u00e7\u00e3o, voc\u00ea pode conferir leituras essenciais sobre temas que influenciam diretamente a vida dos moradores, al\u00e9m de dicas \u00fateis para aproveitar ao m\u00e1ximo o que a cidade tem a oferecer.<\/p>\n<h2>Principais Not\u00edcias da Semana<\/h2>\n<p>Algumas das not\u00edcias que ganharam destaque nesta edi\u00e7\u00e3o incluem:<\/p>\n<ul>\n<li><strong>Combust\u00edveis em Foco:<\/strong> Nos postos locais, os pre\u00e7os dos combust\u00edveis t\u00eam gerado pol\u00eamica, com den\u00fancias levantadas por vereadores sobre os valores praticados.<\/li>\n<li><strong>Doa\u00e7\u00f5es de Sangue:<\/strong> A Funda\u00e7\u00e3o Pr\u00f3-Sangue apela \u00e0 popula\u00e7\u00e3o, pois relatou uma queda significativa nas doa\u00e7\u00f5es, o que afeta diretamente o abastecimento de sangue nos hospitais.<\/li>\n<li><strong>Eventos Culturais:<\/strong> A Feira de Artes da Pra\u00e7a Oiapoque continua em cartaz at\u00e9 o dia 28 de fevereiro, oferecendo uma bela exibi\u00e7\u00e3o de arte local e entretenimento.<\/li>\n<\/ul>\n<h2>Eventos Imperd\u00edveis em Alphaville<\/h2>\n<p>Alphaville est\u00e1 repleta de atividades culturais e sociais. Confira alguns eventos que voc\u00ea n\u00e3o pode perder:<\/p>\n<p><img decoding=\"async\" src=\"https:\/\/www.encontraalphaville.com.br\/sobre\/wp-content\/uploads\/2026\/02\/edicao-1125.webp\" alt=\"Edi\u00e7\u00e3o 1125\" loading=\"lazy\" \/><\/p>\n<ul>\n<li><strong>Feira de Artes:<\/strong> Ocorre na Pra\u00e7a Oiapoque, com artistas locais mostrando suas obras e promo\u00e7\u00f5es especiais para o p\u00fablico.<\/li>\n<li><strong>Oficinas de Artesanato:<\/strong> Ser\u00e3o realizadas durante o final de semana, oferecendo aos interessados uma chance de aprender novas habilidades.<\/li>\n<\/ul>\n<h2>Dicas de Gastronomia para Nossa Regi\u00e3o<\/h2>\n<p>Se voc\u00ea \u00e9 apaixonado por gastronomia, a regi\u00e3o possui excelentes op\u00e7\u00f5es para atender a diversos paladares:<\/p>\n<ul>\n<li><strong>Restaurantes com Tem\u00e1tica Local:<\/strong> Experimente os pratos t\u00edpicos da culin\u00e1ria brasileira, com uma apresenta\u00e7\u00e3o que valoriza a cultura.<\/li>\n<li><strong>Caf\u00e9s e Docerias:<\/strong> N\u00e3o deixe de visitar os caf\u00e9s que oferecem degusta\u00e7\u00f5es de doces artesanais, perfeitos para um lanche da tarde.<\/li>\n<\/ul>\n<h2>An\u00e1lises de Melhores Pr\u00e1ticas Locais<\/h2>\n<p>As melhores pr\u00e1ticas empresariais e de gest\u00e3o comunit\u00e1ria s\u00e3o sempre um assunto relevante. Nesta edi\u00e7\u00e3o, destacamos:<\/p>\n<ul>\n<li><strong>Empresas Sustent\u00e1veis:<\/strong> Organiza\u00e7\u00f5es que est\u00e3o implementando pr\u00e1ticas ecol\u00f3gicas e sociais, promovendo um modo de vida mais respons\u00e1vel.<\/li>\n<li><strong>Iniciativas de Voluntariado:<\/strong> Diversos projetos locais que buscam volunt\u00e1rios para ajudar na comunidade.<\/li>\n<\/ul>\n<h2>Entrevistas Exclusivas com Personalidades<\/h2>\n<p>Entrevistas com figuras locais que impactam a comunidade tamb\u00e9m s\u00e3o uma parte essencial da edi\u00e7\u00e3o. Nesta semana, houveram conversas com:<\/p>\n<ul>\n<li><strong>Artistas Locais:<\/strong> Conhe\u00e7a os destaques da cena art\u00edstica da regi\u00e3o e suas inspira\u00e7\u00f5es.<\/li>\n<li><strong>L\u00edderes Comunit\u00e1rios:<\/strong> Discursos que trazem \u00e0 tona a import\u00e2ncia do envolvimento cidad\u00e3.<\/li>\n<\/ul>\n<h2>Destaques do Setor de Educa\u00e7\u00e3o<\/h2>\n<p>No campo da educa\u00e7\u00e3o, abordamos temas relevantes para estudantes, pais e educadores:<\/p>\n<ul>\n<li><strong>Novas Modalidades de Ensino:<\/strong> Escolas implementando m\u00e9todos inovadores de ensino que visam melhorar a efici\u00eancia e engajamento.<\/li>\n<li><strong>Eventos Educacionais:<\/strong> Palestras e workshops que est\u00e3o programados para as pr\u00f3ximas semanas.<\/li>\n<\/ul>\n<h2>Atualiza\u00e7\u00f5es do Mercado Imobili\u00e1rio<\/h2>\n<p>No setor imobili\u00e1rio, discutimos:<\/p>\n<ul>\n<li><strong>Valoriza\u00e7\u00e3o de Im\u00f3veis:<\/strong> An\u00e1lise dos novos empreendimentos na \u00e1rea e como isso impacta os pre\u00e7os.<\/li>\n<li><strong>Oportunidades de Compra:<\/strong> Dicas para quem est\u00e1 pensando em adquirir im\u00f3vel na regi\u00e3o.<\/li>\n<\/ul>\n<h2>Cultura e Lazer na Comunidade<\/h2>\n<p>Sobre cultura e lazer, a regi\u00e3o apresenta v\u00e1rias alternativas:<\/p>\n<ul>\n<li><strong>Cinema:<\/strong> N\u00e3o perca os lan\u00e7amentos dispon\u00edveis em cinemas locais, com op\u00e7\u00f5es para toda a fam\u00edlia.<\/li>\n<li><strong>Teatro:<\/strong> Espet\u00e1culos que celebram a arte e cultura, promovendo artistas e grupos da regi\u00e3o.<\/li>\n<\/ul>\n<h2>Servi\u00e7os e Oportunidades da Edi\u00e7\u00e3o<\/h2>\n<p>Por fim, esta edi\u00e7\u00e3o traz uma lista de servi\u00e7os e oportunidades:<\/p>\n<ul>\n<li><strong>Servi\u00e7os de Sa\u00fade:<\/strong> Informa\u00e7\u00f5es sobre cl\u00ednicas e oportunidades de cuidado com a sa\u00fade na regi\u00e3o.<\/li>\n<li><strong>Empregos:<\/strong> An\u00fancios de vagas abertas e dicas para se destacar no mercado de trabalho local.<\/li>\n<\/ul>\n<p>Fique sempre atualizado com as novidades de Alphaville. Para garantir que voc\u00ea tenha acesso a informa\u00e7\u00f5es \u00fateis, continue acompanhando a nossa edi\u00e7\u00e3o semanal da Folha de Alphaville!<\/p>\n\n<div style=\"font-size: 0px; height: 0px; line-height: 0px; margin: 0; padding: 0; clear: both;\"><\/div>","protected":false},"excerpt":{"rendered":"<p>Edi\u00e7\u00e3o 1125 traz novidades imperd\u00edveis e atualiza\u00e7\u00f5es importantes para todos os leitores.<\/p>\n","protected":false},"author":1,"featured_media":2983,"comment_status":"open","ping_status":"closed","sticky":false,"template":"","format":"standard","meta":{"footnotes":""},"categories":[6],"tags":[],"class_list":["post-2984","post","type-post","status-publish","format-standard","has-post-thumbnail","hentry","category-noticias-alphaville","has_thumb"],"aioseo_notices":[],"_links":{"self":[{"href":"https:\/\/www.encontraalphaville.com.br\/sobre\/wp-json\/wp\/v2\/posts\/2984","targetHints":{"allow":["GET"]}}],"collection":[{"href":"https:\/\/www.encontraalphaville.com.br\/sobre\/wp-json\/wp\/v2\/posts"}],"about":[{"href":"https:\/\/www.encontraalphaville.com.br\/sobre\/wp-json\/wp\/v2\/types\/post"}],"author":[{"embeddable":true,"href":"https:\/\/www.encontraalphaville.com.br\/sobre\/wp-json\/wp\/v2\/users\/1"}],"replies":[{"embeddable":true,"href":"https:\/\/www.encontraalphaville.com.br\/sobre\/wp-json\/wp\/v2\/comments?post=2984"}],"version-history":[{"count":0,"href":"https:\/\/www.encontraalphaville.com.br\/sobre\/wp-json\/wp\/v2\/posts\/2984\/revisions"}],"wp:featuredmedia":[{"embeddable":true,"href":"https:\/\/www.encontraalphaville.com.br\/sobre\/wp-json\/wp\/v2\/media\/2983"}],"wp:attachment":[{"href":"https:\/\/www.encontraalphaville.com.br\/sobre\/wp-json\/wp\/v2\/media?parent=2984"}],"wp:term":[{"taxonomy":"category","embeddable":true,"href":"https:\/\/www.encontraalphaville.com.br\/sobre\/wp-json\/wp\/v2\/categories?post=2984"},{"taxonomy":"post_tag","embeddable":true,"href":"https:\/\/www.encontraalphaville.com.br\/sobre\/wp-json\/wp\/v2\/tags?post=2984"}],"curies":[{"name":"wp","href":"https:\/\/api.w.org\/{rel}","templated":true}]}}