{"id":6678,"date":"2026-04-20T11:49:45","date_gmt":"2026-04-20T14:49:45","guid":{"rendered":"https:\/\/www.encontraalphaville.com.br\/guia\/justica-de-sao-paulo-determina-interdicao-do-ex\/"},"modified":"2026-04-20T11:49:45","modified_gmt":"2026-04-20T14:49:45","slug":"justica-de-sao-paulo-determina-interdicao-do-ex","status":"publish","type":"post","link":"https:\/\/www.encontraalphaville.com.br\/guia\/justica-de-sao-paulo-determina-interdicao-do-ex\/","title":{"rendered":"Justi\u00e7a de S\u00e3o Paulo determina interdi\u00e7\u00e3o do ex"},"content":{"rendered":"<h2>Decis\u00e3o Judicial<\/h2>\n<p>No dia 15 de abril de 2026, a Justi\u00e7a de S\u00e3o Paulo aprovou um pedido para a interdi\u00e7\u00e3o do ex-presidente Fernando Henrique Cardoso, que tem 94 anos. Essa decis\u00e3o foi tomada em resposta a um pedido feito por seus filhos \u2013 Paulo Henrique, Luciana e Beatriz \u2013 em decorr\u00eancia do agravamento da sa\u00fade do soci\u00f3logo, que tem Alzheimer em est\u00e1gio avan\u00e7ado.<\/p>\n<p>A determina\u00e7\u00e3o possui efeito imediato, e Paulo Henrique Cardoso foi nomeado curador provis\u00f3rio.<\/p>\n<h2>Implica\u00e7\u00f5es<\/h2>\n<p>Embora o caso esteja sob segredo de justi\u00e7a, a decis\u00e3o judicial revela que a interdi\u00e7\u00e3o tem como foco a prote\u00e7\u00e3o dos interesses de Fernando Henrique Cardoso. Os pontos centrais da determina\u00e7\u00e3o envolvem a gest\u00e3o de bens e finan\u00e7as, onde o curador assume a responsabilidade legal por todas as decis\u00f5es patrimoniais.<\/p>\n<p><img decoding=\"async\" src=\"https:\/\/www.encontraalphaville.com.br\/guia\/wp-content\/uploads\/2026\/04\/justica-de-sao-paulo-determina-interdicao-do-ex.webp\" alt=\"interdi\u00e7\u00e3o Fernando Henrique Cardoso\" loading=\"lazy\" \/><\/p>\n<p>Al\u00e9m disso, a limita\u00e7\u00e3o da curatela foi definida, restringindo sua aplica\u00e7\u00e3o aos aspectos civis e financeiros, com a finalidade de assegurar a continuidade dos cuidados necess\u00e1rios ao ex-presidente, dadas as condi\u00e7\u00f5es de sua sa\u00fade.<\/p>\n<h2>Motiva\u00e7\u00f5es por tr\u00e1s da Interdi\u00e7\u00e3o<\/h2>\n<p>A escolha pela interdi\u00e7\u00e3o foi motivada por laudos m\u00e9dicos que confirmaram a incapacidade de Fernando Henrique Cardoso em tomar decis\u00f5es financeiras e pessoais de forma aut\u00f4noma. Essa medida \u00e9 essencial para garantir que seu patrim\u00f4nio e assist\u00eancia sejam adequadamente geridos em fun\u00e7\u00e3o do seu estado de sa\u00fade.<\/p>\n<\/p>\n<h2>O Papel dos Filhos na Decis\u00e3o<\/h2>\n<p>Os filhos do ex-presidente desempenharam um papel crucial nesse processo. Paulo Henrique Cardoso foi selecionado para a curadoria devido \u00e0 rela\u00e7\u00e3o de confian\u00e7a que mant\u00e9m com seu pai, evidenciada por procura\u00e7\u00f5es j\u00e1 emitidas anteriormente. O tribunal ressaltou essa rela\u00e7\u00e3o como um dos fatores que legitimam sua nomea\u00e7\u00e3o.<\/p>\n<p>Nos meses anteriores \u00e0 interdi\u00e7\u00e3o, o filho j\u00e1 havia exercido essas fun\u00e7\u00f5es de maneira informal, facilitando a transi\u00e7\u00e3o para a formaliza\u00e7\u00e3o do processo judicial que obteve o consenso de todos os herdeiros, buscando proporcionar seguran\u00e7a jur\u00eddica na administra\u00e7\u00e3o dos bens de FHC.<\/p>\n<h2>Detalhes sobre a Condi\u00e7\u00e3o de Sa\u00fade de FHC<\/h2>\n<p>A condi\u00e7\u00e3o de sa\u00fade de Fernando Henrique Cardoso \u00e9 uma quest\u00e3o de grande preocupa\u00e7\u00e3o para a fam\u00edlia. O diagn\u00f3stico de Alzheimer em fase avan\u00e7ada gera a necessidade de cuidados especiais, n\u00e3o apenas m\u00e9dicos, mas tamb\u00e9m na gest\u00e3o de suas finan\u00e7as e propriedades. Com o agravamento de seus sintomas, a identifica\u00e7\u00e3o de um curador passou a ser uma prioridade, assegurando que ele tenha apoio e amparo adequados durante esse per\u00edodo dif\u00edcil.<\/p>\n<h2>Como Funciona a Curatela Provis\u00f3ria<\/h2>\n<p>A curatela provis\u00f3ria \u00e9 um instrumento legal que visa proteger indiv\u00edduos que n\u00e3o est\u00e3o mais em condi\u00e7\u00f5es de gerir sua pr\u00f3pria vida devido a problemas de sa\u00fade. Nesse contexto, o curador assume a responsabilidade de decidir em nome do interdito, sempre buscando o melhor interesse da pessoa sob curatela. No caso de Fernando Henrique Cardoso, isso inclui decis\u00f5es sobre sua sa\u00fade, finan\u00e7as e gest\u00e3o do patrim\u00f4nio.<\/p>\n<p>Este tipo de curatela \u00e9 fundamental para garantir que os interesses do interdito sejam respeitados, garantindo, assim, um ambiente seguro e adequado para as suas necessidades.<\/p>\n<h2>O Legado de Fernando Henrique Cardoso<\/h2>\n<p>Fernando Henrique Cardoso foi o 34\u00ba presidente do Brasil e ocupou o cargo por dois mandatos, de 1995 a 2002. \u00c9 amplamente reconhecido como um dos principais arquitetos do Plano Real, que estabilizou a economia brasileira. Sua presid\u00eancia foi marcada por significativas reformas econ\u00f4micas e sociais que moldaram o pa\u00eds nas \u00faltimas d\u00e9cadas.<\/p>\n<p>Ap\u00f3s deixar a presid\u00eancia, o ex-presidente se afastou gradualmente da vida p\u00fablica e tem levado uma rotina discreta em sua resid\u00eancia em S\u00e3o Paulo, frequentemente ausente de eventos e compromissos devido ao seu estado de sa\u00fade.<\/p>\n<h2>Rea\u00e7\u00f5es da Sociedade e Imprensa<\/h2>\n<p>A not\u00edcia da interdi\u00e7\u00e3o de Fernando Henrique Cardoso gerou diversas rea\u00e7\u00f5es na sociedade e na imprensa, levantando discuss\u00f5es sobre a sa\u00fade e a longevidade de l\u00edderes p\u00fablicos e a necessidade de cuidados adequados \u00e0 medida que a idade avan\u00e7a. A an\u00e1lise da condi\u00e7\u00e3o de sa\u00fade do ex-presidente tamb\u00e9m trouxe \u00e0 tona preocupa\u00e7\u00f5es sobre o impacto das doen\u00e7as degenerativas na dignidade e na qualidade de vida dos indiv\u00edduos em cargos p\u00fablicos.<\/p>\n<h2>Aspectos Legais da Interdi\u00e7\u00e3o<\/h2>\n<p>O processo de interdi\u00e7\u00e3o, fundamental para proteger os interesses de indiv\u00edduos cujas capacidades est\u00e3o comprometidas, \u00e9 regulado por uma s\u00e9rie de normas legais. A Justi\u00e7a, ao aceitar o pedido de interdi\u00e7\u00e3o, assume a responsabilidade de garantir que a pessoa interditada receba os cuidados essenciais, podendo a qualquer momento reavaliar a situa\u00e7\u00e3o da sa\u00fade e das necessidades do interdito a fim de adequar a curatela.<\/p>\n<h2>O Futuro da Gest\u00e3o Patrimonial de FHC<\/h2>\n<p>Com a nomea\u00e7\u00e3o de Paulo Henrique Cardoso como curador provis\u00f3rio, a gest\u00e3o do patrim\u00f4nio de Fernando Henrique Cardoso entra em uma nova fase. As decis\u00f5es que devem ser tomadas envolvem o cuidado cont\u00ednuo da fam\u00edlia com o ex-presidente, al\u00e9m da administra\u00e7\u00e3o financeira necess\u00e1ria para preservar os bens do ex-presidente e garantir que seus interesses sejam atendidos adequadamente ao longo deste per\u00edodo.<\/p>\n<h2>Reflex\u00f5es sobre a Longevidade e Sa\u00fade<\/h2>\n<p>A situa\u00e7\u00e3o de Fernando Henrique Cardoso levanta reflex\u00f5es importantes sobre a longevidade, cuidados de sa\u00fade e o papel da fam\u00edlia. \u00c0 medida que a expectativa de vida aumenta, \u00e9 vital discutir como as sociedades podem oferecer suporte efetivo aos idosos, garantindo que mantenham qualidade de vida e dignidade. A interdi\u00e7\u00e3o, neste contexto, serve como um lembrete da import\u00e2ncia de estar preparado para cuidar dos mais velhos e de considerar quest\u00f5es legais que possam surgir com o avan\u00e7ar da idade.<\/p>\n","protected":false},"excerpt":{"rendered":"<p>Justi\u00e7a de S\u00e3o Paulo decide pela interdi\u00e7\u00e3o do ex-presidente Fernando Henrique Cardoso. Descubra detalhes!<\/p>\n","protected":false},"author":1,"featured_media":6677,"comment_status":"open","ping_status":"open","sticky":false,"template":"","format":"standard","meta":{"footnotes":""},"categories":[5],"tags":[],"class_list":["post-6678","post","type-post","status-publish","format-standard","has-post-thumbnail","hentry","category-noticias","has_thumb"],"yoast_head":"<!-- This site is optimized with the Yoast SEO plugin v26.4 - https:\/\/yoast.com\/wordpress\/plugins\/seo\/ -->\n<title>Justi\u00e7a de S\u00e3o Paulo determina interdi\u00e7\u00e3o do ex | Guia Comercial de Alphaville SP<\/title>\n<meta name=\"robots\" content=\"index, follow, max-snippet:-1, max-image-preview:large, max-video-preview:-1\" \/>\n<link rel=\"canonical\" href=\"https:\/\/www.encontraalphaville.com.br\/guia\/justica-de-sao-paulo-determina-interdicao-do-ex\/\" \/>\n<meta property=\"og:locale\" content=\"pt_BR\" \/>\n<meta property=\"og:type\" content=\"article\" \/>\n<meta property=\"og:title\" content=\"Justi\u00e7a de S\u00e3o Paulo determina interdi\u00e7\u00e3o do ex | Guia Comercial de Alphaville SP\" \/>\n<meta property=\"og:description\" content=\"Justi\u00e7a de S\u00e3o Paulo decide pela interdi\u00e7\u00e3o do ex-presidente Fernando Henrique Cardoso. Descubra detalhes!\" \/>\n<meta property=\"og:url\" content=\"https:\/\/www.encontraalphaville.com.br\/guia\/justica-de-sao-paulo-determina-interdicao-do-ex\/\" \/>\n<meta property=\"og:site_name\" content=\"Guia Comercial de Alphaville SP\" \/>\n<meta property=\"article:published_time\" content=\"2026-04-20T14:49:45+00:00\" \/>\n<meta property=\"og:image\" content=\"https:\/\/www.encontraalphaville.com.br\/guia\/wp-content\/uploads\/2026\/04\/justica-de-sao-paulo-determina-interdicao-do-ex.webp\" \/>\n<meta name=\"author\" content=\"Encontra Alphaville\" \/>\n<meta name=\"twitter:card\" content=\"summary_large_image\" \/>\n<meta name=\"twitter:label1\" content=\"Escrito por\" \/>\n\t<meta name=\"twitter:data1\" content=\"Encontra Alphaville\" \/>\n\t<meta name=\"twitter:label2\" content=\"Est. tempo de leitura\" \/>\n\t<meta name=\"twitter:data2\" content=\"5 minutos\" \/>\n<script type=\"application\/ld+json\" class=\"yoast-schema-graph\">{\"@context\":\"https:\/\/schema.org\",\"@graph\":[{\"@type\":\"WebPage\",\"@id\":\"https:\/\/www.encontraalphaville.com.br\/guia\/justica-de-sao-paulo-determina-interdicao-do-ex\/\",\"url\":\"https:\/\/www.encontraalphaville.com.br\/guia\/justica-de-sao-paulo-determina-interdicao-do-ex\/\",\"name\":\"Justi\u00e7a de S\u00e3o Paulo determina interdi\u00e7\u00e3o do ex | Guia Comercial de Alphaville SP\",\"isPartOf\":{\"@id\":\"https:\/\/www.encontraalphaville.com.br\/guia\/#website\"},\"primaryImageOfPage\":{\"@id\":\"https:\/\/www.encontraalphaville.com.br\/guia\/justica-de-sao-paulo-determina-interdicao-do-ex\/#primaryimage\"},\"image\":{\"@id\":\"https:\/\/www.encontraalphaville.com.br\/guia\/justica-de-sao-paulo-determina-interdicao-do-ex\/#primaryimage\"},\"thumbnailUrl\":\"https:\/\/www.encontraalphaville.com.br\/guia\/wp-content\/uploads\/2026\/04\/justica-de-sao-paulo-determina-interdicao-do-ex.webp\",\"datePublished\":\"2026-04-20T14:49:45+00:00\",\"author\":{\"@id\":\"https:\/\/www.encontraalphaville.com.br\/guia\/#\/schema\/person\/a48592ba2de82cdaeeef25afa1c4bc6a\"},\"inLanguage\":\"pt-BR\",\"potentialAction\":[{\"@type\":\"ReadAction\",\"target\":[\"https:\/\/www.encontraalphaville.com.br\/guia\/justica-de-sao-paulo-determina-interdicao-do-ex\/\"]}]},{\"@type\":\"ImageObject\",\"inLanguage\":\"pt-BR\",\"@id\":\"https:\/\/www.encontraalphaville.com.br\/guia\/justica-de-sao-paulo-determina-interdicao-do-ex\/#primaryimage\",\"url\":\"https:\/\/www.encontraalphaville.com.br\/guia\/wp-content\/uploads\/2026\/04\/justica-de-sao-paulo-determina-interdicao-do-ex.webp\",\"contentUrl\":\"https:\/\/www.encontraalphaville.com.br\/guia\/wp-content\/uploads\/2026\/04\/justica-de-sao-paulo-determina-interdicao-do-ex.webp\",\"width\":280,\"height\":280,\"caption\":\"interdi\u00e7\u00e3o Fernando Henrique Cardoso\"},{\"@type\":\"WebSite\",\"@id\":\"https:\/\/www.encontraalphaville.com.br\/guia\/#website\",\"url\":\"https:\/\/www.encontraalphaville.com.br\/guia\/\",\"name\":\"Guia Comercial de Alphaville SP\",\"description\":\"ENCONTRA ALPHAVILLE - O guia comercial de neg\u00f3cios e empresas, cultura e divers\u00e3o no bairro de Alphaville. Feito 100% para voc\u00ea morador!\",\"potentialAction\":[{\"@type\":\"SearchAction\",\"target\":{\"@type\":\"EntryPoint\",\"urlTemplate\":\"https:\/\/www.encontraalphaville.com.br\/guia\/?s={search_term_string}\"},\"query-input\":{\"@type\":\"PropertyValueSpecification\",\"valueRequired\":true,\"valueName\":\"search_term_string\"}}],\"inLanguage\":\"pt-BR\"},{\"@type\":\"Person\",\"@id\":\"https:\/\/www.encontraalphaville.com.br\/guia\/#\/schema\/person\/a48592ba2de82cdaeeef25afa1c4bc6a\",\"name\":\"Encontra Alphaville\",\"image\":{\"@type\":\"ImageObject\",\"inLanguage\":\"pt-BR\",\"@id\":\"https:\/\/www.encontraalphaville.com.br\/guia\/#\/schema\/person\/image\/\",\"url\":\"https:\/\/secure.gravatar.com\/avatar\/c50c17820bcf322f0a8fd6b110b8c0918141409dc69076470f6fca5fee70a5d4?s=96&d=mm&r=g\",\"contentUrl\":\"https:\/\/secure.gravatar.com\/avatar\/c50c17820bcf322f0a8fd6b110b8c0918141409dc69076470f6fca5fee70a5d4?s=96&d=mm&r=g\",\"caption\":\"Encontra Alphaville\"},\"url\":\"https:\/\/www.encontraalphaville.com.br\/guia\/author\/encontraalphaville\/\"}]}<\/script>\n<!-- \/ Yoast SEO plugin. -->","yoast_head_json":{"title":"Justi\u00e7a de S\u00e3o Paulo determina interdi\u00e7\u00e3o do ex | Guia Comercial de Alphaville SP","robots":{"index":"index","follow":"follow","max-snippet":"max-snippet:-1","max-image-preview":"max-image-preview:large","max-video-preview":"max-video-preview:-1"},"canonical":"https:\/\/www.encontraalphaville.com.br\/guia\/justica-de-sao-paulo-determina-interdicao-do-ex\/","og_locale":"pt_BR","og_type":"article","og_title":"Justi\u00e7a de S\u00e3o Paulo determina interdi\u00e7\u00e3o do ex | Guia Comercial de Alphaville SP","og_description":"Justi\u00e7a de S\u00e3o Paulo decide pela interdi\u00e7\u00e3o do ex-presidente Fernando Henrique Cardoso. Descubra detalhes!","og_url":"https:\/\/www.encontraalphaville.com.br\/guia\/justica-de-sao-paulo-determina-interdicao-do-ex\/","og_site_name":"Guia Comercial de Alphaville SP","article_published_time":"2026-04-20T14:49:45+00:00","og_image":[{"url":"https:\/\/www.encontraalphaville.com.br\/guia\/wp-content\/uploads\/2026\/04\/justica-de-sao-paulo-determina-interdicao-do-ex.webp","type":"","width":"","height":""}],"author":"Encontra Alphaville","twitter_card":"summary_large_image","twitter_misc":{"Escrito por":"Encontra Alphaville","Est. tempo de leitura":"5 minutos"},"schema":{"@context":"https:\/\/schema.org","@graph":[{"@type":"WebPage","@id":"https:\/\/www.encontraalphaville.com.br\/guia\/justica-de-sao-paulo-determina-interdicao-do-ex\/","url":"https:\/\/www.encontraalphaville.com.br\/guia\/justica-de-sao-paulo-determina-interdicao-do-ex\/","name":"Justi\u00e7a de S\u00e3o Paulo determina interdi\u00e7\u00e3o do ex | Guia Comercial de Alphaville SP","isPartOf":{"@id":"https:\/\/www.encontraalphaville.com.br\/guia\/#website"},"primaryImageOfPage":{"@id":"https:\/\/www.encontraalphaville.com.br\/guia\/justica-de-sao-paulo-determina-interdicao-do-ex\/#primaryimage"},"image":{"@id":"https:\/\/www.encontraalphaville.com.br\/guia\/justica-de-sao-paulo-determina-interdicao-do-ex\/#primaryimage"},"thumbnailUrl":"https:\/\/www.encontraalphaville.com.br\/guia\/wp-content\/uploads\/2026\/04\/justica-de-sao-paulo-determina-interdicao-do-ex.webp","datePublished":"2026-04-20T14:49:45+00:00","author":{"@id":"https:\/\/www.encontraalphaville.com.br\/guia\/#\/schema\/person\/a48592ba2de82cdaeeef25afa1c4bc6a"},"inLanguage":"pt-BR","potentialAction":[{"@type":"ReadAction","target":["https:\/\/www.encontraalphaville.com.br\/guia\/justica-de-sao-paulo-determina-interdicao-do-ex\/"]}]},{"@type":"ImageObject","inLanguage":"pt-BR","@id":"https:\/\/www.encontraalphaville.com.br\/guia\/justica-de-sao-paulo-determina-interdicao-do-ex\/#primaryimage","url":"https:\/\/www.encontraalphaville.com.br\/guia\/wp-content\/uploads\/2026\/04\/justica-de-sao-paulo-determina-interdicao-do-ex.webp","contentUrl":"https:\/\/www.encontraalphaville.com.br\/guia\/wp-content\/uploads\/2026\/04\/justica-de-sao-paulo-determina-interdicao-do-ex.webp","width":280,"height":280,"caption":"interdi\u00e7\u00e3o Fernando Henrique Cardoso"},{"@type":"WebSite","@id":"https:\/\/www.encontraalphaville.com.br\/guia\/#website","url":"https:\/\/www.encontraalphaville.com.br\/guia\/","name":"Guia Comercial de Alphaville SP","description":"ENCONTRA ALPHAVILLE - O guia comercial de neg\u00f3cios e empresas, cultura e divers\u00e3o no bairro de Alphaville. Feito 100% para voc\u00ea morador!","potentialAction":[{"@type":"SearchAction","target":{"@type":"EntryPoint","urlTemplate":"https:\/\/www.encontraalphaville.com.br\/guia\/?s={search_term_string}"},"query-input":{"@type":"PropertyValueSpecification","valueRequired":true,"valueName":"search_term_string"}}],"inLanguage":"pt-BR"},{"@type":"Person","@id":"https:\/\/www.encontraalphaville.com.br\/guia\/#\/schema\/person\/a48592ba2de82cdaeeef25afa1c4bc6a","name":"Encontra Alphaville","image":{"@type":"ImageObject","inLanguage":"pt-BR","@id":"https:\/\/www.encontraalphaville.com.br\/guia\/#\/schema\/person\/image\/","url":"https:\/\/secure.gravatar.com\/avatar\/c50c17820bcf322f0a8fd6b110b8c0918141409dc69076470f6fca5fee70a5d4?s=96&d=mm&r=g","contentUrl":"https:\/\/secure.gravatar.com\/avatar\/c50c17820bcf322f0a8fd6b110b8c0918141409dc69076470f6fca5fee70a5d4?s=96&d=mm&r=g","caption":"Encontra Alphaville"},"url":"https:\/\/www.encontraalphaville.com.br\/guia\/author\/encontraalphaville\/"}]}},"_links":{"self":[{"href":"https:\/\/www.encontraalphaville.com.br\/guia\/wp-json\/wp\/v2\/posts\/6678","targetHints":{"allow":["GET"]}}],"collection":[{"href":"https:\/\/www.encontraalphaville.com.br\/guia\/wp-json\/wp\/v2\/posts"}],"about":[{"href":"https:\/\/www.encontraalphaville.com.br\/guia\/wp-json\/wp\/v2\/types\/post"}],"author":[{"embeddable":true,"href":"https:\/\/www.encontraalphaville.com.br\/guia\/wp-json\/wp\/v2\/users\/1"}],"replies":[{"embeddable":true,"href":"https:\/\/www.encontraalphaville.com.br\/guia\/wp-json\/wp\/v2\/comments?post=6678"}],"version-history":[{"count":0,"href":"https:\/\/www.encontraalphaville.com.br\/guia\/wp-json\/wp\/v2\/posts\/6678\/revisions"}],"wp:featuredmedia":[{"embeddable":true,"href":"https:\/\/www.encontraalphaville.com.br\/guia\/wp-json\/wp\/v2\/media\/6677"}],"wp:attachment":[{"href":"https:\/\/www.encontraalphaville.com.br\/guia\/wp-json\/wp\/v2\/media?parent=6678"}],"wp:term":[{"taxonomy":"category","embeddable":true,"href":"https:\/\/www.encontraalphaville.com.br\/guia\/wp-json\/wp\/v2\/categories?post=6678"},{"taxonomy":"post_tag","embeddable":true,"href":"https:\/\/www.encontraalphaville.com.br\/guia\/wp-json\/wp\/v2\/tags?post=6678"}],"curies":[{"name":"wp","href":"https:\/\/api.w.org\/{rel}","templated":true}]}}