{"id":6664,"date":"2026-04-17T11:31:09","date_gmt":"2026-04-17T14:31:09","guid":{"rendered":"https:\/\/www.encontraalphaville.com.br\/guia\/enel-iniciou-nesta-quinta-16-forca\/"},"modified":"2026-04-17T11:31:09","modified_gmt":"2026-04-17T14:31:09","slug":"enel-iniciou-nesta-quinta-16-forca","status":"publish","type":"post","link":"https:\/\/www.encontraalphaville.com.br\/guia\/enel-iniciou-nesta-quinta-16-forca\/","title":{"rendered":"Enel iniciou nesta quinta (16) for\u00e7a"},"content":{"rendered":"<h2>Objetivo da For\u00e7a-Tarefa<\/h2>\n<p>Iniciada na quinta-feira, 16 de abril, uma opera\u00e7\u00e3o especial foi lan\u00e7ada para a remo\u00e7\u00e3o de cabos de telecomunica\u00e7\u00e3o irregulares na cidade de Barueri, realizada pela Enel Distribui\u00e7\u00e3o S\u00e3o Paulo. O principal objetivo desta for\u00e7a-tarefa \u00e9 assegurar a seguran\u00e7a da popula\u00e7\u00e3o, organizar a infraestrutura da cidade e eliminar a polui\u00e7\u00e3o visual provocada pelo excesso de fios. Essa a\u00e7\u00e3o busca tamb\u00e9m garantir que os servi\u00e7os de energia el\u00e9trica sejam mantidos sem interrup\u00e7\u00f5es.<\/p>\n<h2>Vias que Receber\u00e3o a A\u00e7\u00e3o<\/h2>\n<p>A opera\u00e7\u00e3o abranger\u00e1 24 vias no munic\u00edpio, contribuindo para a melhoria da paisagem urbana, especialmente nas regi\u00f5es de Alphaville e Tambor\u00e9. As vias a serem atendidas incluem:<\/p>\n<ul>\n<li>Alameda Araguaia<\/li>\n<li>Estrada Doutor C\u00edcero Borges de Morai<\/li>\n<li>Avenida Doutor Dib Sauaia Neto<\/li>\n<li>SP-274 (Rodovia Engenheiro Ren\u00ea Benedito da Silva)<\/li>\n<li>Estrada Doutor Yojiro Takaoka<\/li>\n<li>SP-312 (Estrada dos Romeiros)<\/li>\n<li>Avenida Tucunar\u00e9<\/li>\n<li>Avenida Cachoeira<\/li>\n<li>Avenida Brigadeiro Manoel Rodrigues Jord\u00e3o<\/li>\n<li>Avenida Tambor\u00e9<\/li>\n<li>Avenida S\u00e3o Paulo<\/li>\n<li>Avenida Piramboia<\/li>\n<li>Avenida An\u00edbal Correia<\/li>\n<li>Alameda Rio Negro<\/li>\n<li>Avenida Henrique Gon\u00e7alves Baptista<\/li>\n<li>Avenida Prefeito Jo\u00e3o Vilallobo Quero<\/li>\n<li>Avenida Aruan\u0101<\/li>\n<li>Avenida Piracema<\/li>\n<li>Estrada dos Pinheiros<\/li>\n<li>Estrada das Pitas<\/li>\n<li>Alameda Amazonas<\/li>\n<li>Alameda Tocantins<\/li>\n<li>Avenida Campinas<\/li>\n<li>Estrada dos Alpes<\/li>\n<\/ul>\n<h2>Impacto na Seguran\u00e7a P\u00fablica<\/h2>\n<p>A remo\u00e7\u00e3o dos cabos irregulares \u00e9 uma medida significativa para a seguran\u00e7a da popula\u00e7\u00e3o. Cabos sem autoriza\u00e7\u00e3o podem apresentar riscos, como quedas ou problemas el\u00e9tricos. A Enel prioriza a limpeza de \u00e1reas que possam representar perigo, contribuindo assim para um ambiente mais seguro para todos os cidad\u00e3os.<\/p>\n<p><img decoding=\"async\" src=\"https:\/\/www.encontraalphaville.com.br\/guia\/wp-content\/uploads\/2026\/04\/enel-iniciou-nesta-quinta-16-forca.webp\" alt=\"for\u00e7a-tarefa para retirada de cabos irregulares\" loading=\"lazy\" \/><\/p>\n<h2>Melhoria na Infraestrutura Urbana<\/h2>\n<p>A presen\u00e7a excessiva de fios e cabos na via p\u00fablica n\u00e3o apenas compromete a est\u00e9tica urbana, mas tamb\u00e9m pode obstruir a passagem e dificultar a manuten\u00e7\u00e3o dos servi\u00e7os. Com a efici\u00eancia desta a\u00e7\u00e3o, espera-se que a infraestrutura urbana da cidade se torne mais organizada, beneficiando o tr\u00e1fego e a acessibilidade, promovendo um espa\u00e7o p\u00fablico mais agrad\u00e1vel.<\/p>\n<h2>Hist\u00f3rico de Retiradas de Cabos Irregulares<\/h2>\n<p>A Enel j\u00e1 tem um hist\u00f3rico de a\u00e7\u00f5es bem-sucedidas de remo\u00e7\u00e3o de cabos irregulares em diversas cidades desde o ano passado. At\u00e9 este momento, foram retiradas 75,9 toneladas de cabos que n\u00e3o estavam devidamente autorizados. Somente no in\u00edcio deste ano, iniciativas semelhantes foram implementadas em Cotia, Santo Andr\u00e9 e Diadema, com resultados positivos que incluem a fiscaliza\u00e7\u00e3o de mais de 37 mil postes e a remo\u00e7\u00e3o de 14,1 toneladas de fios.<\/p>\n<h2>Colabora\u00e7\u00e3o com Empresas de Telecomunica\u00e7\u00e3o<\/h2>\n<p>Durante a execu\u00e7\u00e3o da for\u00e7a-tarefa, as empresas de telecomunica\u00e7\u00f5es que mant\u00eam contratos regulares com a Enel ser\u00e3o notificadas previamente. Elas est\u00e3o sendo convidadas a acompanhar e colaborar nos esfor\u00e7os para o reordenamento de suas redes. Essa colabora\u00e7\u00e3o \u00e9 vital para assegurar que a remo\u00e7\u00e3o e manuten\u00e7\u00e3o das linhas siga diretrizes seguras e organizadas.<\/p>\n<h2>Benef\u00edcios para a Popula\u00e7\u00e3o<\/h2>\n<p>Al\u00e9m de melhorar a seguran\u00e7a e a organiza\u00e7\u00e3o da cidade, a a\u00e7\u00e3o de remo\u00e7\u00e3o de cabos irregular ir\u00e1 proporcionar diversos benef\u00edcios para a popula\u00e7\u00e3o. A expectativa \u00e9 que haja uma melhoria geral na qualidade de vida dos moradores, com redu\u00e7\u00e3o dos riscos e, ao mesmo tempo, uma paisagem urbana mais limpa e harmoniosa, aumentando o bem-estar e a satisfa\u00e7\u00e3o da comunidade.<\/p>\n<h2>Dura\u00e7\u00e3o das Atividades<\/h2>\n<p>A tarefa de remo\u00e7\u00e3o est\u00e1 programada para se estender at\u00e9 o final de junho, cobrindo as 24 vias estabelecidas. Esse cronograma otimiza o trabalho dos operadores e permite que as equipes atuem de forma coordenada para garantir a efici\u00eancia das opera\u00e7\u00f5es.<\/p>\n<h2>Como a A\u00e7\u00e3o Ser\u00e1 Realizada<\/h2>\n<p>A Enel mobilizar\u00e1 suas equipes para realizar a remo\u00e7\u00e3o dos cabos de forma segura e eficiente. O processo envolve a identifica\u00e7\u00e3o dos cabos irregulares, notifica\u00e7\u00e3o das empresas respons\u00e1veis quando aplic\u00e1vel, e a remo\u00e7\u00e3o f\u00edsica dos fios, utilizando equipamentos adequados para assegurar a seguran\u00e7a dos oper\u00e1rios e da popula\u00e7\u00e3o durante todo o processo.<\/p>\n<h2>Pr\u00f3ximos Passos e Expectativas<\/h2>\n<p>\u00c0 medida que a for\u00e7a-tarefa avan\u00e7a, a expectativa \u00e9 que mais cidades se beneficiem desse modelo de opera\u00e7\u00e3o e que a comunidade veja resultados positivos. A Enel continuar\u00e1 a monitorar a situa\u00e7\u00e3o das infraestruturas urbanas e planejar\u00e1 futuras a\u00e7\u00f5es de limpeza, reafirmando seu compromisso com a seguran\u00e7a e a est\u00e9tica da regi\u00e3o.<\/p>\n","protected":false},"excerpt":{"rendered":"<p>Enel iniciou a retirada de cabos irregulares em Barueri, garantindo seguran\u00e7a e organiza\u00e7\u00e3o.<\/p>\n","protected":false},"author":1,"featured_media":6663,"comment_status":"open","ping_status":"open","sticky":false,"template":"","format":"standard","meta":{"footnotes":""},"categories":[5],"tags":[],"class_list":["post-6664","post","type-post","status-publish","format-standard","has-post-thumbnail","hentry","category-noticias","has_thumb"],"yoast_head":"<!-- This site is optimized with the Yoast SEO plugin v26.4 - https:\/\/yoast.com\/wordpress\/plugins\/seo\/ -->\n<title>Enel iniciou nesta quinta (16) for\u00e7a | Guia Comercial de Alphaville SP<\/title>\n<meta name=\"robots\" content=\"index, follow, max-snippet:-1, max-image-preview:large, max-video-preview:-1\" \/>\n<link rel=\"canonical\" href=\"https:\/\/www.encontraalphaville.com.br\/guia\/enel-iniciou-nesta-quinta-16-forca\/\" \/>\n<meta property=\"og:locale\" content=\"pt_BR\" \/>\n<meta property=\"og:type\" content=\"article\" \/>\n<meta property=\"og:title\" content=\"Enel iniciou nesta quinta (16) for\u00e7a | Guia Comercial de Alphaville SP\" \/>\n<meta property=\"og:description\" content=\"Enel iniciou a retirada de cabos irregulares em Barueri, garantindo seguran\u00e7a e organiza\u00e7\u00e3o.\" \/>\n<meta property=\"og:url\" content=\"https:\/\/www.encontraalphaville.com.br\/guia\/enel-iniciou-nesta-quinta-16-forca\/\" \/>\n<meta property=\"og:site_name\" content=\"Guia Comercial de Alphaville SP\" \/>\n<meta property=\"article:published_time\" content=\"2026-04-17T14:31:09+00:00\" \/>\n<meta property=\"og:image\" content=\"https:\/\/www.encontraalphaville.com.br\/guia\/wp-content\/uploads\/2026\/04\/enel-iniciou-nesta-quinta-16-forca.webp\" \/>\n<meta name=\"author\" content=\"Encontra Alphaville\" \/>\n<meta name=\"twitter:card\" content=\"summary_large_image\" \/>\n<meta name=\"twitter:label1\" content=\"Escrito por\" \/>\n\t<meta name=\"twitter:data1\" content=\"Encontra Alphaville\" \/>\n\t<meta name=\"twitter:label2\" content=\"Est. tempo de leitura\" \/>\n\t<meta name=\"twitter:data2\" content=\"4 minutos\" \/>\n<script type=\"application\/ld+json\" class=\"yoast-schema-graph\">{\"@context\":\"https:\/\/schema.org\",\"@graph\":[{\"@type\":\"WebPage\",\"@id\":\"https:\/\/www.encontraalphaville.com.br\/guia\/enel-iniciou-nesta-quinta-16-forca\/\",\"url\":\"https:\/\/www.encontraalphaville.com.br\/guia\/enel-iniciou-nesta-quinta-16-forca\/\",\"name\":\"Enel iniciou nesta quinta (16) for\u00e7a | Guia Comercial de Alphaville SP\",\"isPartOf\":{\"@id\":\"https:\/\/www.encontraalphaville.com.br\/guia\/#website\"},\"primaryImageOfPage\":{\"@id\":\"https:\/\/www.encontraalphaville.com.br\/guia\/enel-iniciou-nesta-quinta-16-forca\/#primaryimage\"},\"image\":{\"@id\":\"https:\/\/www.encontraalphaville.com.br\/guia\/enel-iniciou-nesta-quinta-16-forca\/#primaryimage\"},\"thumbnailUrl\":\"https:\/\/www.encontraalphaville.com.br\/guia\/wp-content\/uploads\/2026\/04\/enel-iniciou-nesta-quinta-16-forca.webp\",\"datePublished\":\"2026-04-17T14:31:09+00:00\",\"author\":{\"@id\":\"https:\/\/www.encontraalphaville.com.br\/guia\/#\/schema\/person\/a48592ba2de82cdaeeef25afa1c4bc6a\"},\"inLanguage\":\"pt-BR\",\"potentialAction\":[{\"@type\":\"ReadAction\",\"target\":[\"https:\/\/www.encontraalphaville.com.br\/guia\/enel-iniciou-nesta-quinta-16-forca\/\"]}]},{\"@type\":\"ImageObject\",\"inLanguage\":\"pt-BR\",\"@id\":\"https:\/\/www.encontraalphaville.com.br\/guia\/enel-iniciou-nesta-quinta-16-forca\/#primaryimage\",\"url\":\"https:\/\/www.encontraalphaville.com.br\/guia\/wp-content\/uploads\/2026\/04\/enel-iniciou-nesta-quinta-16-forca.webp\",\"contentUrl\":\"https:\/\/www.encontraalphaville.com.br\/guia\/wp-content\/uploads\/2026\/04\/enel-iniciou-nesta-quinta-16-forca.webp\",\"width\":280,\"height\":280,\"caption\":\"for\u00e7a-tarefa para retirada de cabos irregulares\"},{\"@type\":\"WebSite\",\"@id\":\"https:\/\/www.encontraalphaville.com.br\/guia\/#website\",\"url\":\"https:\/\/www.encontraalphaville.com.br\/guia\/\",\"name\":\"Guia Comercial de Alphaville SP\",\"description\":\"ENCONTRA ALPHAVILLE - O guia comercial de neg\u00f3cios e empresas, cultura e divers\u00e3o no bairro de Alphaville. Feito 100% para voc\u00ea morador!\",\"potentialAction\":[{\"@type\":\"SearchAction\",\"target\":{\"@type\":\"EntryPoint\",\"urlTemplate\":\"https:\/\/www.encontraalphaville.com.br\/guia\/?s={search_term_string}\"},\"query-input\":{\"@type\":\"PropertyValueSpecification\",\"valueRequired\":true,\"valueName\":\"search_term_string\"}}],\"inLanguage\":\"pt-BR\"},{\"@type\":\"Person\",\"@id\":\"https:\/\/www.encontraalphaville.com.br\/guia\/#\/schema\/person\/a48592ba2de82cdaeeef25afa1c4bc6a\",\"name\":\"Encontra Alphaville\",\"image\":{\"@type\":\"ImageObject\",\"inLanguage\":\"pt-BR\",\"@id\":\"https:\/\/www.encontraalphaville.com.br\/guia\/#\/schema\/person\/image\/\",\"url\":\"https:\/\/secure.gravatar.com\/avatar\/c50c17820bcf322f0a8fd6b110b8c0918141409dc69076470f6fca5fee70a5d4?s=96&d=mm&r=g\",\"contentUrl\":\"https:\/\/secure.gravatar.com\/avatar\/c50c17820bcf322f0a8fd6b110b8c0918141409dc69076470f6fca5fee70a5d4?s=96&d=mm&r=g\",\"caption\":\"Encontra Alphaville\"},\"url\":\"https:\/\/www.encontraalphaville.com.br\/guia\/author\/encontraalphaville\/\"}]}<\/script>\n<!-- \/ Yoast SEO plugin. -->","yoast_head_json":{"title":"Enel iniciou nesta quinta (16) for\u00e7a | Guia Comercial de Alphaville SP","robots":{"index":"index","follow":"follow","max-snippet":"max-snippet:-1","max-image-preview":"max-image-preview:large","max-video-preview":"max-video-preview:-1"},"canonical":"https:\/\/www.encontraalphaville.com.br\/guia\/enel-iniciou-nesta-quinta-16-forca\/","og_locale":"pt_BR","og_type":"article","og_title":"Enel iniciou nesta quinta (16) for\u00e7a | Guia Comercial de Alphaville SP","og_description":"Enel iniciou a retirada de cabos irregulares em Barueri, garantindo seguran\u00e7a e organiza\u00e7\u00e3o.","og_url":"https:\/\/www.encontraalphaville.com.br\/guia\/enel-iniciou-nesta-quinta-16-forca\/","og_site_name":"Guia Comercial de Alphaville SP","article_published_time":"2026-04-17T14:31:09+00:00","og_image":[{"url":"https:\/\/www.encontraalphaville.com.br\/guia\/wp-content\/uploads\/2026\/04\/enel-iniciou-nesta-quinta-16-forca.webp","type":"","width":"","height":""}],"author":"Encontra Alphaville","twitter_card":"summary_large_image","twitter_misc":{"Escrito por":"Encontra Alphaville","Est. tempo de leitura":"4 minutos"},"schema":{"@context":"https:\/\/schema.org","@graph":[{"@type":"WebPage","@id":"https:\/\/www.encontraalphaville.com.br\/guia\/enel-iniciou-nesta-quinta-16-forca\/","url":"https:\/\/www.encontraalphaville.com.br\/guia\/enel-iniciou-nesta-quinta-16-forca\/","name":"Enel iniciou nesta quinta (16) for\u00e7a | Guia Comercial de Alphaville SP","isPartOf":{"@id":"https:\/\/www.encontraalphaville.com.br\/guia\/#website"},"primaryImageOfPage":{"@id":"https:\/\/www.encontraalphaville.com.br\/guia\/enel-iniciou-nesta-quinta-16-forca\/#primaryimage"},"image":{"@id":"https:\/\/www.encontraalphaville.com.br\/guia\/enel-iniciou-nesta-quinta-16-forca\/#primaryimage"},"thumbnailUrl":"https:\/\/www.encontraalphaville.com.br\/guia\/wp-content\/uploads\/2026\/04\/enel-iniciou-nesta-quinta-16-forca.webp","datePublished":"2026-04-17T14:31:09+00:00","author":{"@id":"https:\/\/www.encontraalphaville.com.br\/guia\/#\/schema\/person\/a48592ba2de82cdaeeef25afa1c4bc6a"},"inLanguage":"pt-BR","potentialAction":[{"@type":"ReadAction","target":["https:\/\/www.encontraalphaville.com.br\/guia\/enel-iniciou-nesta-quinta-16-forca\/"]}]},{"@type":"ImageObject","inLanguage":"pt-BR","@id":"https:\/\/www.encontraalphaville.com.br\/guia\/enel-iniciou-nesta-quinta-16-forca\/#primaryimage","url":"https:\/\/www.encontraalphaville.com.br\/guia\/wp-content\/uploads\/2026\/04\/enel-iniciou-nesta-quinta-16-forca.webp","contentUrl":"https:\/\/www.encontraalphaville.com.br\/guia\/wp-content\/uploads\/2026\/04\/enel-iniciou-nesta-quinta-16-forca.webp","width":280,"height":280,"caption":"for\u00e7a-tarefa para retirada de cabos irregulares"},{"@type":"WebSite","@id":"https:\/\/www.encontraalphaville.com.br\/guia\/#website","url":"https:\/\/www.encontraalphaville.com.br\/guia\/","name":"Guia Comercial de Alphaville SP","description":"ENCONTRA ALPHAVILLE - O guia comercial de neg\u00f3cios e empresas, cultura e divers\u00e3o no bairro de Alphaville. Feito 100% para voc\u00ea morador!","potentialAction":[{"@type":"SearchAction","target":{"@type":"EntryPoint","urlTemplate":"https:\/\/www.encontraalphaville.com.br\/guia\/?s={search_term_string}"},"query-input":{"@type":"PropertyValueSpecification","valueRequired":true,"valueName":"search_term_string"}}],"inLanguage":"pt-BR"},{"@type":"Person","@id":"https:\/\/www.encontraalphaville.com.br\/guia\/#\/schema\/person\/a48592ba2de82cdaeeef25afa1c4bc6a","name":"Encontra Alphaville","image":{"@type":"ImageObject","inLanguage":"pt-BR","@id":"https:\/\/www.encontraalphaville.com.br\/guia\/#\/schema\/person\/image\/","url":"https:\/\/secure.gravatar.com\/avatar\/c50c17820bcf322f0a8fd6b110b8c0918141409dc69076470f6fca5fee70a5d4?s=96&d=mm&r=g","contentUrl":"https:\/\/secure.gravatar.com\/avatar\/c50c17820bcf322f0a8fd6b110b8c0918141409dc69076470f6fca5fee70a5d4?s=96&d=mm&r=g","caption":"Encontra Alphaville"},"url":"https:\/\/www.encontraalphaville.com.br\/guia\/author\/encontraalphaville\/"}]}},"_links":{"self":[{"href":"https:\/\/www.encontraalphaville.com.br\/guia\/wp-json\/wp\/v2\/posts\/6664","targetHints":{"allow":["GET"]}}],"collection":[{"href":"https:\/\/www.encontraalphaville.com.br\/guia\/wp-json\/wp\/v2\/posts"}],"about":[{"href":"https:\/\/www.encontraalphaville.com.br\/guia\/wp-json\/wp\/v2\/types\/post"}],"author":[{"embeddable":true,"href":"https:\/\/www.encontraalphaville.com.br\/guia\/wp-json\/wp\/v2\/users\/1"}],"replies":[{"embeddable":true,"href":"https:\/\/www.encontraalphaville.com.br\/guia\/wp-json\/wp\/v2\/comments?post=6664"}],"version-history":[{"count":0,"href":"https:\/\/www.encontraalphaville.com.br\/guia\/wp-json\/wp\/v2\/posts\/6664\/revisions"}],"wp:featuredmedia":[{"embeddable":true,"href":"https:\/\/www.encontraalphaville.com.br\/guia\/wp-json\/wp\/v2\/media\/6663"}],"wp:attachment":[{"href":"https:\/\/www.encontraalphaville.com.br\/guia\/wp-json\/wp\/v2\/media?parent=6664"}],"wp:term":[{"taxonomy":"category","embeddable":true,"href":"https:\/\/www.encontraalphaville.com.br\/guia\/wp-json\/wp\/v2\/categories?post=6664"},{"taxonomy":"post_tag","embeddable":true,"href":"https:\/\/www.encontraalphaville.com.br\/guia\/wp-json\/wp\/v2\/tags?post=6664"}],"curies":[{"name":"wp","href":"https:\/\/api.w.org\/{rel}","templated":true}]}}