{"id":6645,"date":"2026-04-13T11:54:19","date_gmt":"2026-04-13T14:54:19","guid":{"rendered":"https:\/\/www.encontraalphaville.com.br\/guia\/exposicao-sobre-paixao-de-cristo-esta-no-palacio-dos-bandeirantes-ate-o-final-de-maio\/"},"modified":"2026-04-13T11:54:19","modified_gmt":"2026-04-13T14:54:19","slug":"exposicao-sobre-paixao-de-cristo-esta-no-palacio-dos-bandeirantes-ate-o-final-de-maio","status":"publish","type":"post","link":"https:\/\/www.encontraalphaville.com.br\/guia\/exposicao-sobre-paixao-de-cristo-esta-no-palacio-dos-bandeirantes-ate-o-final-de-maio\/","title":{"rendered":"Exposi\u00e7\u00e3o sobre Paix\u00e3o de Cristo est\u00e1 no Pal\u00e1cio dos Bandeirantes at\u00e9 o final de maio"},"content":{"rendered":"<h2>O que \u00e9 a exposi\u00e7\u00e3o &#8216;Arte e Ressurrei\u00e7\u00e3o&#8217;?<\/h2>\n<p>A exposi\u00e7\u00e3o &#8220;Arte e Ressurrei\u00e7\u00e3o: representa\u00e7\u00f5es da P\u00e1scoa&#8221; \u00e9 um evento cultural que est\u00e1 aberto at\u00e9 25 de maio de 2026, localizado no Pal\u00e1cio dos Bandeirantes, em S\u00e3o Paulo. Esta mostra \u00e9 uma iniciativa do Acervo Art\u00edstico-Cultural dos Pal\u00e1cios, em colabora\u00e7\u00e3o com a Cole\u00e7\u00e3o Yunes, e apresenta 29 obras focadas na tem\u00e1tica da Paix\u00e3o e Ressurrei\u00e7\u00e3o de Cristo. Sob a curadoria de Renata Rocco, as obras exploram n\u00e3o apenas o sofrimento e o sacrif\u00edcio de Cristo, mas tamb\u00e9m a esperan\u00e7a simbolizada por sua ressurrei\u00e7\u00e3o, elementos centrais na cultura crist\u00e3.<\/p>\n<h2>Quando visitar a mostra?<\/h2>\n<p>A visita\u00e7\u00e3o \u00e0 exposi\u00e7\u00e3o est\u00e1 dispon\u00edvel de segunda a sexta-feira, das 10h \u00e0s 16h, sendo ideal para grupos e visitas individuais. As visitas aos s\u00e1bados est\u00e3o sujeitas \u00e0 disponibilidade, e \u00e9 importante lembrar que a entrada \u00e9 gratuita, mas requer agendamento pr\u00e9vio de pelo menos 48 horas. Para quem deseja visitar a exposi\u00e7\u00e3o, \u00e9 imprescind\u00edvel fazer a reserva atrav\u00e9s do <a href=\"https:\/\/www.acervo.sp.gov.br\/ArteRessurreicao\">site oficial<\/a>.<\/p>\n<h2>Import\u00e2ncia cultural da Paix\u00e3o de Cristo<\/h2>\n<p>A Paix\u00e3o de Cristo possui um papel significativo na tradi\u00e7\u00e3o crist\u00e3, representando a hist\u00f3ria de sacrif\u00edcio e reden\u00e7\u00e3o. Este evento n\u00e3o s\u00f3 marca a centralidade da f\u00e9 crist\u00e3, mas tamb\u00e9m provoca reflex\u00f5es sobre a vida, morte e a esperan\u00e7a de uma nova vida. As obras na exposi\u00e7\u00e3o buscam resgatar esses sentimentos por meio de diferentes interpreta\u00e7\u00f5es art\u00edsticas. Os visitantes poder\u00e3o se deparar com obras cl\u00e1ssicas e contempor\u00e2neas que refletem a diversidade de perspectivas e sentimentos sobre este tema t\u00e3o profundo.<\/p>\n<h2>Artistas em destaque na exposi\u00e7\u00e3o<\/h2>\n<p>Entre as obras em exibi\u00e7\u00e3o, 20 comp\u00f5em a cole\u00e7\u00e3o privada do casal Yunes, que \u00e9 reconhecida por seu valor art\u00edstico e hist\u00f3rico. Artistas de diversas \u00e9pocas e estilos est\u00e3o representados, permitindo que o p\u00fablico aprecie a riqueza do acervo e das interpreta\u00e7\u00f5es do drama da Paix\u00e3o. Embora os nomes exatos dos artistas n\u00e3o tenham sido citados, a curadoria cuidadosamente selecionou pe\u00e7as que dialogam entre si e com o tema central da exposi\u00e7\u00e3o, enriquecendo a experi\u00eancia do visitante.<\/p>\n<h2>Como agendar sua visita<\/h2>\n<p>Para visitar a exposi\u00e7\u00e3o, o agendamento deve ser feito com anteced\u00eancia de no m\u00ednimo 48 horas. Este processo pode ser realizado pelo site do Acervo Art\u00edstico-Cultural. Al\u00e9m disso, as informa\u00e7\u00f5es sobre as obras, hor\u00e1rios e detalhes adicionais podem ser encontradas na mesma p\u00e1gina. O agendamento online \u00e9 uma forma eficiente de garantir sua visita, dadas as poss\u00edveis limita\u00e7\u00f5es de capacidade durante os dias de maior movimento.<\/p>\n<h2>Visitas em grupo e individuais<\/h2>\n<p>A exposi\u00e7\u00e3o \u00e9 adequada tanto para visitas individuais quanto em grupo. Para grupos, \u00e9 essencial verificar a disponibilidade e agendar com anteced\u00eancia. As visitas em grupo podem proporcionar uma experi\u00eancia mais rica, permitindo discuss\u00f5es e reflex\u00f5es coletivas sobre as obras. \u00c9 uma excelente oportunidade para escolas, institui\u00e7\u00f5es religiosas ou grupos de amigos que desejam explorar a arte e a espiritualidade juntos.<\/p>\n<h2>Aspectos \u00fanicos da curadoria<\/h2>\n<p>A curadoria da exposi\u00e7\u00e3o &#8220;Arte e Ressurrei\u00e7\u00e3o&#8221; destaca-se pela abordagem sens\u00edvel e reflexiva, conectando tradi\u00e7\u00f5es e mem\u00f3rias culturais atrav\u00e9s das obras expostas. Renata Rocco, a curadora, faz um trabalho cuidadoso para garantir que cada obra dialoge com a tem\u00e1tica da P\u00e1scoa, permitindo uma experi\u00eancia envolvente. O visitante \u00e9 convidado a refletir sobre quest\u00f5es profundas que envolvem a vida e a morte, a finitude e a renova\u00e7\u00e3o, ingredientes essenciais para uma compreens\u00e3o maior do ser humano.<\/p>\n<h2>Arte como forma de reflex\u00e3o<\/h2>\n<p>A arte \u00e9 uma poderosa forma de reflex\u00e3o e interpreta\u00e7\u00e3o do mundo. Nesta exposi\u00e7\u00e3o, as obras n\u00e3o apenas capturam a ess\u00eancia da Paix\u00e3o de Cristo, mas tamb\u00e9m provocam di\u00e1logos sobre a espiritualidade, esperan\u00e7a e renova\u00e7\u00e3o pessoal. Cada pintura, escultura ou pe\u00e7a de arte serve como um espelho que reflete as emo\u00e7\u00f5es humanas e as complexidades da vida. A experi\u00eancia \u00e9, portanto, n\u00e3o apenas uma jornada pelas obras de arte, mas tamb\u00e9m uma profunda experi\u00eancia interna de revis\u00e3o de cren\u00e7as e perspectivas.<\/p>\n<h2>Acessibilidade na exposi\u00e7\u00e3o<\/h2>\n<p>O Pal\u00e1cio dos Bandeirantes \u00e9 acess\u00edvel a todos, proporcionando uma experi\u00eancia inclusiva para pessoas com defici\u00eancia. Os visitantes n\u00e3o precisam se preocupar com barreiras f\u00edsicas que possam interferir em sua visita. Ao promover um ambiente acolhedor, a exposi\u00e7\u00e3o busca garantir que todos tenham a oportunidade de explorar e vivenciar a arte em sua plenitude.<\/p>\n<h2>Informa\u00e7\u00f5es pr\u00e1ticas para os visitantes<\/h2>\n<p>Para aqueles que planejam visitar a exposi\u00e7\u00e3o, aqui est\u00e3o algumas informa\u00e7\u00f5es \u00fateis:<\/p>\n<ul>\n<li><strong>Endere\u00e7o:<\/strong> Pal\u00e1cio dos Bandeirantes, Avenida Morumbi, 4500.<\/li>\n<li><strong>Dura\u00e7\u00e3o:<\/strong> De 07\/04\/2026 at\u00e9 25\/05\/2026.<\/li>\n<li><strong>Hor\u00e1rio de visita:<\/strong> Segunda a sexta, das 10h \u00e0s 16h. Verificar disponibilidade para s\u00e1bados.<\/li>\n<li><strong>Entrada:<\/strong> Gratuita, mediante agendamento.<\/li>\n<li><strong>Acessibilidade:<\/strong> Totalmente acess\u00edvel para pessoas com defici\u00eancia.<\/li>\n<\/ul>\n<p>Visitar a exposi\u00e7\u00e3o &#8220;Arte e Ressurrei\u00e7\u00e3o&#8221; \u00e9 mais do que apenas uma atividade cultural. \u00c9 uma oportunidade de reflex\u00e3o profunda e um convite para mergulhar em temas universais que tocam o cora\u00e7\u00e3o econ\u00f4mico da espiritualidade humana.<\/p>\n","protected":false},"excerpt":{"rendered":"<p>Exposi\u00e7\u00e3o sobre a Paix\u00e3o de Cristo no Pal\u00e1cio dos Bandeirantes at\u00e9 maio de 2026.<\/p>\n","protected":false},"author":1,"featured_media":0,"comment_status":"open","ping_status":"open","sticky":false,"template":"","format":"standard","meta":{"footnotes":""},"categories":[898],"tags":[],"class_list":["post-6645","post","type-post","status-publish","format-standard","hentry","category-exposicao"],"yoast_head":"<!-- This site is optimized with the Yoast SEO plugin v26.4 - https:\/\/yoast.com\/wordpress\/plugins\/seo\/ -->\n<title>Exposi\u00e7\u00e3o sobre Paix\u00e3o de Cristo est\u00e1 no Pal\u00e1cio dos Bandeirantes at\u00e9 o final de maio | Guia Comercial de Alphaville SP<\/title>\n<meta name=\"robots\" content=\"index, follow, max-snippet:-1, max-image-preview:large, max-video-preview:-1\" \/>\n<link rel=\"canonical\" href=\"https:\/\/www.encontraalphaville.com.br\/guia\/exposicao-sobre-paixao-de-cristo-esta-no-palacio-dos-bandeirantes-ate-o-final-de-maio\/\" \/>\n<meta property=\"og:locale\" content=\"pt_BR\" \/>\n<meta property=\"og:type\" content=\"article\" \/>\n<meta property=\"og:title\" content=\"Exposi\u00e7\u00e3o sobre Paix\u00e3o de Cristo est\u00e1 no Pal\u00e1cio dos Bandeirantes at\u00e9 o final de maio | Guia Comercial de Alphaville SP\" \/>\n<meta property=\"og:description\" content=\"Exposi\u00e7\u00e3o sobre a Paix\u00e3o de Cristo no Pal\u00e1cio dos Bandeirantes at\u00e9 maio de 2026.\" \/>\n<meta property=\"og:url\" content=\"https:\/\/www.encontraalphaville.com.br\/guia\/exposicao-sobre-paixao-de-cristo-esta-no-palacio-dos-bandeirantes-ate-o-final-de-maio\/\" \/>\n<meta property=\"og:site_name\" content=\"Guia Comercial de Alphaville SP\" \/>\n<meta property=\"article:published_time\" content=\"2026-04-13T14:54:19+00:00\" \/>\n<meta name=\"author\" content=\"Encontra Alphaville\" \/>\n<meta name=\"twitter:card\" content=\"summary_large_image\" \/>\n<meta name=\"twitter:label1\" content=\"Escrito por\" \/>\n\t<meta name=\"twitter:data1\" content=\"Encontra Alphaville\" \/>\n\t<meta name=\"twitter:label2\" content=\"Est. tempo de leitura\" \/>\n\t<meta name=\"twitter:data2\" content=\"4 minutos\" \/>\n<script type=\"application\/ld+json\" class=\"yoast-schema-graph\">{\"@context\":\"https:\/\/schema.org\",\"@graph\":[{\"@type\":\"WebPage\",\"@id\":\"https:\/\/www.encontraalphaville.com.br\/guia\/exposicao-sobre-paixao-de-cristo-esta-no-palacio-dos-bandeirantes-ate-o-final-de-maio\/\",\"url\":\"https:\/\/www.encontraalphaville.com.br\/guia\/exposicao-sobre-paixao-de-cristo-esta-no-palacio-dos-bandeirantes-ate-o-final-de-maio\/\",\"name\":\"Exposi\u00e7\u00e3o sobre Paix\u00e3o de Cristo est\u00e1 no Pal\u00e1cio dos Bandeirantes at\u00e9 o final de maio | Guia Comercial de Alphaville SP\",\"isPartOf\":{\"@id\":\"https:\/\/www.encontraalphaville.com.br\/guia\/#website\"},\"datePublished\":\"2026-04-13T14:54:19+00:00\",\"author\":{\"@id\":\"https:\/\/www.encontraalphaville.com.br\/guia\/#\/schema\/person\/a48592ba2de82cdaeeef25afa1c4bc6a\"},\"inLanguage\":\"pt-BR\",\"potentialAction\":[{\"@type\":\"ReadAction\",\"target\":[\"https:\/\/www.encontraalphaville.com.br\/guia\/exposicao-sobre-paixao-de-cristo-esta-no-palacio-dos-bandeirantes-ate-o-final-de-maio\/\"]}]},{\"@type\":\"WebSite\",\"@id\":\"https:\/\/www.encontraalphaville.com.br\/guia\/#website\",\"url\":\"https:\/\/www.encontraalphaville.com.br\/guia\/\",\"name\":\"Guia Comercial de Alphaville SP\",\"description\":\"ENCONTRA ALPHAVILLE - O guia comercial de neg\u00f3cios e empresas, cultura e divers\u00e3o no bairro de Alphaville. Feito 100% para voc\u00ea morador!\",\"potentialAction\":[{\"@type\":\"SearchAction\",\"target\":{\"@type\":\"EntryPoint\",\"urlTemplate\":\"https:\/\/www.encontraalphaville.com.br\/guia\/?s={search_term_string}\"},\"query-input\":{\"@type\":\"PropertyValueSpecification\",\"valueRequired\":true,\"valueName\":\"search_term_string\"}}],\"inLanguage\":\"pt-BR\"},{\"@type\":\"Person\",\"@id\":\"https:\/\/www.encontraalphaville.com.br\/guia\/#\/schema\/person\/a48592ba2de82cdaeeef25afa1c4bc6a\",\"name\":\"Encontra Alphaville\",\"image\":{\"@type\":\"ImageObject\",\"inLanguage\":\"pt-BR\",\"@id\":\"https:\/\/www.encontraalphaville.com.br\/guia\/#\/schema\/person\/image\/\",\"url\":\"https:\/\/secure.gravatar.com\/avatar\/c50c17820bcf322f0a8fd6b110b8c0918141409dc69076470f6fca5fee70a5d4?s=96&d=mm&r=g\",\"contentUrl\":\"https:\/\/secure.gravatar.com\/avatar\/c50c17820bcf322f0a8fd6b110b8c0918141409dc69076470f6fca5fee70a5d4?s=96&d=mm&r=g\",\"caption\":\"Encontra Alphaville\"},\"url\":\"https:\/\/www.encontraalphaville.com.br\/guia\/author\/encontraalphaville\/\"}]}<\/script>\n<!-- \/ Yoast SEO plugin. -->","yoast_head_json":{"title":"Exposi\u00e7\u00e3o sobre Paix\u00e3o de Cristo est\u00e1 no Pal\u00e1cio dos Bandeirantes at\u00e9 o final de maio | Guia Comercial de Alphaville SP","robots":{"index":"index","follow":"follow","max-snippet":"max-snippet:-1","max-image-preview":"max-image-preview:large","max-video-preview":"max-video-preview:-1"},"canonical":"https:\/\/www.encontraalphaville.com.br\/guia\/exposicao-sobre-paixao-de-cristo-esta-no-palacio-dos-bandeirantes-ate-o-final-de-maio\/","og_locale":"pt_BR","og_type":"article","og_title":"Exposi\u00e7\u00e3o sobre Paix\u00e3o de Cristo est\u00e1 no Pal\u00e1cio dos Bandeirantes at\u00e9 o final de maio | Guia Comercial de Alphaville SP","og_description":"Exposi\u00e7\u00e3o sobre a Paix\u00e3o de Cristo no Pal\u00e1cio dos Bandeirantes at\u00e9 maio de 2026.","og_url":"https:\/\/www.encontraalphaville.com.br\/guia\/exposicao-sobre-paixao-de-cristo-esta-no-palacio-dos-bandeirantes-ate-o-final-de-maio\/","og_site_name":"Guia Comercial de Alphaville SP","article_published_time":"2026-04-13T14:54:19+00:00","author":"Encontra Alphaville","twitter_card":"summary_large_image","twitter_misc":{"Escrito por":"Encontra Alphaville","Est. tempo de leitura":"4 minutos"},"schema":{"@context":"https:\/\/schema.org","@graph":[{"@type":"WebPage","@id":"https:\/\/www.encontraalphaville.com.br\/guia\/exposicao-sobre-paixao-de-cristo-esta-no-palacio-dos-bandeirantes-ate-o-final-de-maio\/","url":"https:\/\/www.encontraalphaville.com.br\/guia\/exposicao-sobre-paixao-de-cristo-esta-no-palacio-dos-bandeirantes-ate-o-final-de-maio\/","name":"Exposi\u00e7\u00e3o sobre Paix\u00e3o de Cristo est\u00e1 no Pal\u00e1cio dos Bandeirantes at\u00e9 o final de maio | Guia Comercial de Alphaville SP","isPartOf":{"@id":"https:\/\/www.encontraalphaville.com.br\/guia\/#website"},"datePublished":"2026-04-13T14:54:19+00:00","author":{"@id":"https:\/\/www.encontraalphaville.com.br\/guia\/#\/schema\/person\/a48592ba2de82cdaeeef25afa1c4bc6a"},"inLanguage":"pt-BR","potentialAction":[{"@type":"ReadAction","target":["https:\/\/www.encontraalphaville.com.br\/guia\/exposicao-sobre-paixao-de-cristo-esta-no-palacio-dos-bandeirantes-ate-o-final-de-maio\/"]}]},{"@type":"WebSite","@id":"https:\/\/www.encontraalphaville.com.br\/guia\/#website","url":"https:\/\/www.encontraalphaville.com.br\/guia\/","name":"Guia Comercial de Alphaville SP","description":"ENCONTRA ALPHAVILLE - O guia comercial de neg\u00f3cios e empresas, cultura e divers\u00e3o no bairro de Alphaville. Feito 100% para voc\u00ea morador!","potentialAction":[{"@type":"SearchAction","target":{"@type":"EntryPoint","urlTemplate":"https:\/\/www.encontraalphaville.com.br\/guia\/?s={search_term_string}"},"query-input":{"@type":"PropertyValueSpecification","valueRequired":true,"valueName":"search_term_string"}}],"inLanguage":"pt-BR"},{"@type":"Person","@id":"https:\/\/www.encontraalphaville.com.br\/guia\/#\/schema\/person\/a48592ba2de82cdaeeef25afa1c4bc6a","name":"Encontra Alphaville","image":{"@type":"ImageObject","inLanguage":"pt-BR","@id":"https:\/\/www.encontraalphaville.com.br\/guia\/#\/schema\/person\/image\/","url":"https:\/\/secure.gravatar.com\/avatar\/c50c17820bcf322f0a8fd6b110b8c0918141409dc69076470f6fca5fee70a5d4?s=96&d=mm&r=g","contentUrl":"https:\/\/secure.gravatar.com\/avatar\/c50c17820bcf322f0a8fd6b110b8c0918141409dc69076470f6fca5fee70a5d4?s=96&d=mm&r=g","caption":"Encontra Alphaville"},"url":"https:\/\/www.encontraalphaville.com.br\/guia\/author\/encontraalphaville\/"}]}},"_links":{"self":[{"href":"https:\/\/www.encontraalphaville.com.br\/guia\/wp-json\/wp\/v2\/posts\/6645","targetHints":{"allow":["GET"]}}],"collection":[{"href":"https:\/\/www.encontraalphaville.com.br\/guia\/wp-json\/wp\/v2\/posts"}],"about":[{"href":"https:\/\/www.encontraalphaville.com.br\/guia\/wp-json\/wp\/v2\/types\/post"}],"author":[{"embeddable":true,"href":"https:\/\/www.encontraalphaville.com.br\/guia\/wp-json\/wp\/v2\/users\/1"}],"replies":[{"embeddable":true,"href":"https:\/\/www.encontraalphaville.com.br\/guia\/wp-json\/wp\/v2\/comments?post=6645"}],"version-history":[{"count":0,"href":"https:\/\/www.encontraalphaville.com.br\/guia\/wp-json\/wp\/v2\/posts\/6645\/revisions"}],"wp:attachment":[{"href":"https:\/\/www.encontraalphaville.com.br\/guia\/wp-json\/wp\/v2\/media?parent=6645"}],"wp:term":[{"taxonomy":"category","embeddable":true,"href":"https:\/\/www.encontraalphaville.com.br\/guia\/wp-json\/wp\/v2\/categories?post=6645"},{"taxonomy":"post_tag","embeddable":true,"href":"https:\/\/www.encontraalphaville.com.br\/guia\/wp-json\/wp\/v2\/tags?post=6645"}],"curies":[{"name":"wp","href":"https:\/\/api.w.org\/{rel}","templated":true}]}}