{"id":6477,"date":"2026-03-03T11:53:37","date_gmt":"2026-03-03T14:53:37","guid":{"rendered":"https:\/\/www.encontraalphaville.com.br\/guia\/ccr-viaoeste-diz-que-elabora-projeto-executivo-para-alca-do-km-23-que-sofreu-afundamento\/"},"modified":"2026-03-03T11:53:37","modified_gmt":"2026-03-03T14:53:37","slug":"ccr-viaoeste-diz-que-elabora-projeto-executivo-para-alca-do-km-23-que-sofreu-afundamento","status":"publish","type":"post","link":"https:\/\/www.encontraalphaville.com.br\/guia\/ccr-viaoeste-diz-que-elabora-projeto-executivo-para-alca-do-km-23-que-sofreu-afundamento\/","title":{"rendered":"CCR ViaOeste diz que elabora projeto executivo para al\u00e7a do km 23 que sofreu &#8220;afundamento&#8221;"},"content":{"rendered":"<h2>Situa\u00e7\u00e3o Atual da Al\u00e7a de Acesso<\/h2>\n<p>A al\u00e7a de acesso localizada no km 23 da Rodovia Castello Branco, em Barueri, continua fechada desde o dia 10 de dezembro, devido ao afundamento da pista provocado por chuvas intensas. Este importante ponto de acesso para os moradores de Alphaville e do bairro Aldeinha est\u00e1 passando por uma reavalia\u00e7\u00e3o t\u00e9cnica que busca garantir a seguran\u00e7a dos usu\u00e1rios na reabertura.<\/p>\n<h2>Impacto das Chuvas no Tr\u00e1fego<\/h2>\n<p>As fortes chuvas recentes prejudicaram sustancialmente a infraestrutura da al\u00e7a de acesso, resultando no mencionado afundamento. A condi\u00e7\u00e3o cr\u00edtica da estrada levou \u00e0 necessidade de interven\u00e7\u00f5es para evitar acidentes e garantir que a via possa suportar o tr\u00e1fego de ve\u00edculos, especialmente considerando que \u00e9 um trajeto fundamental para a mobilidade dos cidad\u00e3os que transitam entre Barueri e a capital paulista.<\/p>\n<h2>Cronograma de Libera\u00e7\u00e3o das Obras<\/h2>\n<p>Inicialmente, a CCR ViaOeste havia previsto a conclus\u00e3o das obras para 31 de mar\u00e7o de 2026. Contudo, isto foi alterado em uma atualiza\u00e7\u00e3o recente em 18 de fevereiro, onde a empresa declarou que o cronograma seria revisto. O foco agora est\u00e1 na conclus\u00e3o cuidadosa e segura do projeto, priorizando a estrutura da pista e a drenagem nas proximidades.<\/p>\n<p><img decoding=\"async\" src=\"https:\/\/www.encontraalphaville.com.br\/guia\/wp-content\/uploads\/2026\/03\/ccr-viaoeste-diz-que-elabora-projeto-executivo-para-alca-do-km-23-que-sofreu-afundamento.webp\" alt=\"al\u00e7a do km 23\" loading=\"lazy\" \/><\/p>\n<h2>Elabora\u00e7\u00e3o do Projeto Executivo<\/h2>\n<p>Atualmente, a CCR ViaOeste est\u00e1 trabalhando na elabora\u00e7\u00e3o de um projeto executivo que incluir\u00e1 etapas de estabiliza\u00e7\u00e3o, monitoramento cont\u00ednuo e um levantamento do sistema de drenagem existente. Essa fase \u00e9 crucial para garantir que a al\u00e7a, uma vez reaberta, esteja em condi\u00e7\u00f5es de operar sem riscos \u00e0 seguran\u00e7a dos motoristas. O projeto ser\u00e1 posteriormente submetido \u00e0 an\u00e1lise e aprova\u00e7\u00e3o da ARTESP, a Ag\u00eancia Reguladora de Servi\u00e7os P\u00fablicos Delegados de Transporte do Estado de S\u00e3o Paulo.<\/p>\n<h2>Desvios Sinalizados para Motoristas<\/h2>\n<p>Desde o fechamento da al\u00e7a, a CCR ViaOeste implantou um desvio que tem operado sem causar impacto significativo no tr\u00e1fego da regi\u00e3o. Recomenda-se que ve\u00edculos de passeio acessem Alphaville pela Alameda Rio Negro e a Aldeinha pela Rua Bahia, que serve como um desvio paralelo \u00e0 al\u00e7a. J\u00e1 os ve\u00edculos maiores devem usar o retorno localizado no km 22 da Rodovia Castello Branco, seguindo a sinaliza\u00e7\u00e3o adequada disposta ao longo do trecho.<\/p>\n<h2>Obras de Duplica\u00e7\u00e3o das Vias Marginais<\/h2>\n<p>Al\u00e9m das interven\u00e7\u00f5es na al\u00e7a de acesso, est\u00e3o em andamento as obras de duplica\u00e7\u00e3o das vias marginais da Castello Branco, entre os km 23 e 27. Estas obras s\u00e3o parte de um extenso projeto de infraestrutura, coordenado pela CCR ViaOeste em parceria com a ARTESP, que busca aumentar a capacidade vi\u00e1ria da rodovia. A conclus\u00e3o das duplica\u00e7\u00f5es est\u00e1 prevista para junho de 2026 e visa reduzir congestionamentos e melhorar o fluxo de tr\u00e2nsito em \u00e1reas cr\u00edticas.<\/p>\n<h2>Remodela\u00e7\u00e3o do Trevo de Alphaville<\/h2>\n<p>No km 23, o trevo tamb\u00e9m ser\u00e1 remodelado para oferecer uma melhor fluidez de tr\u00e1fego para as vias que o rodeiam, incluindo a Alameda Rio Negro e a Avenida Tambor\u00e9. Essas melhorias n\u00e3o apenas facilitar\u00e3o o tr\u00e1fego, mas tamb\u00e9m aumentar\u00e3o a seguran\u00e7a no transporte local, proporcionando uma melhor experi\u00eancia para motoristas e pedestres.<\/p>\n<h2>Investimento no Projeto de Infraestrutura<\/h2>\n<p>O projeto que inclui as obras da al\u00e7a, a duplica\u00e7\u00e3o das marginais e a remodela\u00e7\u00e3o do trevo envolve um investimento significativo de R$ 1 bilh\u00e3o. Esta quantia consider\u00e1vel reflete a import\u00e2ncia das melhorias na interliga\u00e7\u00e3o entre a metr\u00f3pole paulista e os munic\u00edpios da regi\u00e3o, buscando n\u00e3o apenas facilitar o tr\u00e1fego, mas tamb\u00e9m impulsionar o desenvolvimento local e regional.<\/p>\n<h2>Melhorias na Conex\u00e3o Vi\u00e1ria<\/h2>\n<p>Est\u00e3o previstas v\u00e1rias melhorias vi\u00e1rias em Barueri e em seus arredores, incluindo a constru\u00e7\u00e3o de novas pontes sobre o Rio Tiet\u00ea, que v\u00e3o separar os tr\u00e1fegos de longa e curta dist\u00e2ncia. Al\u00e9m disso, ajustes no sistema vi\u00e1rio municipal, possibilitando inter liga\u00e7\u00f5es com importantes avenidas e ruas, est\u00e3o programados para tornar os caminhos ainda mais fluidos e seguros.<\/p>\n<h2>Alternativas para Motoristas Durante a Interdi\u00e7\u00e3o<\/h2>\n<p>Com a al\u00e7a de acesso ainda em obras, \u00e9 fundamental que os motoristas estejam cientes das alternativas dispon\u00edveis. O uso de rotas alternativas com sinaliza\u00e7\u00f5es apropriadas, al\u00e9m de manter a aten\u00e7\u00e3o \u00e0s placas e orienta\u00e7\u00f5es no local, ajuda a minimizar os impactos do fechamento nessa regi\u00e3o movimentada. As equipes de obra permanecem ativas durante 24 horas por dia, garantindo que o tr\u00e2nsito siga, na medida do poss\u00edvel, sem maiores problemas enquanto as interven\u00e7\u00f5es s\u00e3o realizadas.<\/p>\n","protected":false},"excerpt":{"rendered":"<p>Al\u00e7a do km 23 da Rodovia Castello Branco est\u00e1 em fase de projeto executivo.<\/p>\n","protected":false},"author":1,"featured_media":6476,"comment_status":"open","ping_status":"open","sticky":false,"template":"","format":"standard","meta":{"footnotes":""},"categories":[5],"tags":[],"class_list":["post-6477","post","type-post","status-publish","format-standard","has-post-thumbnail","hentry","category-noticias","has_thumb"],"yoast_head":"<!-- This site is optimized with the Yoast SEO plugin v26.4 - https:\/\/yoast.com\/wordpress\/plugins\/seo\/ -->\n<title>CCR ViaOeste diz que elabora projeto executivo para al\u00e7a do km 23 que sofreu &quot;afundamento&quot; | Guia Comercial de Alphaville SP<\/title>\n<meta name=\"robots\" content=\"index, follow, max-snippet:-1, max-image-preview:large, max-video-preview:-1\" \/>\n<link rel=\"canonical\" href=\"https:\/\/www.encontraalphaville.com.br\/guia\/ccr-viaoeste-diz-que-elabora-projeto-executivo-para-alca-do-km-23-que-sofreu-afundamento\/\" \/>\n<meta property=\"og:locale\" content=\"pt_BR\" \/>\n<meta property=\"og:type\" content=\"article\" \/>\n<meta property=\"og:title\" content=\"CCR ViaOeste diz que elabora projeto executivo para al\u00e7a do km 23 que sofreu &quot;afundamento&quot; | Guia Comercial de Alphaville SP\" \/>\n<meta property=\"og:description\" content=\"Al\u00e7a do km 23 da Rodovia Castello Branco est\u00e1 em fase de projeto executivo.\" \/>\n<meta property=\"og:url\" content=\"https:\/\/www.encontraalphaville.com.br\/guia\/ccr-viaoeste-diz-que-elabora-projeto-executivo-para-alca-do-km-23-que-sofreu-afundamento\/\" \/>\n<meta property=\"og:site_name\" content=\"Guia Comercial de Alphaville SP\" \/>\n<meta property=\"article:published_time\" content=\"2026-03-03T14:53:37+00:00\" \/>\n<meta property=\"og:image\" content=\"https:\/\/www.encontraalphaville.com.br\/guia\/wp-content\/uploads\/2026\/03\/ccr-viaoeste-diz-que-elabora-projeto-executivo-para-alca-do-km-23-que-sofreu-afundamento.webp\" \/>\n<meta name=\"author\" content=\"Encontra Alphaville\" \/>\n<meta name=\"twitter:card\" content=\"summary_large_image\" \/>\n<meta name=\"twitter:label1\" content=\"Escrito por\" \/>\n\t<meta name=\"twitter:data1\" content=\"Encontra Alphaville\" \/>\n\t<meta name=\"twitter:label2\" content=\"Est. tempo de leitura\" \/>\n\t<meta name=\"twitter:data2\" content=\"4 minutos\" \/>\n<script type=\"application\/ld+json\" class=\"yoast-schema-graph\">{\"@context\":\"https:\/\/schema.org\",\"@graph\":[{\"@type\":\"WebPage\",\"@id\":\"https:\/\/www.encontraalphaville.com.br\/guia\/ccr-viaoeste-diz-que-elabora-projeto-executivo-para-alca-do-km-23-que-sofreu-afundamento\/\",\"url\":\"https:\/\/www.encontraalphaville.com.br\/guia\/ccr-viaoeste-diz-que-elabora-projeto-executivo-para-alca-do-km-23-que-sofreu-afundamento\/\",\"name\":\"CCR ViaOeste diz que elabora projeto executivo para al\u00e7a do km 23 que sofreu \\\"afundamento\\\" | Guia Comercial de Alphaville SP\",\"isPartOf\":{\"@id\":\"https:\/\/www.encontraalphaville.com.br\/guia\/#website\"},\"primaryImageOfPage\":{\"@id\":\"https:\/\/www.encontraalphaville.com.br\/guia\/ccr-viaoeste-diz-que-elabora-projeto-executivo-para-alca-do-km-23-que-sofreu-afundamento\/#primaryimage\"},\"image\":{\"@id\":\"https:\/\/www.encontraalphaville.com.br\/guia\/ccr-viaoeste-diz-que-elabora-projeto-executivo-para-alca-do-km-23-que-sofreu-afundamento\/#primaryimage\"},\"thumbnailUrl\":\"https:\/\/www.encontraalphaville.com.br\/guia\/wp-content\/uploads\/2026\/03\/ccr-viaoeste-diz-que-elabora-projeto-executivo-para-alca-do-km-23-que-sofreu-afundamento.webp\",\"datePublished\":\"2026-03-03T14:53:37+00:00\",\"author\":{\"@id\":\"https:\/\/www.encontraalphaville.com.br\/guia\/#\/schema\/person\/a48592ba2de82cdaeeef25afa1c4bc6a\"},\"inLanguage\":\"pt-BR\",\"potentialAction\":[{\"@type\":\"ReadAction\",\"target\":[\"https:\/\/www.encontraalphaville.com.br\/guia\/ccr-viaoeste-diz-que-elabora-projeto-executivo-para-alca-do-km-23-que-sofreu-afundamento\/\"]}]},{\"@type\":\"ImageObject\",\"inLanguage\":\"pt-BR\",\"@id\":\"https:\/\/www.encontraalphaville.com.br\/guia\/ccr-viaoeste-diz-que-elabora-projeto-executivo-para-alca-do-km-23-que-sofreu-afundamento\/#primaryimage\",\"url\":\"https:\/\/www.encontraalphaville.com.br\/guia\/wp-content\/uploads\/2026\/03\/ccr-viaoeste-diz-que-elabora-projeto-executivo-para-alca-do-km-23-que-sofreu-afundamento.webp\",\"contentUrl\":\"https:\/\/www.encontraalphaville.com.br\/guia\/wp-content\/uploads\/2026\/03\/ccr-viaoeste-diz-que-elabora-projeto-executivo-para-alca-do-km-23-que-sofreu-afundamento.webp\",\"width\":280,\"height\":280,\"caption\":\"al\u00e7a do km 23\"},{\"@type\":\"WebSite\",\"@id\":\"https:\/\/www.encontraalphaville.com.br\/guia\/#website\",\"url\":\"https:\/\/www.encontraalphaville.com.br\/guia\/\",\"name\":\"Guia Comercial de Alphaville SP\",\"description\":\"ENCONTRA ALPHAVILLE - O guia comercial de neg\u00f3cios e empresas, cultura e divers\u00e3o no bairro de Alphaville. Feito 100% para voc\u00ea morador!\",\"potentialAction\":[{\"@type\":\"SearchAction\",\"target\":{\"@type\":\"EntryPoint\",\"urlTemplate\":\"https:\/\/www.encontraalphaville.com.br\/guia\/?s={search_term_string}\"},\"query-input\":{\"@type\":\"PropertyValueSpecification\",\"valueRequired\":true,\"valueName\":\"search_term_string\"}}],\"inLanguage\":\"pt-BR\"},{\"@type\":\"Person\",\"@id\":\"https:\/\/www.encontraalphaville.com.br\/guia\/#\/schema\/person\/a48592ba2de82cdaeeef25afa1c4bc6a\",\"name\":\"Encontra Alphaville\",\"image\":{\"@type\":\"ImageObject\",\"inLanguage\":\"pt-BR\",\"@id\":\"https:\/\/www.encontraalphaville.com.br\/guia\/#\/schema\/person\/image\/\",\"url\":\"https:\/\/secure.gravatar.com\/avatar\/c50c17820bcf322f0a8fd6b110b8c0918141409dc69076470f6fca5fee70a5d4?s=96&d=mm&r=g\",\"contentUrl\":\"https:\/\/secure.gravatar.com\/avatar\/c50c17820bcf322f0a8fd6b110b8c0918141409dc69076470f6fca5fee70a5d4?s=96&d=mm&r=g\",\"caption\":\"Encontra Alphaville\"},\"url\":\"https:\/\/www.encontraalphaville.com.br\/guia\/author\/encontraalphaville\/\"}]}<\/script>\n<!-- \/ Yoast SEO plugin. -->","yoast_head_json":{"title":"CCR ViaOeste diz que elabora projeto executivo para al\u00e7a do km 23 que sofreu \"afundamento\" | Guia Comercial de Alphaville SP","robots":{"index":"index","follow":"follow","max-snippet":"max-snippet:-1","max-image-preview":"max-image-preview:large","max-video-preview":"max-video-preview:-1"},"canonical":"https:\/\/www.encontraalphaville.com.br\/guia\/ccr-viaoeste-diz-que-elabora-projeto-executivo-para-alca-do-km-23-que-sofreu-afundamento\/","og_locale":"pt_BR","og_type":"article","og_title":"CCR ViaOeste diz que elabora projeto executivo para al\u00e7a do km 23 que sofreu \"afundamento\" | Guia Comercial de Alphaville SP","og_description":"Al\u00e7a do km 23 da Rodovia Castello Branco est\u00e1 em fase de projeto executivo.","og_url":"https:\/\/www.encontraalphaville.com.br\/guia\/ccr-viaoeste-diz-que-elabora-projeto-executivo-para-alca-do-km-23-que-sofreu-afundamento\/","og_site_name":"Guia Comercial de Alphaville SP","article_published_time":"2026-03-03T14:53:37+00:00","og_image":[{"url":"https:\/\/www.encontraalphaville.com.br\/guia\/wp-content\/uploads\/2026\/03\/ccr-viaoeste-diz-que-elabora-projeto-executivo-para-alca-do-km-23-que-sofreu-afundamento.webp","type":"","width":"","height":""}],"author":"Encontra Alphaville","twitter_card":"summary_large_image","twitter_misc":{"Escrito por":"Encontra Alphaville","Est. tempo de leitura":"4 minutos"},"schema":{"@context":"https:\/\/schema.org","@graph":[{"@type":"WebPage","@id":"https:\/\/www.encontraalphaville.com.br\/guia\/ccr-viaoeste-diz-que-elabora-projeto-executivo-para-alca-do-km-23-que-sofreu-afundamento\/","url":"https:\/\/www.encontraalphaville.com.br\/guia\/ccr-viaoeste-diz-que-elabora-projeto-executivo-para-alca-do-km-23-que-sofreu-afundamento\/","name":"CCR ViaOeste diz que elabora projeto executivo para al\u00e7a do km 23 que sofreu \"afundamento\" | Guia Comercial de Alphaville SP","isPartOf":{"@id":"https:\/\/www.encontraalphaville.com.br\/guia\/#website"},"primaryImageOfPage":{"@id":"https:\/\/www.encontraalphaville.com.br\/guia\/ccr-viaoeste-diz-que-elabora-projeto-executivo-para-alca-do-km-23-que-sofreu-afundamento\/#primaryimage"},"image":{"@id":"https:\/\/www.encontraalphaville.com.br\/guia\/ccr-viaoeste-diz-que-elabora-projeto-executivo-para-alca-do-km-23-que-sofreu-afundamento\/#primaryimage"},"thumbnailUrl":"https:\/\/www.encontraalphaville.com.br\/guia\/wp-content\/uploads\/2026\/03\/ccr-viaoeste-diz-que-elabora-projeto-executivo-para-alca-do-km-23-que-sofreu-afundamento.webp","datePublished":"2026-03-03T14:53:37+00:00","author":{"@id":"https:\/\/www.encontraalphaville.com.br\/guia\/#\/schema\/person\/a48592ba2de82cdaeeef25afa1c4bc6a"},"inLanguage":"pt-BR","potentialAction":[{"@type":"ReadAction","target":["https:\/\/www.encontraalphaville.com.br\/guia\/ccr-viaoeste-diz-que-elabora-projeto-executivo-para-alca-do-km-23-que-sofreu-afundamento\/"]}]},{"@type":"ImageObject","inLanguage":"pt-BR","@id":"https:\/\/www.encontraalphaville.com.br\/guia\/ccr-viaoeste-diz-que-elabora-projeto-executivo-para-alca-do-km-23-que-sofreu-afundamento\/#primaryimage","url":"https:\/\/www.encontraalphaville.com.br\/guia\/wp-content\/uploads\/2026\/03\/ccr-viaoeste-diz-que-elabora-projeto-executivo-para-alca-do-km-23-que-sofreu-afundamento.webp","contentUrl":"https:\/\/www.encontraalphaville.com.br\/guia\/wp-content\/uploads\/2026\/03\/ccr-viaoeste-diz-que-elabora-projeto-executivo-para-alca-do-km-23-que-sofreu-afundamento.webp","width":280,"height":280,"caption":"al\u00e7a do km 23"},{"@type":"WebSite","@id":"https:\/\/www.encontraalphaville.com.br\/guia\/#website","url":"https:\/\/www.encontraalphaville.com.br\/guia\/","name":"Guia Comercial de Alphaville SP","description":"ENCONTRA ALPHAVILLE - O guia comercial de neg\u00f3cios e empresas, cultura e divers\u00e3o no bairro de Alphaville. Feito 100% para voc\u00ea morador!","potentialAction":[{"@type":"SearchAction","target":{"@type":"EntryPoint","urlTemplate":"https:\/\/www.encontraalphaville.com.br\/guia\/?s={search_term_string}"},"query-input":{"@type":"PropertyValueSpecification","valueRequired":true,"valueName":"search_term_string"}}],"inLanguage":"pt-BR"},{"@type":"Person","@id":"https:\/\/www.encontraalphaville.com.br\/guia\/#\/schema\/person\/a48592ba2de82cdaeeef25afa1c4bc6a","name":"Encontra Alphaville","image":{"@type":"ImageObject","inLanguage":"pt-BR","@id":"https:\/\/www.encontraalphaville.com.br\/guia\/#\/schema\/person\/image\/","url":"https:\/\/secure.gravatar.com\/avatar\/c50c17820bcf322f0a8fd6b110b8c0918141409dc69076470f6fca5fee70a5d4?s=96&d=mm&r=g","contentUrl":"https:\/\/secure.gravatar.com\/avatar\/c50c17820bcf322f0a8fd6b110b8c0918141409dc69076470f6fca5fee70a5d4?s=96&d=mm&r=g","caption":"Encontra Alphaville"},"url":"https:\/\/www.encontraalphaville.com.br\/guia\/author\/encontraalphaville\/"}]}},"_links":{"self":[{"href":"https:\/\/www.encontraalphaville.com.br\/guia\/wp-json\/wp\/v2\/posts\/6477","targetHints":{"allow":["GET"]}}],"collection":[{"href":"https:\/\/www.encontraalphaville.com.br\/guia\/wp-json\/wp\/v2\/posts"}],"about":[{"href":"https:\/\/www.encontraalphaville.com.br\/guia\/wp-json\/wp\/v2\/types\/post"}],"author":[{"embeddable":true,"href":"https:\/\/www.encontraalphaville.com.br\/guia\/wp-json\/wp\/v2\/users\/1"}],"replies":[{"embeddable":true,"href":"https:\/\/www.encontraalphaville.com.br\/guia\/wp-json\/wp\/v2\/comments?post=6477"}],"version-history":[{"count":0,"href":"https:\/\/www.encontraalphaville.com.br\/guia\/wp-json\/wp\/v2\/posts\/6477\/revisions"}],"wp:featuredmedia":[{"embeddable":true,"href":"https:\/\/www.encontraalphaville.com.br\/guia\/wp-json\/wp\/v2\/media\/6476"}],"wp:attachment":[{"href":"https:\/\/www.encontraalphaville.com.br\/guia\/wp-json\/wp\/v2\/media?parent=6477"}],"wp:term":[{"taxonomy":"category","embeddable":true,"href":"https:\/\/www.encontraalphaville.com.br\/guia\/wp-json\/wp\/v2\/categories?post=6477"},{"taxonomy":"post_tag","embeddable":true,"href":"https:\/\/www.encontraalphaville.com.br\/guia\/wp-json\/wp\/v2\/tags?post=6477"}],"curies":[{"name":"wp","href":"https:\/\/api.w.org\/{rel}","templated":true}]}}