{"id":6455,"date":"2026-02-26T11:55:17","date_gmt":"2026-02-26T14:55:17","guid":{"rendered":"https:\/\/www.encontraalphaville.com.br\/guia\/feira-de-artes-da-praca-oiapoque-vai-ate-sabado-28\/"},"modified":"2026-02-26T11:55:17","modified_gmt":"2026-02-26T14:55:17","slug":"feira-de-artes-da-praca-oiapoque-vai-ate-sabado-28","status":"publish","type":"post","link":"https:\/\/www.encontraalphaville.com.br\/guia\/feira-de-artes-da-praca-oiapoque-vai-ate-sabado-28\/","title":{"rendered":"Feira de Artes da Pra\u00e7a Oiapoque vai at\u00e9 s\u00e1bado (28)"},"content":{"rendered":"<h2>Hor\u00e1rios e Datas da Feira<\/h2>\n<p>A <strong>Feira de Artes, Decora\u00e7\u00e3o e Artesanato de Alphaville<\/strong> ocorrer\u00e1 nos dias 26, 27 e 28 de fevereiro, das <strong>10h \u00e0s 22h<\/strong>, na Pra\u00e7a Oiapoque. Essa programa\u00e7\u00e3o extensa possibilita que um grande n\u00famero de pessoas participe ao longo dos tr\u00eas dias, aproveitando ao m\u00e1ximo o evento.<\/p>\n<h2>O que Encontrar na Feira de Artes<\/h2>\n<p>Os visitantes ter\u00e3o acesso a uma variedade impressionante de produtos, incluindo artesanato local, itens de decora\u00e7\u00e3o e obras de arte exclusivas. A feira visa promover a arte e a cultura da regi\u00e3o, permitindo que as pessoas descubram novas pe\u00e7as e se conectem com os artistas locais. Al\u00e9m disso, \u00e9 uma oportunidade para encontrar presentes \u00fanicos e diferenciados.<\/p>\n<h2>Participa\u00e7\u00e3o de Empreendedores Locais<\/h2>\n<p>A iniciativa da feira \u00e9 uma plataforma importante para os <strong>empreendedores locais<\/strong>, que poder\u00e3o expor e vender suas cria\u00e7\u00f5es. Este evento oferece a chance para pequenos neg\u00f3cios mostrarem seu trabalho, contribuindo para o fortalecimento da economia local e o crescimento de comunidades criativas.<\/p>\n<p><img decoding=\"async\" src=\"https:\/\/www.encontraalphaville.com.br\/guia\/wp-content\/uploads\/2026\/02\/feira-de-artes-da-praca-oiapoque-vai-ate-sabado-28.webp\" alt=\"Feira de Artes da Pra\u00e7a Oiapoque\" loading=\"lazy\" \/><\/p>\n<h2>Programa\u00e7\u00e3o de Lazer para Fam\u00edlias<\/h2>\n<p>Al\u00e9m das compras, a feira tamb\u00e9m proporciona uma programa\u00e7\u00e3o de <strong>lazer<\/strong> especialmente voltada para fam\u00edlias e amigos. Atividades interativas e recreativas est\u00e3o programadas, criando um ambiente acolhedor e divertido onde todos podem passar tempo juntos e se divertir.<\/p>\n<h2>Atra\u00e7\u00f5es e Produtos em Destaque<\/h2>\n<p>Dentre as atra\u00e7\u00f5es, os visitantes poder\u00e3o apreciar mostras de dan\u00e7a, m\u00fasica ao vivo e outras apresenta\u00e7\u00f5es culturais. Os produtos em destaque incluem:<\/p>\n<ul>\n<li><strong>Artesanato:<\/strong> Trabalhos manuais que refletem a identidade cultural da regi\u00e3o.<\/li>\n<li><strong>Decora\u00e7\u00f5es:<\/strong> Itens feitos com criatividade e estilo, perfeitos para embelezar qualquer ambiente.<\/li>\n<li><strong>Alimentos Artesanais:<\/strong> Produtos aliment\u00edcios locais que trazem sabores aut\u00eanticos.<\/li>\n<li><strong>Joias e Acess\u00f3rios:<\/strong> Pe\u00e7as \u00fanicas feitas por artes\u00e3os da regi\u00e3o.<\/li>\n<\/ul>\n<h2>Import\u00e2ncia do Com\u00e9rcio Local<\/h2>\n<p>O evento destaca a relev\u00e2ncia do <strong>com\u00e9rcio local<\/strong> e sua contribui\u00e7\u00e3o para a sustentabilidade da economia. Ao comprar de pequenos empreendedores, os consumidores ajudam a garantir que esses neg\u00f3cios possam prosperar, criando um ciclo econ\u00f4mico positivo que beneficia toda a comunidade.<\/p>\n<h2>Food Trucks e Op\u00e7\u00f5es Gastron\u00f4micas<\/h2>\n<p>Para tornar a experi\u00eancia ainda mais agrad\u00e1vel, a feira contar\u00e1 com diversos <strong>food trucks<\/strong>. O p\u00fablico poder\u00e1 degustar uma variedade de pratos, desde op\u00e7\u00f5es tradicionais at\u00e9 alternativas mais modernas e inovadoras:<\/p>\n<ul>\n<li><strong>Comidas T\u00edpicas:<\/strong> Sabores de diversas partes do Brasil para deliciar o paladar.<\/li>\n<li><strong>Culin\u00e1ria Internacional:<\/strong> Pratos inspirados em receitas de diferentes pa\u00edses.<\/li>\n<li><strong>Op\u00e7\u00f5es Veganas e Vegetarianas:<\/strong> Para atender a todos os gostos e dietas.<\/li>\n<li><strong>Bebidas Artesanais:<\/strong> Como sucos naturais e cervejas produzidas localmente.<\/li>\n<\/ul>\n<h2>Experi\u00eancia de Compra Acess\u00edvel<\/h2>\n<p>A feira foi concebida para ser um espa\u00e7o de compras acess\u00edvel a todos. Com uma gama diversificada de produtos, os pre\u00e7os s\u00e3o competitivos, tornando poss\u00edvel que mais pessoas desfrutem das ofertas. Essa acessibilidade \u00e9 concebida para incentivar a compra e a explora\u00e7\u00e3o de novas op\u00e7\u00f5es.<\/p>\n<h2>Um Espa\u00e7o para Conviv\u00eancia<\/h2>\n<p>A feira n\u00e3o \u00e9 apenas um local para comprar, mas tamb\u00e9m um <strong>espa\u00e7o de conviv\u00eancia<\/strong>. \u00c9 um ponto de encontro para amigos e fam\u00edlias, permitindo intera\u00e7\u00f5es sociais e a constru\u00e7\u00e3o de la\u00e7os. A atmosfera festiva e amig\u00e1vel promove um sentido de comunidade e pertencimento.<\/p>\n<h2>Vantagens de Participar da Feira<\/h2>\n<p>Participar da Feira de Artes da Pra\u00e7a Oiapoque \u00e9 uma oportunidade \u00fanica por v\u00e1rias raz\u00f5es:<\/p>\n<ul>\n<li><strong>Apoio ao Com\u00e9rcio Local:<\/strong> Contribua para a economia da regi\u00e3o.<\/li>\n<li><strong>Conhecimento da Cultura Local:<\/strong> Descubra a riqueza cultural de Alphaville e regi\u00e3o.<\/li>\n<li><strong>Acessibilidade:<\/strong> Pre\u00e7os justos e variados garantem que todos possam participar.<\/li>\n<li><strong>Atividades para Todos:<\/strong> Divers\u00e3o e entretenimento para todas as idades.<\/li>\n<\/ul>\n<p>Em resumo, a Feira de Artes da Pra\u00e7a Oiapoque representa mais que uma simples feira; \u00e9 um evento que promove a arte, a cultura e a intera\u00e7\u00e3o comunit\u00e1ria, tornando-se uma data importante no calend\u00e1rio cultural de Alphaville.<\/p>\n","protected":false},"excerpt":{"rendered":"<p>A Feira de Artes na Pra\u00e7a Oiapoque traz muita arte e divers\u00e3o!<\/p>\n","protected":false},"author":1,"featured_media":6454,"comment_status":"open","ping_status":"open","sticky":false,"template":"","format":"standard","meta":{"footnotes":""},"categories":[5],"tags":[],"class_list":["post-6455","post","type-post","status-publish","format-standard","has-post-thumbnail","hentry","category-noticias","has_thumb"],"yoast_head":"<!-- This site is optimized with the Yoast SEO plugin v26.4 - https:\/\/yoast.com\/wordpress\/plugins\/seo\/ -->\n<title>Feira de Artes da Pra\u00e7a Oiapoque vai at\u00e9 s\u00e1bado (28) | Guia Comercial de Alphaville SP<\/title>\n<meta name=\"robots\" content=\"index, follow, max-snippet:-1, max-image-preview:large, max-video-preview:-1\" \/>\n<link rel=\"canonical\" href=\"https:\/\/www.encontraalphaville.com.br\/guia\/feira-de-artes-da-praca-oiapoque-vai-ate-sabado-28\/\" \/>\n<meta property=\"og:locale\" content=\"pt_BR\" \/>\n<meta property=\"og:type\" content=\"article\" \/>\n<meta property=\"og:title\" content=\"Feira de Artes da Pra\u00e7a Oiapoque vai at\u00e9 s\u00e1bado (28) | Guia Comercial de Alphaville SP\" \/>\n<meta property=\"og:description\" content=\"A Feira de Artes na Pra\u00e7a Oiapoque traz muita arte e divers\u00e3o!\" \/>\n<meta property=\"og:url\" content=\"https:\/\/www.encontraalphaville.com.br\/guia\/feira-de-artes-da-praca-oiapoque-vai-ate-sabado-28\/\" \/>\n<meta property=\"og:site_name\" content=\"Guia Comercial de Alphaville SP\" \/>\n<meta property=\"article:published_time\" content=\"2026-02-26T14:55:17+00:00\" \/>\n<meta property=\"og:image\" content=\"https:\/\/www.encontraalphaville.com.br\/guia\/wp-content\/uploads\/2026\/02\/feira-de-artes-da-praca-oiapoque-vai-ate-sabado-28.webp\" \/>\n<meta name=\"author\" content=\"Encontra Alphaville\" \/>\n<meta name=\"twitter:card\" content=\"summary_large_image\" \/>\n<meta name=\"twitter:label1\" content=\"Escrito por\" \/>\n\t<meta name=\"twitter:data1\" content=\"Encontra Alphaville\" \/>\n\t<meta name=\"twitter:label2\" content=\"Est. tempo de leitura\" \/>\n\t<meta name=\"twitter:data2\" content=\"3 minutos\" \/>\n<script type=\"application\/ld+json\" class=\"yoast-schema-graph\">{\"@context\":\"https:\/\/schema.org\",\"@graph\":[{\"@type\":\"WebPage\",\"@id\":\"https:\/\/www.encontraalphaville.com.br\/guia\/feira-de-artes-da-praca-oiapoque-vai-ate-sabado-28\/\",\"url\":\"https:\/\/www.encontraalphaville.com.br\/guia\/feira-de-artes-da-praca-oiapoque-vai-ate-sabado-28\/\",\"name\":\"Feira de Artes da Pra\u00e7a Oiapoque vai at\u00e9 s\u00e1bado (28) | Guia Comercial de Alphaville SP\",\"isPartOf\":{\"@id\":\"https:\/\/www.encontraalphaville.com.br\/guia\/#website\"},\"primaryImageOfPage\":{\"@id\":\"https:\/\/www.encontraalphaville.com.br\/guia\/feira-de-artes-da-praca-oiapoque-vai-ate-sabado-28\/#primaryimage\"},\"image\":{\"@id\":\"https:\/\/www.encontraalphaville.com.br\/guia\/feira-de-artes-da-praca-oiapoque-vai-ate-sabado-28\/#primaryimage\"},\"thumbnailUrl\":\"https:\/\/www.encontraalphaville.com.br\/guia\/wp-content\/uploads\/2026\/02\/feira-de-artes-da-praca-oiapoque-vai-ate-sabado-28.webp\",\"datePublished\":\"2026-02-26T14:55:17+00:00\",\"author\":{\"@id\":\"https:\/\/www.encontraalphaville.com.br\/guia\/#\/schema\/person\/a48592ba2de82cdaeeef25afa1c4bc6a\"},\"inLanguage\":\"pt-BR\",\"potentialAction\":[{\"@type\":\"ReadAction\",\"target\":[\"https:\/\/www.encontraalphaville.com.br\/guia\/feira-de-artes-da-praca-oiapoque-vai-ate-sabado-28\/\"]}]},{\"@type\":\"ImageObject\",\"inLanguage\":\"pt-BR\",\"@id\":\"https:\/\/www.encontraalphaville.com.br\/guia\/feira-de-artes-da-praca-oiapoque-vai-ate-sabado-28\/#primaryimage\",\"url\":\"https:\/\/www.encontraalphaville.com.br\/guia\/wp-content\/uploads\/2026\/02\/feira-de-artes-da-praca-oiapoque-vai-ate-sabado-28.webp\",\"contentUrl\":\"https:\/\/www.encontraalphaville.com.br\/guia\/wp-content\/uploads\/2026\/02\/feira-de-artes-da-praca-oiapoque-vai-ate-sabado-28.webp\",\"width\":280,\"height\":280,\"caption\":\"Feira de Artes da Pra\u00e7a Oiapoque\"},{\"@type\":\"WebSite\",\"@id\":\"https:\/\/www.encontraalphaville.com.br\/guia\/#website\",\"url\":\"https:\/\/www.encontraalphaville.com.br\/guia\/\",\"name\":\"Guia Comercial de Alphaville SP\",\"description\":\"ENCONTRA ALPHAVILLE - O guia comercial de neg\u00f3cios e empresas, cultura e divers\u00e3o no bairro de Alphaville. Feito 100% para voc\u00ea morador!\",\"potentialAction\":[{\"@type\":\"SearchAction\",\"target\":{\"@type\":\"EntryPoint\",\"urlTemplate\":\"https:\/\/www.encontraalphaville.com.br\/guia\/?s={search_term_string}\"},\"query-input\":{\"@type\":\"PropertyValueSpecification\",\"valueRequired\":true,\"valueName\":\"search_term_string\"}}],\"inLanguage\":\"pt-BR\"},{\"@type\":\"Person\",\"@id\":\"https:\/\/www.encontraalphaville.com.br\/guia\/#\/schema\/person\/a48592ba2de82cdaeeef25afa1c4bc6a\",\"name\":\"Encontra Alphaville\",\"image\":{\"@type\":\"ImageObject\",\"inLanguage\":\"pt-BR\",\"@id\":\"https:\/\/www.encontraalphaville.com.br\/guia\/#\/schema\/person\/image\/\",\"url\":\"https:\/\/secure.gravatar.com\/avatar\/c50c17820bcf322f0a8fd6b110b8c0918141409dc69076470f6fca5fee70a5d4?s=96&d=mm&r=g\",\"contentUrl\":\"https:\/\/secure.gravatar.com\/avatar\/c50c17820bcf322f0a8fd6b110b8c0918141409dc69076470f6fca5fee70a5d4?s=96&d=mm&r=g\",\"caption\":\"Encontra Alphaville\"},\"url\":\"https:\/\/www.encontraalphaville.com.br\/guia\/author\/encontraalphaville\/\"}]}<\/script>\n<!-- \/ Yoast SEO plugin. -->","yoast_head_json":{"title":"Feira de Artes da Pra\u00e7a Oiapoque vai at\u00e9 s\u00e1bado (28) | Guia Comercial de Alphaville SP","robots":{"index":"index","follow":"follow","max-snippet":"max-snippet:-1","max-image-preview":"max-image-preview:large","max-video-preview":"max-video-preview:-1"},"canonical":"https:\/\/www.encontraalphaville.com.br\/guia\/feira-de-artes-da-praca-oiapoque-vai-ate-sabado-28\/","og_locale":"pt_BR","og_type":"article","og_title":"Feira de Artes da Pra\u00e7a Oiapoque vai at\u00e9 s\u00e1bado (28) | Guia Comercial de Alphaville SP","og_description":"A Feira de Artes na Pra\u00e7a Oiapoque traz muita arte e divers\u00e3o!","og_url":"https:\/\/www.encontraalphaville.com.br\/guia\/feira-de-artes-da-praca-oiapoque-vai-ate-sabado-28\/","og_site_name":"Guia Comercial de Alphaville SP","article_published_time":"2026-02-26T14:55:17+00:00","og_image":[{"url":"https:\/\/www.encontraalphaville.com.br\/guia\/wp-content\/uploads\/2026\/02\/feira-de-artes-da-praca-oiapoque-vai-ate-sabado-28.webp","type":"","width":"","height":""}],"author":"Encontra Alphaville","twitter_card":"summary_large_image","twitter_misc":{"Escrito por":"Encontra Alphaville","Est. tempo de leitura":"3 minutos"},"schema":{"@context":"https:\/\/schema.org","@graph":[{"@type":"WebPage","@id":"https:\/\/www.encontraalphaville.com.br\/guia\/feira-de-artes-da-praca-oiapoque-vai-ate-sabado-28\/","url":"https:\/\/www.encontraalphaville.com.br\/guia\/feira-de-artes-da-praca-oiapoque-vai-ate-sabado-28\/","name":"Feira de Artes da Pra\u00e7a Oiapoque vai at\u00e9 s\u00e1bado (28) | Guia Comercial de Alphaville SP","isPartOf":{"@id":"https:\/\/www.encontraalphaville.com.br\/guia\/#website"},"primaryImageOfPage":{"@id":"https:\/\/www.encontraalphaville.com.br\/guia\/feira-de-artes-da-praca-oiapoque-vai-ate-sabado-28\/#primaryimage"},"image":{"@id":"https:\/\/www.encontraalphaville.com.br\/guia\/feira-de-artes-da-praca-oiapoque-vai-ate-sabado-28\/#primaryimage"},"thumbnailUrl":"https:\/\/www.encontraalphaville.com.br\/guia\/wp-content\/uploads\/2026\/02\/feira-de-artes-da-praca-oiapoque-vai-ate-sabado-28.webp","datePublished":"2026-02-26T14:55:17+00:00","author":{"@id":"https:\/\/www.encontraalphaville.com.br\/guia\/#\/schema\/person\/a48592ba2de82cdaeeef25afa1c4bc6a"},"inLanguage":"pt-BR","potentialAction":[{"@type":"ReadAction","target":["https:\/\/www.encontraalphaville.com.br\/guia\/feira-de-artes-da-praca-oiapoque-vai-ate-sabado-28\/"]}]},{"@type":"ImageObject","inLanguage":"pt-BR","@id":"https:\/\/www.encontraalphaville.com.br\/guia\/feira-de-artes-da-praca-oiapoque-vai-ate-sabado-28\/#primaryimage","url":"https:\/\/www.encontraalphaville.com.br\/guia\/wp-content\/uploads\/2026\/02\/feira-de-artes-da-praca-oiapoque-vai-ate-sabado-28.webp","contentUrl":"https:\/\/www.encontraalphaville.com.br\/guia\/wp-content\/uploads\/2026\/02\/feira-de-artes-da-praca-oiapoque-vai-ate-sabado-28.webp","width":280,"height":280,"caption":"Feira de Artes da Pra\u00e7a Oiapoque"},{"@type":"WebSite","@id":"https:\/\/www.encontraalphaville.com.br\/guia\/#website","url":"https:\/\/www.encontraalphaville.com.br\/guia\/","name":"Guia Comercial de Alphaville SP","description":"ENCONTRA ALPHAVILLE - O guia comercial de neg\u00f3cios e empresas, cultura e divers\u00e3o no bairro de Alphaville. Feito 100% para voc\u00ea morador!","potentialAction":[{"@type":"SearchAction","target":{"@type":"EntryPoint","urlTemplate":"https:\/\/www.encontraalphaville.com.br\/guia\/?s={search_term_string}"},"query-input":{"@type":"PropertyValueSpecification","valueRequired":true,"valueName":"search_term_string"}}],"inLanguage":"pt-BR"},{"@type":"Person","@id":"https:\/\/www.encontraalphaville.com.br\/guia\/#\/schema\/person\/a48592ba2de82cdaeeef25afa1c4bc6a","name":"Encontra Alphaville","image":{"@type":"ImageObject","inLanguage":"pt-BR","@id":"https:\/\/www.encontraalphaville.com.br\/guia\/#\/schema\/person\/image\/","url":"https:\/\/secure.gravatar.com\/avatar\/c50c17820bcf322f0a8fd6b110b8c0918141409dc69076470f6fca5fee70a5d4?s=96&d=mm&r=g","contentUrl":"https:\/\/secure.gravatar.com\/avatar\/c50c17820bcf322f0a8fd6b110b8c0918141409dc69076470f6fca5fee70a5d4?s=96&d=mm&r=g","caption":"Encontra Alphaville"},"url":"https:\/\/www.encontraalphaville.com.br\/guia\/author\/encontraalphaville\/"}]}},"_links":{"self":[{"href":"https:\/\/www.encontraalphaville.com.br\/guia\/wp-json\/wp\/v2\/posts\/6455","targetHints":{"allow":["GET"]}}],"collection":[{"href":"https:\/\/www.encontraalphaville.com.br\/guia\/wp-json\/wp\/v2\/posts"}],"about":[{"href":"https:\/\/www.encontraalphaville.com.br\/guia\/wp-json\/wp\/v2\/types\/post"}],"author":[{"embeddable":true,"href":"https:\/\/www.encontraalphaville.com.br\/guia\/wp-json\/wp\/v2\/users\/1"}],"replies":[{"embeddable":true,"href":"https:\/\/www.encontraalphaville.com.br\/guia\/wp-json\/wp\/v2\/comments?post=6455"}],"version-history":[{"count":0,"href":"https:\/\/www.encontraalphaville.com.br\/guia\/wp-json\/wp\/v2\/posts\/6455\/revisions"}],"wp:featuredmedia":[{"embeddable":true,"href":"https:\/\/www.encontraalphaville.com.br\/guia\/wp-json\/wp\/v2\/media\/6454"}],"wp:attachment":[{"href":"https:\/\/www.encontraalphaville.com.br\/guia\/wp-json\/wp\/v2\/media?parent=6455"}],"wp:term":[{"taxonomy":"category","embeddable":true,"href":"https:\/\/www.encontraalphaville.com.br\/guia\/wp-json\/wp\/v2\/categories?post=6455"},{"taxonomy":"post_tag","embeddable":true,"href":"https:\/\/www.encontraalphaville.com.br\/guia\/wp-json\/wp\/v2\/tags?post=6455"}],"curies":[{"name":"wp","href":"https:\/\/api.w.org\/{rel}","templated":true}]}}