{"id":6416,"date":"2026-02-19T11:54:08","date_gmt":"2026-02-19T14:54:08","guid":{"rendered":"https:\/\/www.encontraalphaville.com.br\/guia\/barueri-rua-da-prata-e-av-mario-sadanori-doi-terao-faixas-interditadas\/"},"modified":"2026-02-19T11:54:08","modified_gmt":"2026-02-19T14:54:08","slug":"barueri-rua-da-prata-e-av-mario-sadanori-doi-terao-faixas-interditadas","status":"publish","type":"post","link":"https:\/\/www.encontraalphaville.com.br\/guia\/barueri-rua-da-prata-e-av-mario-sadanori-doi-terao-faixas-interditadas\/","title":{"rendered":"Barueri: Rua da Prata e Av. M\u00e1rio Sadanori D\u00f3i ter\u00e3o faixas interditadas"},"content":{"rendered":"<h2>Motivo das Interdi\u00e7\u00f5es em Barueri<\/h2>\n<p>A cidade de Barueri passar\u00e1 por mudan\u00e7as significativas nas faixas de tr\u00e1fego da Rua da Prata e da Avenida M\u00e1rio Sadanori D\u00f3i. Essas interven\u00e7\u00f5es s\u00e3o parte das obras para a expans\u00e3o da Rodovia Castello Branco (SP-280). A iniciativa busca melhorar a capacidade e a seguran\u00e7a do tr\u00e2nsito na regi\u00e3o, otimizando o fluxo de ve\u00edculos e aumentando a efici\u00eancia das vias marginais.<\/p>\n<h2>Cronograma das Interdi\u00e7\u00f5es<\/h2>\n<p>As interdi\u00e7\u00f5es est\u00e3o programadas para ocorrer entre os dias 14 e 17 de fevereiro. O cronograma das atividades est\u00e1 dividido em duas etapas:<\/p>\n<ul>\n<li><strong>1\u00aa etapa \u2013 Rua da Prata:<\/strong><\/li>\n<ul>\n<li><strong>Data:<\/strong> 14\/02 (s\u00e1bado) a 15\/02 (domingo)<\/li>\n<li><strong>Hor\u00e1rio:<\/strong> In\u00edcio \u00e0s 10h e t\u00e9rmino \u00e0s 16h30 do dia seguinte<\/li>\n<li><strong>Interdi\u00e7\u00e3o:<\/strong> Faixa 2 no sentido da Avenida Guilherme Guglielmo<\/li>\n<\/ul>\n<li><strong>2\u00aa etapa \u2013 Avenida M\u00e1rio Sadanori D\u00f3i:<\/strong><\/li>\n<ul>\n<li><strong>Data:<\/strong> 16\/02 (segunda-feira) a 17\/02 (ter\u00e7a-feira)<\/li>\n<li><strong>Hor\u00e1rio:<\/strong> In\u00edcio \u00e0s 8h e t\u00e9rmino \u00e0s 16h30<\/li>\n<li><strong>Interdi\u00e7\u00e3o:<\/strong> Faixa 2 no sentido da Alameda Tocantins<\/li>\n<\/ul>\n<\/ul>\n<h2>O que Mudar\u00e1 na Circula\u00e7\u00e3o?<\/h2>\n<p>Durante o per\u00edodo das interven\u00e7\u00f5es, a circula\u00e7\u00e3o na Rua da Prata e na Avenida M\u00e1rio Sadanori D\u00f3i sofrer\u00e1 altera\u00e7\u00f5es e poder\u00e1 causar congestionamentos. As faixas interditadas diminuir\u00e3o a capacidade de tr\u00e1fego, sendo essencial que motoristas estejam cientes das mudan\u00e7as tempor\u00e1rias na sua rota habitual.<\/p>\n<p><img decoding=\"async\" src=\"https:\/\/www.encontraalphaville.com.br\/guia\/wp-content\/uploads\/2026\/02\/barueri-rua-da-prata-e-av-mario-sadanori-doi-terao-faixas-interditadas.webp\" alt=\"Interdi\u00e7\u00f5es em Barueri\" loading=\"lazy\" \/><\/p>\n<h2>Impacto no Tr\u00e2nsito Local<\/h2>\n<p>As interdi\u00e7\u00f5es t\u00eam o potencial de impactar o tr\u00e2nsito em Barueri, especialmente nas \u00e1reas pr\u00f3ximas a essas vias. \u00c9 esperado um aumento tempor\u00e1rio no volume de ve\u00edculos em rotas alternativas. Para minimizar os transtornos, \u00e9 recomendado que os motoristas planejem seus trajetos com anteced\u00eancia e estejam preparados para poss\u00edveis atrasos.<\/p>\n<h2>Orienta\u00e7\u00f5es para Motoristas<\/h2>\n<p>A ViOeste, respons\u00e1vel pelas obras, aconselha os motoristas a:<\/p>\n<ul>\n<li>Aumentar a aten\u00e7\u00e3o ao dirigir nas proximidades das \u00e1reas de obras.<\/li>\n<li>Respeitar toda a sinaliza\u00e7\u00e3o e orienta\u00e7\u00f5es da equipe de seguran\u00e7a que ir\u00e1 supervisionar os locais afetados.<\/li>\n<li>Programar os hor\u00e1rios de deslocamento, evitando picos de tr\u00e1fego durante os per\u00edodos cr\u00edticos.<\/li>\n<\/ul>\n<h2>Seguran\u00e7a Durante as Obras<\/h2>\n<p>A seguran\u00e7a \u00e9 uma prioridade durante as interven\u00e7\u00f5es vi\u00e1rias. A concession\u00e1ria implementar\u00e1 sinaliza\u00e7\u00f5es adequadas em todos os trechos afetados e contar\u00e1 com equipes operacionais para garantir que o tr\u00e2nsito flua da maneira mais segura poss\u00edvel. Essas medidas t\u00eam como objetivo n\u00e3o apenas facilitar as obras, mas tamb\u00e9m proteger motoristas e pedestres.<\/p>\n<h2>Benef\u00edcios das Melhorias na Rodovia<\/h2>\n<p>Apesar dos inconvenientes tempor\u00e1rios, as obras s\u00e3o necess\u00e1rias e trar\u00e3o benef\u00edcios a longo prazo. As melhorias na Rodovia Castello Branco incluem:<\/p>\n<ul>\n<li><strong>Expans\u00e3o da capacidade das vias marginais<\/strong><\/li>\n<li><strong>Aprimoramento da infraestrutura vi\u00e1ria<\/strong><\/li>\n<li><strong>Maior seguran\u00e7a para motoristas e pedestres<\/strong><\/li>\n<li><strong>Redu\u00e7\u00e3o de congestionamentos futuros<\/strong><\/li>\n<\/ul>\n<h2>Comunica\u00e7\u00e3o da ViaOeste<\/h2>\n<p>Para facilitar o acompanhamento das obras e das mudan\u00e7as no tr\u00e1fego, a ViaOeste disponibiliza informa\u00e7\u00f5es atualizadas atrav\u00e9s de seus canais de comunica\u00e7\u00e3o. Motoristas e cidad\u00e3os podem acessar essas informa\u00e7\u00f5es nas redes sociais da empresa e em seu site oficial, garantido que todos tenham a oportunidade de estar informados sobre o andamento das obras.<\/p>\n<h2>Como Acompanhar as Atualiza\u00e7\u00f5es<\/h2>\n<p>Manter-se informado sobre as interdi\u00e7\u00f5es e altera\u00e7\u00f5es vi\u00e1rias \u00e9 crucial para evitar transtornos. Para isso:<\/p>\n<ul>\n<li>Verifique os sites e as p\u00e1ginas de redes sociais da ViaOeste con regularmente.<\/li>\n<li>Use aplicativos de navega\u00e7\u00e3o que oferecem informa\u00e7\u00f5es em tempo real sobre o tr\u00e2nsito.<\/li>\n<li>Considere consultar a p\u00e1gina da Prefeitura de Barueri para comunica\u00e7\u00f5es sobre o tr\u00e1fego e as obras locais.<\/li>\n<\/ul>\n<h2>Expectativas para a Conclus\u00e3o das Obras<\/h2>\n<p>As obras de amplia\u00e7\u00e3o da Rodovia Castello Branco s\u00e3o parte de um esfor\u00e7o muito maior para desenvolver a infraestrutura de transporte em Barueri e nas \u00e1reas adjacentes. A conclus\u00e3o dessas interven\u00e7\u00f5es ser\u00e1 um marco importante, trazendo melhores condi\u00e7\u00f5es de tr\u00e1fego e elevando a seguran\u00e7a nas vias locais. Autoridades esperam que os resultados sejam vis\u00edveis em breve, com um tr\u00e1fego mais fluido e menos congestionamentos ao longo das marginais aprimoradas.<\/p>\n","protected":false},"excerpt":{"rendered":"<p>Barueri ter\u00e1 faixas interditadas na Rua da Prata e Av. M\u00e1rio Sadanori D\u00f3i entre os dias 14 e 17.<\/p>\n","protected":false},"author":1,"featured_media":6415,"comment_status":"open","ping_status":"open","sticky":false,"template":"","format":"standard","meta":{"footnotes":""},"categories":[5],"tags":[],"class_list":["post-6416","post","type-post","status-publish","format-standard","has-post-thumbnail","hentry","category-noticias","has_thumb"],"yoast_head":"<!-- This site is optimized with the Yoast SEO plugin v26.4 - https:\/\/yoast.com\/wordpress\/plugins\/seo\/ -->\n<title>Barueri: Rua da Prata e Av. M\u00e1rio Sadanori D\u00f3i ter\u00e3o faixas interditadas | Guia Comercial de Alphaville SP<\/title>\n<meta name=\"robots\" content=\"index, follow, max-snippet:-1, max-image-preview:large, max-video-preview:-1\" \/>\n<link rel=\"canonical\" href=\"https:\/\/www.encontraalphaville.com.br\/guia\/barueri-rua-da-prata-e-av-mario-sadanori-doi-terao-faixas-interditadas\/\" \/>\n<meta property=\"og:locale\" content=\"pt_BR\" \/>\n<meta property=\"og:type\" content=\"article\" \/>\n<meta property=\"og:title\" content=\"Barueri: Rua da Prata e Av. M\u00e1rio Sadanori D\u00f3i ter\u00e3o faixas interditadas | Guia Comercial de Alphaville SP\" \/>\n<meta property=\"og:description\" content=\"Barueri ter\u00e1 faixas interditadas na Rua da Prata e Av. M\u00e1rio Sadanori D\u00f3i entre os dias 14 e 17.\" \/>\n<meta property=\"og:url\" content=\"https:\/\/www.encontraalphaville.com.br\/guia\/barueri-rua-da-prata-e-av-mario-sadanori-doi-terao-faixas-interditadas\/\" \/>\n<meta property=\"og:site_name\" content=\"Guia Comercial de Alphaville SP\" \/>\n<meta property=\"article:published_time\" content=\"2026-02-19T14:54:08+00:00\" \/>\n<meta property=\"og:image\" content=\"https:\/\/www.encontraalphaville.com.br\/guia\/wp-content\/uploads\/2026\/02\/barueri-rua-da-prata-e-av-mario-sadanori-doi-terao-faixas-interditadas.webp\" \/>\n<meta name=\"author\" content=\"Encontra Alphaville\" \/>\n<meta name=\"twitter:card\" content=\"summary_large_image\" \/>\n<meta name=\"twitter:label1\" content=\"Escrito por\" \/>\n\t<meta name=\"twitter:data1\" content=\"Encontra Alphaville\" \/>\n\t<meta name=\"twitter:label2\" content=\"Est. tempo de leitura\" \/>\n\t<meta name=\"twitter:data2\" content=\"3 minutos\" \/>\n<script type=\"application\/ld+json\" class=\"yoast-schema-graph\">{\"@context\":\"https:\/\/schema.org\",\"@graph\":[{\"@type\":\"WebPage\",\"@id\":\"https:\/\/www.encontraalphaville.com.br\/guia\/barueri-rua-da-prata-e-av-mario-sadanori-doi-terao-faixas-interditadas\/\",\"url\":\"https:\/\/www.encontraalphaville.com.br\/guia\/barueri-rua-da-prata-e-av-mario-sadanori-doi-terao-faixas-interditadas\/\",\"name\":\"Barueri: Rua da Prata e Av. M\u00e1rio Sadanori D\u00f3i ter\u00e3o faixas interditadas | Guia Comercial de Alphaville SP\",\"isPartOf\":{\"@id\":\"https:\/\/www.encontraalphaville.com.br\/guia\/#website\"},\"primaryImageOfPage\":{\"@id\":\"https:\/\/www.encontraalphaville.com.br\/guia\/barueri-rua-da-prata-e-av-mario-sadanori-doi-terao-faixas-interditadas\/#primaryimage\"},\"image\":{\"@id\":\"https:\/\/www.encontraalphaville.com.br\/guia\/barueri-rua-da-prata-e-av-mario-sadanori-doi-terao-faixas-interditadas\/#primaryimage\"},\"thumbnailUrl\":\"https:\/\/www.encontraalphaville.com.br\/guia\/wp-content\/uploads\/2026\/02\/barueri-rua-da-prata-e-av-mario-sadanori-doi-terao-faixas-interditadas.webp\",\"datePublished\":\"2026-02-19T14:54:08+00:00\",\"author\":{\"@id\":\"https:\/\/www.encontraalphaville.com.br\/guia\/#\/schema\/person\/a48592ba2de82cdaeeef25afa1c4bc6a\"},\"inLanguage\":\"pt-BR\",\"potentialAction\":[{\"@type\":\"ReadAction\",\"target\":[\"https:\/\/www.encontraalphaville.com.br\/guia\/barueri-rua-da-prata-e-av-mario-sadanori-doi-terao-faixas-interditadas\/\"]}]},{\"@type\":\"ImageObject\",\"inLanguage\":\"pt-BR\",\"@id\":\"https:\/\/www.encontraalphaville.com.br\/guia\/barueri-rua-da-prata-e-av-mario-sadanori-doi-terao-faixas-interditadas\/#primaryimage\",\"url\":\"https:\/\/www.encontraalphaville.com.br\/guia\/wp-content\/uploads\/2026\/02\/barueri-rua-da-prata-e-av-mario-sadanori-doi-terao-faixas-interditadas.webp\",\"contentUrl\":\"https:\/\/www.encontraalphaville.com.br\/guia\/wp-content\/uploads\/2026\/02\/barueri-rua-da-prata-e-av-mario-sadanori-doi-terao-faixas-interditadas.webp\",\"width\":280,\"height\":280,\"caption\":\"Interdi\u00e7\u00f5es em Barueri\"},{\"@type\":\"WebSite\",\"@id\":\"https:\/\/www.encontraalphaville.com.br\/guia\/#website\",\"url\":\"https:\/\/www.encontraalphaville.com.br\/guia\/\",\"name\":\"Guia Comercial de Alphaville SP\",\"description\":\"ENCONTRA ALPHAVILLE - O guia comercial de neg\u00f3cios e empresas, cultura e divers\u00e3o no bairro de Alphaville. Feito 100% para voc\u00ea morador!\",\"potentialAction\":[{\"@type\":\"SearchAction\",\"target\":{\"@type\":\"EntryPoint\",\"urlTemplate\":\"https:\/\/www.encontraalphaville.com.br\/guia\/?s={search_term_string}\"},\"query-input\":{\"@type\":\"PropertyValueSpecification\",\"valueRequired\":true,\"valueName\":\"search_term_string\"}}],\"inLanguage\":\"pt-BR\"},{\"@type\":\"Person\",\"@id\":\"https:\/\/www.encontraalphaville.com.br\/guia\/#\/schema\/person\/a48592ba2de82cdaeeef25afa1c4bc6a\",\"name\":\"Encontra Alphaville\",\"image\":{\"@type\":\"ImageObject\",\"inLanguage\":\"pt-BR\",\"@id\":\"https:\/\/www.encontraalphaville.com.br\/guia\/#\/schema\/person\/image\/\",\"url\":\"https:\/\/secure.gravatar.com\/avatar\/c50c17820bcf322f0a8fd6b110b8c0918141409dc69076470f6fca5fee70a5d4?s=96&d=mm&r=g\",\"contentUrl\":\"https:\/\/secure.gravatar.com\/avatar\/c50c17820bcf322f0a8fd6b110b8c0918141409dc69076470f6fca5fee70a5d4?s=96&d=mm&r=g\",\"caption\":\"Encontra Alphaville\"},\"url\":\"https:\/\/www.encontraalphaville.com.br\/guia\/author\/encontraalphaville\/\"}]}<\/script>\n<!-- \/ Yoast SEO plugin. -->","yoast_head_json":{"title":"Barueri: Rua da Prata e Av. M\u00e1rio Sadanori D\u00f3i ter\u00e3o faixas interditadas | Guia Comercial de Alphaville SP","robots":{"index":"index","follow":"follow","max-snippet":"max-snippet:-1","max-image-preview":"max-image-preview:large","max-video-preview":"max-video-preview:-1"},"canonical":"https:\/\/www.encontraalphaville.com.br\/guia\/barueri-rua-da-prata-e-av-mario-sadanori-doi-terao-faixas-interditadas\/","og_locale":"pt_BR","og_type":"article","og_title":"Barueri: Rua da Prata e Av. M\u00e1rio Sadanori D\u00f3i ter\u00e3o faixas interditadas | Guia Comercial de Alphaville SP","og_description":"Barueri ter\u00e1 faixas interditadas na Rua da Prata e Av. M\u00e1rio Sadanori D\u00f3i entre os dias 14 e 17.","og_url":"https:\/\/www.encontraalphaville.com.br\/guia\/barueri-rua-da-prata-e-av-mario-sadanori-doi-terao-faixas-interditadas\/","og_site_name":"Guia Comercial de Alphaville SP","article_published_time":"2026-02-19T14:54:08+00:00","og_image":[{"url":"https:\/\/www.encontraalphaville.com.br\/guia\/wp-content\/uploads\/2026\/02\/barueri-rua-da-prata-e-av-mario-sadanori-doi-terao-faixas-interditadas.webp","type":"","width":"","height":""}],"author":"Encontra Alphaville","twitter_card":"summary_large_image","twitter_misc":{"Escrito por":"Encontra Alphaville","Est. tempo de leitura":"3 minutos"},"schema":{"@context":"https:\/\/schema.org","@graph":[{"@type":"WebPage","@id":"https:\/\/www.encontraalphaville.com.br\/guia\/barueri-rua-da-prata-e-av-mario-sadanori-doi-terao-faixas-interditadas\/","url":"https:\/\/www.encontraalphaville.com.br\/guia\/barueri-rua-da-prata-e-av-mario-sadanori-doi-terao-faixas-interditadas\/","name":"Barueri: Rua da Prata e Av. M\u00e1rio Sadanori D\u00f3i ter\u00e3o faixas interditadas | Guia Comercial de Alphaville SP","isPartOf":{"@id":"https:\/\/www.encontraalphaville.com.br\/guia\/#website"},"primaryImageOfPage":{"@id":"https:\/\/www.encontraalphaville.com.br\/guia\/barueri-rua-da-prata-e-av-mario-sadanori-doi-terao-faixas-interditadas\/#primaryimage"},"image":{"@id":"https:\/\/www.encontraalphaville.com.br\/guia\/barueri-rua-da-prata-e-av-mario-sadanori-doi-terao-faixas-interditadas\/#primaryimage"},"thumbnailUrl":"https:\/\/www.encontraalphaville.com.br\/guia\/wp-content\/uploads\/2026\/02\/barueri-rua-da-prata-e-av-mario-sadanori-doi-terao-faixas-interditadas.webp","datePublished":"2026-02-19T14:54:08+00:00","author":{"@id":"https:\/\/www.encontraalphaville.com.br\/guia\/#\/schema\/person\/a48592ba2de82cdaeeef25afa1c4bc6a"},"inLanguage":"pt-BR","potentialAction":[{"@type":"ReadAction","target":["https:\/\/www.encontraalphaville.com.br\/guia\/barueri-rua-da-prata-e-av-mario-sadanori-doi-terao-faixas-interditadas\/"]}]},{"@type":"ImageObject","inLanguage":"pt-BR","@id":"https:\/\/www.encontraalphaville.com.br\/guia\/barueri-rua-da-prata-e-av-mario-sadanori-doi-terao-faixas-interditadas\/#primaryimage","url":"https:\/\/www.encontraalphaville.com.br\/guia\/wp-content\/uploads\/2026\/02\/barueri-rua-da-prata-e-av-mario-sadanori-doi-terao-faixas-interditadas.webp","contentUrl":"https:\/\/www.encontraalphaville.com.br\/guia\/wp-content\/uploads\/2026\/02\/barueri-rua-da-prata-e-av-mario-sadanori-doi-terao-faixas-interditadas.webp","width":280,"height":280,"caption":"Interdi\u00e7\u00f5es em Barueri"},{"@type":"WebSite","@id":"https:\/\/www.encontraalphaville.com.br\/guia\/#website","url":"https:\/\/www.encontraalphaville.com.br\/guia\/","name":"Guia Comercial de Alphaville SP","description":"ENCONTRA ALPHAVILLE - O guia comercial de neg\u00f3cios e empresas, cultura e divers\u00e3o no bairro de Alphaville. Feito 100% para voc\u00ea morador!","potentialAction":[{"@type":"SearchAction","target":{"@type":"EntryPoint","urlTemplate":"https:\/\/www.encontraalphaville.com.br\/guia\/?s={search_term_string}"},"query-input":{"@type":"PropertyValueSpecification","valueRequired":true,"valueName":"search_term_string"}}],"inLanguage":"pt-BR"},{"@type":"Person","@id":"https:\/\/www.encontraalphaville.com.br\/guia\/#\/schema\/person\/a48592ba2de82cdaeeef25afa1c4bc6a","name":"Encontra Alphaville","image":{"@type":"ImageObject","inLanguage":"pt-BR","@id":"https:\/\/www.encontraalphaville.com.br\/guia\/#\/schema\/person\/image\/","url":"https:\/\/secure.gravatar.com\/avatar\/c50c17820bcf322f0a8fd6b110b8c0918141409dc69076470f6fca5fee70a5d4?s=96&d=mm&r=g","contentUrl":"https:\/\/secure.gravatar.com\/avatar\/c50c17820bcf322f0a8fd6b110b8c0918141409dc69076470f6fca5fee70a5d4?s=96&d=mm&r=g","caption":"Encontra Alphaville"},"url":"https:\/\/www.encontraalphaville.com.br\/guia\/author\/encontraalphaville\/"}]}},"_links":{"self":[{"href":"https:\/\/www.encontraalphaville.com.br\/guia\/wp-json\/wp\/v2\/posts\/6416","targetHints":{"allow":["GET"]}}],"collection":[{"href":"https:\/\/www.encontraalphaville.com.br\/guia\/wp-json\/wp\/v2\/posts"}],"about":[{"href":"https:\/\/www.encontraalphaville.com.br\/guia\/wp-json\/wp\/v2\/types\/post"}],"author":[{"embeddable":true,"href":"https:\/\/www.encontraalphaville.com.br\/guia\/wp-json\/wp\/v2\/users\/1"}],"replies":[{"embeddable":true,"href":"https:\/\/www.encontraalphaville.com.br\/guia\/wp-json\/wp\/v2\/comments?post=6416"}],"version-history":[{"count":0,"href":"https:\/\/www.encontraalphaville.com.br\/guia\/wp-json\/wp\/v2\/posts\/6416\/revisions"}],"wp:featuredmedia":[{"embeddable":true,"href":"https:\/\/www.encontraalphaville.com.br\/guia\/wp-json\/wp\/v2\/media\/6415"}],"wp:attachment":[{"href":"https:\/\/www.encontraalphaville.com.br\/guia\/wp-json\/wp\/v2\/media?parent=6416"}],"wp:term":[{"taxonomy":"category","embeddable":true,"href":"https:\/\/www.encontraalphaville.com.br\/guia\/wp-json\/wp\/v2\/categories?post=6416"},{"taxonomy":"post_tag","embeddable":true,"href":"https:\/\/www.encontraalphaville.com.br\/guia\/wp-json\/wp\/v2\/tags?post=6416"}],"curies":[{"name":"wp","href":"https:\/\/api.w.org\/{rel}","templated":true}]}}