{"id":6412,"date":"2026-02-19T11:50:50","date_gmt":"2026-02-19T14:50:50","guid":{"rendered":"https:\/\/www.encontraalphaville.com.br\/guia\/alca-do-km-23-da-castello-para-alphaville-segue-sem-data-de-liberacao\/"},"modified":"2026-02-19T11:50:50","modified_gmt":"2026-02-19T14:50:50","slug":"alca-do-km-23-da-castello-para-alphaville-segue-sem-data-de-liberacao","status":"publish","type":"post","link":"https:\/\/www.encontraalphaville.com.br\/guia\/alca-do-km-23-da-castello-para-alphaville-segue-sem-data-de-liberacao\/","title":{"rendered":"Al\u00e7a do km 23 da Castello para Alphaville segue sem data de libera\u00e7\u00e3o"},"content":{"rendered":"<h2>O que aconteceu com a al\u00e7a do km 23?<\/h2>\n<p>A al\u00e7a de acesso no km 23 da Rodovia Castello Branco, que direciona os motoristas para a regi\u00e3o de Alphaville e o bairro Aldeinha, permanece fechada. A interdi\u00e7\u00e3o, que teve in\u00edcio em 10 de dezembro, foi provocada pelo afundamento da pista em decorr\u00eancia de intensas chuvas. Este incidente impactou diretamente a fluidez do tr\u00e1fego local, exigindo interven\u00e7\u00f5es estruturais para assegurar a seguran\u00e7a dos motoristas na via.<\/p>\n<h2>Consequ\u00eancias do fechamento na regi\u00e3o de Alphaville<\/h2>\n<p>A interdi\u00e7\u00e3o da al\u00e7a tem gerado consequ\u00eancias not\u00e1veis para os residentes e trabalhadores de Alphaville. O principal impacto observado \u00e9 o aumento no tempo de deslocamento, uma vez que motoristas s\u00e3o for\u00e7ados a utilizar rotas alternativas. Isso resultou em congestionamentos e na sobrecarga de vias que antes eram menos utilizadas. Al\u00e9m disso, o fechamento gerou preocupa\u00e7\u00f5es em rela\u00e7\u00e3o \u00e0 acessibilidade e a log\u00edstica de transporte para comerciantes e empresas na \u00e1rea.<\/p>\n<h2>Atualiza\u00e7\u00f5es da CCR ViaOeste sobre os trabalhos<\/h2>\n<p>A CCR ViaOeste, concession\u00e1ria encarregada da administra\u00e7\u00e3o da rodovia, informou que, em janeiro, previa o t\u00e9rmino das obras para 31 de mar\u00e7o. Contudo, em comunicado recente no dia 18 de fevereiro, a empresa atualizou seu cronograma. Segundo a CCR, atualmente as equipes est\u00e3o focadas na elabora\u00e7\u00e3o do projeto executivo e avan\u00e7am nas etapas do plano de a\u00e7\u00e3o, que inclui estabiliza\u00e7\u00e3o da \u00e1rea e monitoramento cont\u00ednuo do sistema de drenagem.<\/p>\n<p><img decoding=\"async\" src=\"https:\/\/www.encontraalphaville.com.br\/guia\/wp-content\/uploads\/2026\/02\/alca-do-km-23-da-castello-para-alphaville-segue-sem-data-de-liberacao.webp\" alt=\"al\u00e7a do km 23 da Castello para Alphaville\" loading=\"lazy\" \/><\/p>\n<h2>A import\u00e2ncia da seguran\u00e7a na recupera\u00e7\u00e3o da pista<\/h2>\n<p>A seguran\u00e7a \u00e9 uma preocupa\u00e7\u00e3o primordial durante a recupera\u00e7\u00e3o da pista na Rodovia Castello Branco. A CCR destacou que a interdi\u00e7\u00e3o \u00e9 vital para garantir que as obras sejam realizadas de maneira eficaz e segura, evitando assim riscos adicionais de acidentes. O monitoramento constante e as medidas de estabiliza\u00e7\u00e3o s\u00e3o fundamentais para assegurar que a infraestrutura da rodovia possa suportar o tr\u00e1fego novamente com seguran\u00e7a.<\/p>\n<h2>Alternativas de tr\u00e1fego para os motoristas<\/h2>\n<p>Como resultado do fechamento da al\u00e7a, motoristas precisam considerar rotas alternativas. Algumas op\u00e7\u00f5es incluem:<\/p>\n<ul>\n<li><strong>Utiliza\u00e7\u00e3o de vias secund\u00e1rias:<\/strong> Os motoristas est\u00e3o sendo aconselhados a usar ruas menos movimentadas que interligam outras \u00e1reas da cidade.<\/li>\n<li><strong>Rotas mais longas:<\/strong> Embora possa significar um aumento no tempo de deslocamento, algumas rotas mais longas podem oferecer menos congestionamento do que caminhos diretos congestionados.<\/li>\n<li><strong>Informa\u00e7\u00e3o em tempo real:<\/strong> \u00c9 recomend\u00e1vel o uso de aplicativos de navega\u00e7\u00e3o para assistir aos motoristas em evitar congestionamentos e encontrar as melhores rotas em tempo real.<\/li>\n<\/ul>\n<h2>Rea\u00e7\u00f5es da comunidade sobre a interdi\u00e7\u00e3o<\/h2>\n<p>A comunidade de Alphaville expressou uma variedade de opini\u00f5es sobre a interdi\u00e7\u00e3o da al\u00e7a. Muitos moradores destacaram a necessidade de a\u00e7\u00f5es r\u00e1pidas para restaurar o acesso. De outro lado, alguns cidad\u00e3os compreenderam que a seguran\u00e7a deve ser a prioridade. Reuni\u00f5es comunit\u00e1rias t\u00eam sido realizadas para discutir preocupa\u00e7\u00f5es e sugerir alternativas que possam ajudar a mitigar as dificuldades enfrentadas pelos motoristas na regi\u00e3o.<\/p>\n<h2>O que dizem os especialistas sobre o fechamento<\/h2>\n<p>Especialistas em infraestrutura e transporte t\u00eam refletido sobre as causas e as repercuss\u00f5es do fechamento. Segundo eles, a integra\u00e7\u00e3o de projetos de drenagem eficazes \u00e9 imprescind\u00edvel para prevenir futuros afundamentos. Al\u00e9m disso, sugerem que uma comunica\u00e7\u00e3o transparente da concession\u00e1ria \u00e9 essencial para manter a popula\u00e7\u00e3o informada e engajada durante o processo de recupera\u00e7\u00e3o.<\/p>\n<h2>Expectativas para a conclus\u00e3o das obras<\/h2>\n<p>As expectativas em rela\u00e7\u00e3o \u00e0 conclus\u00e3o das obras permanecem altas, mas incertas. A CCR ViaOeste reafirmou seu compromisso em priorizar a seguran\u00e7a e a qualidade das interven\u00e7\u00f5es. As equipes de engenharia est\u00e3o dedicadas a minimizar o atraso nos trabalhos e a trazer de volta a acessibilidade \u00e0 al\u00e7a o mais r\u00e1pido poss\u00edvel. A comunica\u00e7\u00e3opara a popula\u00e7\u00e3o continua em aberto, com atualiza\u00e7\u00f5es regulares sendo prometidas.<\/p>\n<h2>Impacto no tr\u00e2nsito da Capital devido \u00e0 interdi\u00e7\u00e3o<\/h2>\n<p>A interdi\u00e7\u00e3o da al\u00e7a no km 23 da Castello Branco tamb\u00e9m reflete no tr\u00e2nsito da Capital. Aumento no fluxo de ve\u00edculos em rotas alternativas tem potencial de causar mais congestionamentos em \u00e1reas adjacentes. \u00d3rg\u00e3os de tr\u00e2nsito est\u00e3o monitorando a situa\u00e7\u00e3o e considerando ajustes adequados na sinaliza\u00e7\u00e3o e rotas para minimizar o impacto ao tr\u00e1fego geral.<\/p>\n<h2>Planos futuros para melhorias na infraestrutura<\/h2>\n<p>Al\u00e9m das interven\u00e7\u00f5es imediatas necess\u00e1rias para restaurar a al\u00e7a, h\u00e1 discuss\u00f5es em andamento sobre melhorias na infraestrutura da Rodovia Castello Branco. Especialistas e autoridades regionais est\u00e3o propondo um plano para aumentar a resist\u00eancia da rodovia a eventos clim\u00e1ticos, visando evitar problemas semelhantes no futuro. Isso inclui o investimento em sistemas de drenagem mais eficientes e a reavalia\u00e7\u00e3o de outros trechos cr\u00edticos da rodovia.<\/p>\n","protected":false},"excerpt":{"rendered":"<p>Al\u00e7a do km 23 da Castello para Alphaville continua interditada sem previs\u00e3o de libera\u00e7\u00e3o.<\/p>\n","protected":false},"author":1,"featured_media":6411,"comment_status":"open","ping_status":"open","sticky":false,"template":"","format":"standard","meta":{"footnotes":""},"categories":[5],"tags":[],"class_list":["post-6412","post","type-post","status-publish","format-standard","has-post-thumbnail","hentry","category-noticias","has_thumb"],"yoast_head":"<!-- This site is optimized with the Yoast SEO plugin v26.4 - https:\/\/yoast.com\/wordpress\/plugins\/seo\/ -->\n<title>Al\u00e7a do km 23 da Castello para Alphaville segue sem data de libera\u00e7\u00e3o | Guia Comercial de Alphaville SP<\/title>\n<meta name=\"robots\" content=\"index, follow, max-snippet:-1, max-image-preview:large, max-video-preview:-1\" \/>\n<link rel=\"canonical\" href=\"https:\/\/www.encontraalphaville.com.br\/guia\/alca-do-km-23-da-castello-para-alphaville-segue-sem-data-de-liberacao\/\" \/>\n<meta property=\"og:locale\" content=\"pt_BR\" \/>\n<meta property=\"og:type\" content=\"article\" \/>\n<meta property=\"og:title\" content=\"Al\u00e7a do km 23 da Castello para Alphaville segue sem data de libera\u00e7\u00e3o | Guia Comercial de Alphaville SP\" \/>\n<meta property=\"og:description\" content=\"Al\u00e7a do km 23 da Castello para Alphaville continua interditada sem previs\u00e3o de libera\u00e7\u00e3o.\" \/>\n<meta property=\"og:url\" content=\"https:\/\/www.encontraalphaville.com.br\/guia\/alca-do-km-23-da-castello-para-alphaville-segue-sem-data-de-liberacao\/\" \/>\n<meta property=\"og:site_name\" content=\"Guia Comercial de Alphaville SP\" \/>\n<meta property=\"article:published_time\" content=\"2026-02-19T14:50:50+00:00\" \/>\n<meta property=\"og:image\" content=\"https:\/\/www.encontraalphaville.com.br\/guia\/wp-content\/uploads\/2026\/02\/alca-do-km-23-da-castello-para-alphaville-segue-sem-data-de-liberacao.webp\" \/>\n<meta name=\"author\" content=\"Encontra Alphaville\" \/>\n<meta name=\"twitter:card\" content=\"summary_large_image\" \/>\n<meta name=\"twitter:label1\" content=\"Escrito por\" \/>\n\t<meta name=\"twitter:data1\" content=\"Encontra Alphaville\" \/>\n\t<meta name=\"twitter:label2\" content=\"Est. tempo de leitura\" \/>\n\t<meta name=\"twitter:data2\" content=\"4 minutos\" \/>\n<script type=\"application\/ld+json\" class=\"yoast-schema-graph\">{\"@context\":\"https:\/\/schema.org\",\"@graph\":[{\"@type\":\"WebPage\",\"@id\":\"https:\/\/www.encontraalphaville.com.br\/guia\/alca-do-km-23-da-castello-para-alphaville-segue-sem-data-de-liberacao\/\",\"url\":\"https:\/\/www.encontraalphaville.com.br\/guia\/alca-do-km-23-da-castello-para-alphaville-segue-sem-data-de-liberacao\/\",\"name\":\"Al\u00e7a do km 23 da Castello para Alphaville segue sem data de libera\u00e7\u00e3o | Guia Comercial de Alphaville SP\",\"isPartOf\":{\"@id\":\"https:\/\/www.encontraalphaville.com.br\/guia\/#website\"},\"primaryImageOfPage\":{\"@id\":\"https:\/\/www.encontraalphaville.com.br\/guia\/alca-do-km-23-da-castello-para-alphaville-segue-sem-data-de-liberacao\/#primaryimage\"},\"image\":{\"@id\":\"https:\/\/www.encontraalphaville.com.br\/guia\/alca-do-km-23-da-castello-para-alphaville-segue-sem-data-de-liberacao\/#primaryimage\"},\"thumbnailUrl\":\"https:\/\/www.encontraalphaville.com.br\/guia\/wp-content\/uploads\/2026\/02\/alca-do-km-23-da-castello-para-alphaville-segue-sem-data-de-liberacao.webp\",\"datePublished\":\"2026-02-19T14:50:50+00:00\",\"author\":{\"@id\":\"https:\/\/www.encontraalphaville.com.br\/guia\/#\/schema\/person\/a48592ba2de82cdaeeef25afa1c4bc6a\"},\"inLanguage\":\"pt-BR\",\"potentialAction\":[{\"@type\":\"ReadAction\",\"target\":[\"https:\/\/www.encontraalphaville.com.br\/guia\/alca-do-km-23-da-castello-para-alphaville-segue-sem-data-de-liberacao\/\"]}]},{\"@type\":\"ImageObject\",\"inLanguage\":\"pt-BR\",\"@id\":\"https:\/\/www.encontraalphaville.com.br\/guia\/alca-do-km-23-da-castello-para-alphaville-segue-sem-data-de-liberacao\/#primaryimage\",\"url\":\"https:\/\/www.encontraalphaville.com.br\/guia\/wp-content\/uploads\/2026\/02\/alca-do-km-23-da-castello-para-alphaville-segue-sem-data-de-liberacao.webp\",\"contentUrl\":\"https:\/\/www.encontraalphaville.com.br\/guia\/wp-content\/uploads\/2026\/02\/alca-do-km-23-da-castello-para-alphaville-segue-sem-data-de-liberacao.webp\",\"width\":280,\"height\":280,\"caption\":\"al\u00e7a do km 23 da Castello para Alphaville\"},{\"@type\":\"WebSite\",\"@id\":\"https:\/\/www.encontraalphaville.com.br\/guia\/#website\",\"url\":\"https:\/\/www.encontraalphaville.com.br\/guia\/\",\"name\":\"Guia Comercial de Alphaville SP\",\"description\":\"ENCONTRA ALPHAVILLE - O guia comercial de neg\u00f3cios e empresas, cultura e divers\u00e3o no bairro de Alphaville. Feito 100% para voc\u00ea morador!\",\"potentialAction\":[{\"@type\":\"SearchAction\",\"target\":{\"@type\":\"EntryPoint\",\"urlTemplate\":\"https:\/\/www.encontraalphaville.com.br\/guia\/?s={search_term_string}\"},\"query-input\":{\"@type\":\"PropertyValueSpecification\",\"valueRequired\":true,\"valueName\":\"search_term_string\"}}],\"inLanguage\":\"pt-BR\"},{\"@type\":\"Person\",\"@id\":\"https:\/\/www.encontraalphaville.com.br\/guia\/#\/schema\/person\/a48592ba2de82cdaeeef25afa1c4bc6a\",\"name\":\"Encontra Alphaville\",\"image\":{\"@type\":\"ImageObject\",\"inLanguage\":\"pt-BR\",\"@id\":\"https:\/\/www.encontraalphaville.com.br\/guia\/#\/schema\/person\/image\/\",\"url\":\"https:\/\/secure.gravatar.com\/avatar\/c50c17820bcf322f0a8fd6b110b8c0918141409dc69076470f6fca5fee70a5d4?s=96&d=mm&r=g\",\"contentUrl\":\"https:\/\/secure.gravatar.com\/avatar\/c50c17820bcf322f0a8fd6b110b8c0918141409dc69076470f6fca5fee70a5d4?s=96&d=mm&r=g\",\"caption\":\"Encontra Alphaville\"},\"url\":\"https:\/\/www.encontraalphaville.com.br\/guia\/author\/encontraalphaville\/\"}]}<\/script>\n<!-- \/ Yoast SEO plugin. -->","yoast_head_json":{"title":"Al\u00e7a do km 23 da Castello para Alphaville segue sem data de libera\u00e7\u00e3o | Guia Comercial de Alphaville SP","robots":{"index":"index","follow":"follow","max-snippet":"max-snippet:-1","max-image-preview":"max-image-preview:large","max-video-preview":"max-video-preview:-1"},"canonical":"https:\/\/www.encontraalphaville.com.br\/guia\/alca-do-km-23-da-castello-para-alphaville-segue-sem-data-de-liberacao\/","og_locale":"pt_BR","og_type":"article","og_title":"Al\u00e7a do km 23 da Castello para Alphaville segue sem data de libera\u00e7\u00e3o | Guia Comercial de Alphaville SP","og_description":"Al\u00e7a do km 23 da Castello para Alphaville continua interditada sem previs\u00e3o de libera\u00e7\u00e3o.","og_url":"https:\/\/www.encontraalphaville.com.br\/guia\/alca-do-km-23-da-castello-para-alphaville-segue-sem-data-de-liberacao\/","og_site_name":"Guia Comercial de Alphaville SP","article_published_time":"2026-02-19T14:50:50+00:00","og_image":[{"url":"https:\/\/www.encontraalphaville.com.br\/guia\/wp-content\/uploads\/2026\/02\/alca-do-km-23-da-castello-para-alphaville-segue-sem-data-de-liberacao.webp","type":"","width":"","height":""}],"author":"Encontra Alphaville","twitter_card":"summary_large_image","twitter_misc":{"Escrito por":"Encontra Alphaville","Est. tempo de leitura":"4 minutos"},"schema":{"@context":"https:\/\/schema.org","@graph":[{"@type":"WebPage","@id":"https:\/\/www.encontraalphaville.com.br\/guia\/alca-do-km-23-da-castello-para-alphaville-segue-sem-data-de-liberacao\/","url":"https:\/\/www.encontraalphaville.com.br\/guia\/alca-do-km-23-da-castello-para-alphaville-segue-sem-data-de-liberacao\/","name":"Al\u00e7a do km 23 da Castello para Alphaville segue sem data de libera\u00e7\u00e3o | Guia Comercial de Alphaville SP","isPartOf":{"@id":"https:\/\/www.encontraalphaville.com.br\/guia\/#website"},"primaryImageOfPage":{"@id":"https:\/\/www.encontraalphaville.com.br\/guia\/alca-do-km-23-da-castello-para-alphaville-segue-sem-data-de-liberacao\/#primaryimage"},"image":{"@id":"https:\/\/www.encontraalphaville.com.br\/guia\/alca-do-km-23-da-castello-para-alphaville-segue-sem-data-de-liberacao\/#primaryimage"},"thumbnailUrl":"https:\/\/www.encontraalphaville.com.br\/guia\/wp-content\/uploads\/2026\/02\/alca-do-km-23-da-castello-para-alphaville-segue-sem-data-de-liberacao.webp","datePublished":"2026-02-19T14:50:50+00:00","author":{"@id":"https:\/\/www.encontraalphaville.com.br\/guia\/#\/schema\/person\/a48592ba2de82cdaeeef25afa1c4bc6a"},"inLanguage":"pt-BR","potentialAction":[{"@type":"ReadAction","target":["https:\/\/www.encontraalphaville.com.br\/guia\/alca-do-km-23-da-castello-para-alphaville-segue-sem-data-de-liberacao\/"]}]},{"@type":"ImageObject","inLanguage":"pt-BR","@id":"https:\/\/www.encontraalphaville.com.br\/guia\/alca-do-km-23-da-castello-para-alphaville-segue-sem-data-de-liberacao\/#primaryimage","url":"https:\/\/www.encontraalphaville.com.br\/guia\/wp-content\/uploads\/2026\/02\/alca-do-km-23-da-castello-para-alphaville-segue-sem-data-de-liberacao.webp","contentUrl":"https:\/\/www.encontraalphaville.com.br\/guia\/wp-content\/uploads\/2026\/02\/alca-do-km-23-da-castello-para-alphaville-segue-sem-data-de-liberacao.webp","width":280,"height":280,"caption":"al\u00e7a do km 23 da Castello para Alphaville"},{"@type":"WebSite","@id":"https:\/\/www.encontraalphaville.com.br\/guia\/#website","url":"https:\/\/www.encontraalphaville.com.br\/guia\/","name":"Guia Comercial de Alphaville SP","description":"ENCONTRA ALPHAVILLE - O guia comercial de neg\u00f3cios e empresas, cultura e divers\u00e3o no bairro de Alphaville. Feito 100% para voc\u00ea morador!","potentialAction":[{"@type":"SearchAction","target":{"@type":"EntryPoint","urlTemplate":"https:\/\/www.encontraalphaville.com.br\/guia\/?s={search_term_string}"},"query-input":{"@type":"PropertyValueSpecification","valueRequired":true,"valueName":"search_term_string"}}],"inLanguage":"pt-BR"},{"@type":"Person","@id":"https:\/\/www.encontraalphaville.com.br\/guia\/#\/schema\/person\/a48592ba2de82cdaeeef25afa1c4bc6a","name":"Encontra Alphaville","image":{"@type":"ImageObject","inLanguage":"pt-BR","@id":"https:\/\/www.encontraalphaville.com.br\/guia\/#\/schema\/person\/image\/","url":"https:\/\/secure.gravatar.com\/avatar\/c50c17820bcf322f0a8fd6b110b8c0918141409dc69076470f6fca5fee70a5d4?s=96&d=mm&r=g","contentUrl":"https:\/\/secure.gravatar.com\/avatar\/c50c17820bcf322f0a8fd6b110b8c0918141409dc69076470f6fca5fee70a5d4?s=96&d=mm&r=g","caption":"Encontra Alphaville"},"url":"https:\/\/www.encontraalphaville.com.br\/guia\/author\/encontraalphaville\/"}]}},"_links":{"self":[{"href":"https:\/\/www.encontraalphaville.com.br\/guia\/wp-json\/wp\/v2\/posts\/6412","targetHints":{"allow":["GET"]}}],"collection":[{"href":"https:\/\/www.encontraalphaville.com.br\/guia\/wp-json\/wp\/v2\/posts"}],"about":[{"href":"https:\/\/www.encontraalphaville.com.br\/guia\/wp-json\/wp\/v2\/types\/post"}],"author":[{"embeddable":true,"href":"https:\/\/www.encontraalphaville.com.br\/guia\/wp-json\/wp\/v2\/users\/1"}],"replies":[{"embeddable":true,"href":"https:\/\/www.encontraalphaville.com.br\/guia\/wp-json\/wp\/v2\/comments?post=6412"}],"version-history":[{"count":0,"href":"https:\/\/www.encontraalphaville.com.br\/guia\/wp-json\/wp\/v2\/posts\/6412\/revisions"}],"wp:featuredmedia":[{"embeddable":true,"href":"https:\/\/www.encontraalphaville.com.br\/guia\/wp-json\/wp\/v2\/media\/6411"}],"wp:attachment":[{"href":"https:\/\/www.encontraalphaville.com.br\/guia\/wp-json\/wp\/v2\/media?parent=6412"}],"wp:term":[{"taxonomy":"category","embeddable":true,"href":"https:\/\/www.encontraalphaville.com.br\/guia\/wp-json\/wp\/v2\/categories?post=6412"},{"taxonomy":"post_tag","embeddable":true,"href":"https:\/\/www.encontraalphaville.com.br\/guia\/wp-json\/wp\/v2\/tags?post=6412"}],"curies":[{"name":"wp","href":"https:\/\/api.w.org\/{rel}","templated":true}]}}