{"id":6410,"date":"2026-02-18T11:58:54","date_gmt":"2026-02-18T14:58:54","guid":{"rendered":"https:\/\/www.encontraalphaville.com.br\/guia\/carnaval-veja-o-que-abre-e-o-que-fecha-em-barueri\/"},"modified":"2026-02-18T11:58:54","modified_gmt":"2026-02-18T14:58:54","slug":"carnaval-veja-o-que-abre-e-o-que-fecha-em-barueri","status":"publish","type":"post","link":"https:\/\/www.encontraalphaville.com.br\/guia\/carnaval-veja-o-que-abre-e-o-que-fecha-em-barueri\/","title":{"rendered":"Carnaval: Veja o que abre e o que fecha em Barueri"},"content":{"rendered":"<h2>Servi\u00e7os P\u00fablicos: O que Funciona Durante o Carnaval<\/h2>\n<p>Durante o Carnaval, \u00e9 fundamental estar ciente do funcionamento dos servi\u00e7os p\u00fablicos em Barueri. Nos dias 16 e 17 de fevereiro, que correspondem a segunda e ter\u00e7a-feira de Carnaval, as reparti\u00e7\u00f5es p\u00fablicas, como secretarias e o Ganha Tempo, n\u00e3o estar\u00e3o em funcionamento, pois esses dias s\u00e3o considerados ponto facultativo.<\/p>\n<p>Os cidad\u00e3os devem estar atentos \u00e0s mudan\u00e7as nos hor\u00e1rios e \u00e0 necessidade de planejar suas visitas aos servi\u00e7os. O atendimento normal ser\u00e1 retomado na Quarta-feira de Cinzas, dia 18 de fevereiro, com hor\u00e1rios reduzidos, das 13h \u00e0s 17h, conforme orienta\u00e7\u00e3o da Prefeitura. \u00c9 importante verificar se a sua necessidade se encaixa dentro do hor\u00e1rio de funcionamento dispon\u00edvel.<\/p>\n<h2>Hor\u00e1rios de Atendimento das Reparti\u00e7\u00f5es em Barueri<\/h2>\n<p>Durante o Carnaval, as principais reparti\u00e7\u00f5es p\u00fablicas em Barueri, como as secretarias municipais, estar\u00e3o fechadas nas duas primeiras datas do feriado. Os hor\u00e1rios de atendimento a serem observados s\u00e3o os seguintes:<\/p>\n<p><img decoding=\"async\" src=\"https:\/\/www.encontraalphaville.com.br\/guia\/wp-content\/uploads\/2026\/02\/carnaval-veja-o-que-abre-e-o-que-fecha-em-barueri.webp\" alt=\"Carnaval em Barueri\" loading=\"lazy\" \/><\/p>\n<ul>\n<li><strong>16 de Fevereiro (Segunda-feira):<\/strong> Fechado<\/li>\n<li><strong>17 de Fevereiro (Ter\u00e7a-feira):<\/strong> Fechado<\/li>\n<li><strong>18 de Fevereiro (Quarta-feira de Cinzas):<\/strong> Abertura a partir das 13h at\u00e9 \u00e0s 17h<\/li>\n<\/ul>\n<p>Isso significa que qualquer servi\u00e7o administrativo que precise ser realizado normalmente n\u00e3o estar\u00e1 dispon\u00edvel at\u00e9 a Quarta-feira, ent\u00e3o \u00e9 aconselh\u00e1vel que os cidad\u00e3os planejem adequadamente e evitem deixar para resolver assuntos importantes para os dias em que esses servi\u00e7os estejam indispon\u00edveis.<\/p>\n<h2>Servi\u00e7os Essenciais que Continuam Operando<\/h2>\n<p>Apesar do fechamento das reparti\u00e7\u00f5es p\u00fablicas n\u00e3o essenciais, alguns servi\u00e7os fundamentais continuar\u00e3o a funcionar normalmente em Barueri durante o Carnaval. Os servi\u00e7os que permanecem \u00e0 disposi\u00e7\u00e3o da popula\u00e7\u00e3o incluem:<\/p>\n<ul>\n<li><strong>Prontos-socorros:<\/strong> Para atendimentos de emerg\u00eancia e sa\u00fade de urg\u00eancia.<\/li>\n<li><strong>Farm\u00e1cia Municipal 24 horas:<\/strong> Que oferece medicamentos essenciais a qualquer hora.<\/li>\n<li><strong>Guarda Civil Municipal (GCM):<\/strong> Que garantir\u00e1 a seguran\u00e7a na cidade.<\/li>\n<li><strong>Defesa Civil:<\/strong> Para atender a quest\u00f5es de emerg\u00eancias e prevenir desastres.<\/li>\n<\/ul>\n<p>Esses servi\u00e7os s\u00e3o imprescind\u00edveis para garantir a seguran\u00e7a e a assist\u00eancia necess\u00e1ria \u00e0 popula\u00e7\u00e3o durante os dias de folia. Portanto, a comunidade pode contar com o suporte essencial mesmo nos dias de folga das reparti\u00e7\u00f5es p\u00fablicas.<\/p>\n<h2>Parques Municipais: Atra\u00e7\u00f5es Abertas ao P\u00fablico<\/h2>\n<p>Os parques municipais de Barueri ser\u00e3o um espa\u00e7o de lazer dispon\u00edvel para os moradores e visitantes durante o feriado de Carnaval. As atra\u00e7\u00f5es abertas incluem:<\/p>\n<ul>\n<li><strong>Parque da Juventude Rubens Furlan J\u00fanior:<\/strong> Localizado na Avenida Antonio Furlan, neste parque mais recente da cidade, o funcionamento ser\u00e1 di\u00e1rio, das 6h \u00e0s 18h.<\/li>\n<li><strong>Parque Municipal Dom Jos\u00e9:<\/strong> Situado na Rua \u00c2ngela Mirella, 500, no Jardim Barueri, este parque atender\u00e1 de segunda a s\u00e1bado, das 6h \u00e0s 21h, e aos domingos e feriados, das 6h \u00e0s 20h.<\/li>\n<li><strong>Parque Recreativo Taddeo Cananeia:<\/strong> Este parque, que fica na Rua Chico Mendes, 287, no Parque Imperial, funcionar\u00e1 diariamente, incluindo os feriados, das 6h \u00e0s 18h.<\/li>\n<li><strong>Parque Linear:<\/strong> \u00c0s margens do Tiet\u00ea, localizado na Rua da Prata, Jardim dos Camargos, estar\u00e1 aberto 24 horas por dia.<\/li>\n<li><strong>Parque Ecol\u00f3gico do Tiet\u00ea:<\/strong> Localizado na Avenida Dr. Dib Sauaia Neto, 1.600, em Alphaville, funciona de segunda a sexta-feira, das 8h \u00e0s 17h, e nos finais de semana e feriados, das 7h \u00e0s 17h.<\/li>\n<\/ul>\n<p>Essa \u00e9 uma excelente oportunidade para aproveitar a natureza e as op\u00e7\u00f5es de lazer dispon\u00edveis, principalmente para quem n\u00e3o viaja durante o feriado.<\/p>\n<h2>Ponto Facultativo: O que Isso Significa?<\/h2>\n<p>O ponto facultativo significa que, nos dias 16 e 17 de fevereiro, os servidores p\u00fablicos t\u00eam a op\u00e7\u00e3o de n\u00e3o comparecer ao trabalho. Para a popula\u00e7\u00e3o, isso implica na suspens\u00e3o dos servi\u00e7os oferecidos pela administra\u00e7\u00e3o p\u00fablica municipal. Assim, \u00e9 importante que a comunidade esteja ciente das datas em que os servi\u00e7os estar\u00e3o indispon\u00edveis.<\/p>\n<p>Embora as atividades de lazer e culturais possam ser aproveitadas, como o desfile das escolas de samba e comemora\u00e7\u00f5es em espa\u00e7os privados, o acesso a servi\u00e7os administrativos e p\u00fablicos ser\u00e1 restrito. Por isso, recomenda-se planejar as atividades antenado nas datas em que os servi\u00e7os est\u00e3o funcionando.<\/p>\n<h2>Posto de Vacina\u00e7\u00e3o: Atendimentos e Fechamentos<\/h2>\n<p>A vacina\u00e7\u00e3o antirr\u00e1bica para c\u00e3es e gatos tamb\u00e9m ter\u00e1 algumas mudan\u00e7as durante o per\u00edodo de Carnaval. O posto de vacina\u00e7\u00e3o localizado na Rua Anhanguera, 200, na Vila S\u00e3o Francisco, n\u00e3o estar\u00e1 dispon\u00edvel nos dias 16 e 18 de fevereiro.<\/p>\n<p>Nos demais dias do m\u00eas, a imuniza\u00e7\u00e3o seguir\u00e1 conforme a turno habitual, \u00e0s segundas, quartas e sextas-feiras, das 9h \u00e0s 11h e das 13h \u00e0s 15h30. Assim, donos de animais de estima\u00e7\u00e3o devem ficar atentos para assegurar que os animais sejam vacinados dentro do cronograma adequado, evitando os dias em que o servi\u00e7o estar\u00e1 parado.<\/p>\n<h2>Feira Noturna: Altera\u00e7\u00f5es Durante o Carnaval<\/h2>\n<p>A feira noturna que ocorre todas as ter\u00e7as-feiras na Avenida Guilherme Perereca Guglielmo, em frente ao Gin\u00e1sio Jos\u00e9 Corr\u00eaa, n\u00e3o sofrer\u00e1 altera\u00e7\u00f5es durante o feriado e ser\u00e1 realizada normalmente. Portanto, \u00e9 um \u00f3timo momento para verificar as del\u00edcias e produtos locais que podem ser encontrados nessa feira popular.<\/p>\n<p>Os moradores e visitantes poder\u00e3o aproveitar uma variedade de op\u00e7\u00f5es entre frutas, verduras e comidas t\u00edpicas, mantendo a tradi\u00e7\u00e3o e cultura local viva durante essa \u00e9poca festiva.<\/p>\n<h2>O que Esperar da Quarta de Cinzas em Barueri<\/h2>\n<p>No dia 18 de fevereiro, a cidade volta \u00e0 sua rotina habitual com o retorno do expediente nas reparti\u00e7\u00f5es que estavam fechadas durante o Carnaval. Contudo, o funcionamento ser\u00e1 apenas das 13h \u00e0s 17h. \u00c9 um dia em que muitos cidad\u00e3os podem sentir a ressaca do Carnaval, mas tamb\u00e9m \u00e9 um momento para fazer a reposi\u00e7\u00e3o de tarefas que foram deixadas de lado durante os festejos.<\/p>\n<p>Vale ressaltar que os servi\u00e7os essenciais e de emerg\u00eancia continuam a funcionar como mencionado anteriormente, proporcionando a seguran\u00e7a e assist\u00eancia necess\u00e1rias \u00e0 popula\u00e7\u00e3o.<\/p>\n<h2>Dicas para Aproveitar o Carnaval na Cidade<\/h2>\n<p>Para garantir que a folia de Carnaval seja aproveitada ao m\u00e1ximo em Barueri, aqui v\u00e3o algumas dicas:<\/p>\n<ul>\n<li><strong>Planeje suas atividades:<\/strong> Conhe\u00e7a a programa\u00e7\u00e3o de eventos da cidade e organize seus dias com anteced\u00eancia.<\/li>\n<li><strong>Aproveite os espa\u00e7os abertos:<\/strong> N\u00e3o deixe de desfrutar das op\u00e7\u00f5es de lazer dispon\u00edveis nos parques e atra\u00e7\u00f5es p\u00fablicas.<\/li>\n<li><strong>Transporte:<\/strong> Esteja atento ao tr\u00e2nsito e \u00e0s op\u00e7\u00f5es de transporte p\u00fablico durante os dias em que a cidade poder\u00e1 ter maior movimenta\u00e7\u00e3o.<\/li>\n<li><strong>Fique seguro:<\/strong> Se participar de festas ou eventos noturnos, sempre mantenha a seguran\u00e7a em primeiro lugar, assim como seus pertences.<\/li>\n<\/ul>\n<p>Essas dicas ajudar\u00e3o a aproveitar ao m\u00e1ximo a experi\u00eancia de Carnaval, dentro e fora de Barueri, contribuindo para um feriado divertido e seguro.<\/p>\n<h2>Programa\u00e7\u00e3o Especial Durante o Feriado<\/h2>\n<p>Barueri se preparou para oferecer uma programa\u00e7\u00e3o especial durante o feriado de Carnaval, especialmente no dia 15 de fevereiro, quando eventos comemorativos acontecer\u00e3o no Centro da cidade. \u00c9 importante acompanhar as atualiza\u00e7\u00f5es e an\u00fancios que estar\u00e3o dispon\u00edveis nas redes sociais da Prefeitura e outras fontes locais.<\/p>\n<p>As festividades prometem trazer culturas, m\u00fasica e arte, criando um ambiente vibrante de celebra\u00e7\u00e3o e alegria para todos os cidad\u00e3os. Se voc\u00ea estiver na cidade neste per\u00edodo, n\u00e3o perca a oportunidade de participar e celebrar o Carnaval com fam\u00edlia e amigos.<\/p>\n","protected":false},"excerpt":{"rendered":"<p>Carnaval em Barueri: saiba o que abre e o que fecha durante a folia.<\/p>\n","protected":false},"author":1,"featured_media":6409,"comment_status":"open","ping_status":"open","sticky":false,"template":"","format":"standard","meta":{"footnotes":""},"categories":[5],"tags":[],"class_list":["post-6410","post","type-post","status-publish","format-standard","has-post-thumbnail","hentry","category-noticias","has_thumb"],"yoast_head":"<!-- This site is optimized with the Yoast SEO plugin v26.4 - https:\/\/yoast.com\/wordpress\/plugins\/seo\/ -->\n<title>Carnaval: Veja o que abre e o que fecha em Barueri | Guia Comercial de Alphaville SP<\/title>\n<meta name=\"robots\" content=\"index, follow, max-snippet:-1, max-image-preview:large, max-video-preview:-1\" \/>\n<link rel=\"canonical\" href=\"https:\/\/www.encontraalphaville.com.br\/guia\/carnaval-veja-o-que-abre-e-o-que-fecha-em-barueri\/\" \/>\n<meta property=\"og:locale\" content=\"pt_BR\" \/>\n<meta property=\"og:type\" content=\"article\" \/>\n<meta property=\"og:title\" content=\"Carnaval: Veja o que abre e o que fecha em Barueri | Guia Comercial de Alphaville SP\" \/>\n<meta property=\"og:description\" content=\"Carnaval em Barueri: saiba o que abre e o que fecha durante a folia.\" \/>\n<meta property=\"og:url\" content=\"https:\/\/www.encontraalphaville.com.br\/guia\/carnaval-veja-o-que-abre-e-o-que-fecha-em-barueri\/\" \/>\n<meta property=\"og:site_name\" content=\"Guia Comercial de Alphaville SP\" \/>\n<meta property=\"article:published_time\" content=\"2026-02-18T14:58:54+00:00\" \/>\n<meta property=\"og:image\" content=\"https:\/\/www.encontraalphaville.com.br\/guia\/wp-content\/uploads\/2026\/02\/carnaval-veja-o-que-abre-e-o-que-fecha-em-barueri.webp\" \/>\n<meta name=\"author\" content=\"Encontra Alphaville\" \/>\n<meta name=\"twitter:card\" content=\"summary_large_image\" \/>\n<meta name=\"twitter:label1\" content=\"Escrito por\" \/>\n\t<meta name=\"twitter:data1\" content=\"Encontra Alphaville\" \/>\n\t<meta name=\"twitter:label2\" content=\"Est. tempo de leitura\" \/>\n\t<meta name=\"twitter:data2\" content=\"6 minutos\" \/>\n<script type=\"application\/ld+json\" class=\"yoast-schema-graph\">{\"@context\":\"https:\/\/schema.org\",\"@graph\":[{\"@type\":\"WebPage\",\"@id\":\"https:\/\/www.encontraalphaville.com.br\/guia\/carnaval-veja-o-que-abre-e-o-que-fecha-em-barueri\/\",\"url\":\"https:\/\/www.encontraalphaville.com.br\/guia\/carnaval-veja-o-que-abre-e-o-que-fecha-em-barueri\/\",\"name\":\"Carnaval: Veja o que abre e o que fecha em Barueri | Guia Comercial de Alphaville SP\",\"isPartOf\":{\"@id\":\"https:\/\/www.encontraalphaville.com.br\/guia\/#website\"},\"primaryImageOfPage\":{\"@id\":\"https:\/\/www.encontraalphaville.com.br\/guia\/carnaval-veja-o-que-abre-e-o-que-fecha-em-barueri\/#primaryimage\"},\"image\":{\"@id\":\"https:\/\/www.encontraalphaville.com.br\/guia\/carnaval-veja-o-que-abre-e-o-que-fecha-em-barueri\/#primaryimage\"},\"thumbnailUrl\":\"https:\/\/www.encontraalphaville.com.br\/guia\/wp-content\/uploads\/2026\/02\/carnaval-veja-o-que-abre-e-o-que-fecha-em-barueri.webp\",\"datePublished\":\"2026-02-18T14:58:54+00:00\",\"author\":{\"@id\":\"https:\/\/www.encontraalphaville.com.br\/guia\/#\/schema\/person\/a48592ba2de82cdaeeef25afa1c4bc6a\"},\"inLanguage\":\"pt-BR\",\"potentialAction\":[{\"@type\":\"ReadAction\",\"target\":[\"https:\/\/www.encontraalphaville.com.br\/guia\/carnaval-veja-o-que-abre-e-o-que-fecha-em-barueri\/\"]}]},{\"@type\":\"ImageObject\",\"inLanguage\":\"pt-BR\",\"@id\":\"https:\/\/www.encontraalphaville.com.br\/guia\/carnaval-veja-o-que-abre-e-o-que-fecha-em-barueri\/#primaryimage\",\"url\":\"https:\/\/www.encontraalphaville.com.br\/guia\/wp-content\/uploads\/2026\/02\/carnaval-veja-o-que-abre-e-o-que-fecha-em-barueri.webp\",\"contentUrl\":\"https:\/\/www.encontraalphaville.com.br\/guia\/wp-content\/uploads\/2026\/02\/carnaval-veja-o-que-abre-e-o-que-fecha-em-barueri.webp\",\"width\":280,\"height\":280,\"caption\":\"Carnaval em Barueri\"},{\"@type\":\"WebSite\",\"@id\":\"https:\/\/www.encontraalphaville.com.br\/guia\/#website\",\"url\":\"https:\/\/www.encontraalphaville.com.br\/guia\/\",\"name\":\"Guia Comercial de Alphaville SP\",\"description\":\"ENCONTRA ALPHAVILLE - O guia comercial de neg\u00f3cios e empresas, cultura e divers\u00e3o no bairro de Alphaville. Feito 100% para voc\u00ea morador!\",\"potentialAction\":[{\"@type\":\"SearchAction\",\"target\":{\"@type\":\"EntryPoint\",\"urlTemplate\":\"https:\/\/www.encontraalphaville.com.br\/guia\/?s={search_term_string}\"},\"query-input\":{\"@type\":\"PropertyValueSpecification\",\"valueRequired\":true,\"valueName\":\"search_term_string\"}}],\"inLanguage\":\"pt-BR\"},{\"@type\":\"Person\",\"@id\":\"https:\/\/www.encontraalphaville.com.br\/guia\/#\/schema\/person\/a48592ba2de82cdaeeef25afa1c4bc6a\",\"name\":\"Encontra Alphaville\",\"image\":{\"@type\":\"ImageObject\",\"inLanguage\":\"pt-BR\",\"@id\":\"https:\/\/www.encontraalphaville.com.br\/guia\/#\/schema\/person\/image\/\",\"url\":\"https:\/\/secure.gravatar.com\/avatar\/c50c17820bcf322f0a8fd6b110b8c0918141409dc69076470f6fca5fee70a5d4?s=96&d=mm&r=g\",\"contentUrl\":\"https:\/\/secure.gravatar.com\/avatar\/c50c17820bcf322f0a8fd6b110b8c0918141409dc69076470f6fca5fee70a5d4?s=96&d=mm&r=g\",\"caption\":\"Encontra Alphaville\"},\"url\":\"https:\/\/www.encontraalphaville.com.br\/guia\/author\/encontraalphaville\/\"}]}<\/script>\n<!-- \/ Yoast SEO plugin. -->","yoast_head_json":{"title":"Carnaval: Veja o que abre e o que fecha em Barueri | Guia Comercial de Alphaville SP","robots":{"index":"index","follow":"follow","max-snippet":"max-snippet:-1","max-image-preview":"max-image-preview:large","max-video-preview":"max-video-preview:-1"},"canonical":"https:\/\/www.encontraalphaville.com.br\/guia\/carnaval-veja-o-que-abre-e-o-que-fecha-em-barueri\/","og_locale":"pt_BR","og_type":"article","og_title":"Carnaval: Veja o que abre e o que fecha em Barueri | Guia Comercial de Alphaville SP","og_description":"Carnaval em Barueri: saiba o que abre e o que fecha durante a folia.","og_url":"https:\/\/www.encontraalphaville.com.br\/guia\/carnaval-veja-o-que-abre-e-o-que-fecha-em-barueri\/","og_site_name":"Guia Comercial de Alphaville SP","article_published_time":"2026-02-18T14:58:54+00:00","og_image":[{"url":"https:\/\/www.encontraalphaville.com.br\/guia\/wp-content\/uploads\/2026\/02\/carnaval-veja-o-que-abre-e-o-que-fecha-em-barueri.webp","type":"","width":"","height":""}],"author":"Encontra Alphaville","twitter_card":"summary_large_image","twitter_misc":{"Escrito por":"Encontra Alphaville","Est. tempo de leitura":"6 minutos"},"schema":{"@context":"https:\/\/schema.org","@graph":[{"@type":"WebPage","@id":"https:\/\/www.encontraalphaville.com.br\/guia\/carnaval-veja-o-que-abre-e-o-que-fecha-em-barueri\/","url":"https:\/\/www.encontraalphaville.com.br\/guia\/carnaval-veja-o-que-abre-e-o-que-fecha-em-barueri\/","name":"Carnaval: Veja o que abre e o que fecha em Barueri | Guia Comercial de Alphaville SP","isPartOf":{"@id":"https:\/\/www.encontraalphaville.com.br\/guia\/#website"},"primaryImageOfPage":{"@id":"https:\/\/www.encontraalphaville.com.br\/guia\/carnaval-veja-o-que-abre-e-o-que-fecha-em-barueri\/#primaryimage"},"image":{"@id":"https:\/\/www.encontraalphaville.com.br\/guia\/carnaval-veja-o-que-abre-e-o-que-fecha-em-barueri\/#primaryimage"},"thumbnailUrl":"https:\/\/www.encontraalphaville.com.br\/guia\/wp-content\/uploads\/2026\/02\/carnaval-veja-o-que-abre-e-o-que-fecha-em-barueri.webp","datePublished":"2026-02-18T14:58:54+00:00","author":{"@id":"https:\/\/www.encontraalphaville.com.br\/guia\/#\/schema\/person\/a48592ba2de82cdaeeef25afa1c4bc6a"},"inLanguage":"pt-BR","potentialAction":[{"@type":"ReadAction","target":["https:\/\/www.encontraalphaville.com.br\/guia\/carnaval-veja-o-que-abre-e-o-que-fecha-em-barueri\/"]}]},{"@type":"ImageObject","inLanguage":"pt-BR","@id":"https:\/\/www.encontraalphaville.com.br\/guia\/carnaval-veja-o-que-abre-e-o-que-fecha-em-barueri\/#primaryimage","url":"https:\/\/www.encontraalphaville.com.br\/guia\/wp-content\/uploads\/2026\/02\/carnaval-veja-o-que-abre-e-o-que-fecha-em-barueri.webp","contentUrl":"https:\/\/www.encontraalphaville.com.br\/guia\/wp-content\/uploads\/2026\/02\/carnaval-veja-o-que-abre-e-o-que-fecha-em-barueri.webp","width":280,"height":280,"caption":"Carnaval em Barueri"},{"@type":"WebSite","@id":"https:\/\/www.encontraalphaville.com.br\/guia\/#website","url":"https:\/\/www.encontraalphaville.com.br\/guia\/","name":"Guia Comercial de Alphaville SP","description":"ENCONTRA ALPHAVILLE - O guia comercial de neg\u00f3cios e empresas, cultura e divers\u00e3o no bairro de Alphaville. Feito 100% para voc\u00ea morador!","potentialAction":[{"@type":"SearchAction","target":{"@type":"EntryPoint","urlTemplate":"https:\/\/www.encontraalphaville.com.br\/guia\/?s={search_term_string}"},"query-input":{"@type":"PropertyValueSpecification","valueRequired":true,"valueName":"search_term_string"}}],"inLanguage":"pt-BR"},{"@type":"Person","@id":"https:\/\/www.encontraalphaville.com.br\/guia\/#\/schema\/person\/a48592ba2de82cdaeeef25afa1c4bc6a","name":"Encontra Alphaville","image":{"@type":"ImageObject","inLanguage":"pt-BR","@id":"https:\/\/www.encontraalphaville.com.br\/guia\/#\/schema\/person\/image\/","url":"https:\/\/secure.gravatar.com\/avatar\/c50c17820bcf322f0a8fd6b110b8c0918141409dc69076470f6fca5fee70a5d4?s=96&d=mm&r=g","contentUrl":"https:\/\/secure.gravatar.com\/avatar\/c50c17820bcf322f0a8fd6b110b8c0918141409dc69076470f6fca5fee70a5d4?s=96&d=mm&r=g","caption":"Encontra Alphaville"},"url":"https:\/\/www.encontraalphaville.com.br\/guia\/author\/encontraalphaville\/"}]}},"_links":{"self":[{"href":"https:\/\/www.encontraalphaville.com.br\/guia\/wp-json\/wp\/v2\/posts\/6410","targetHints":{"allow":["GET"]}}],"collection":[{"href":"https:\/\/www.encontraalphaville.com.br\/guia\/wp-json\/wp\/v2\/posts"}],"about":[{"href":"https:\/\/www.encontraalphaville.com.br\/guia\/wp-json\/wp\/v2\/types\/post"}],"author":[{"embeddable":true,"href":"https:\/\/www.encontraalphaville.com.br\/guia\/wp-json\/wp\/v2\/users\/1"}],"replies":[{"embeddable":true,"href":"https:\/\/www.encontraalphaville.com.br\/guia\/wp-json\/wp\/v2\/comments?post=6410"}],"version-history":[{"count":0,"href":"https:\/\/www.encontraalphaville.com.br\/guia\/wp-json\/wp\/v2\/posts\/6410\/revisions"}],"wp:featuredmedia":[{"embeddable":true,"href":"https:\/\/www.encontraalphaville.com.br\/guia\/wp-json\/wp\/v2\/media\/6409"}],"wp:attachment":[{"href":"https:\/\/www.encontraalphaville.com.br\/guia\/wp-json\/wp\/v2\/media?parent=6410"}],"wp:term":[{"taxonomy":"category","embeddable":true,"href":"https:\/\/www.encontraalphaville.com.br\/guia\/wp-json\/wp\/v2\/categories?post=6410"},{"taxonomy":"post_tag","embeddable":true,"href":"https:\/\/www.encontraalphaville.com.br\/guia\/wp-json\/wp\/v2\/tags?post=6410"}],"curies":[{"name":"wp","href":"https:\/\/api.w.org\/{rel}","templated":true}]}}