{"id":6408,"date":"2026-02-18T11:56:55","date_gmt":"2026-02-18T14:56:55","guid":{"rendered":"https:\/\/www.encontraalphaville.com.br\/guia\/carnaval-de-barueri-tem-programacao-confirmada-para-o-dia-15-no-centro\/"},"modified":"2026-02-18T11:56:55","modified_gmt":"2026-02-18T14:56:55","slug":"carnaval-de-barueri-tem-programacao-confirmada-para-o-dia-15-no-centro","status":"publish","type":"post","link":"https:\/\/www.encontraalphaville.com.br\/guia\/carnaval-de-barueri-tem-programacao-confirmada-para-o-dia-15-no-centro\/","title":{"rendered":"Carnaval de Barueri tem programa\u00e7\u00e3o confirmada para o dia 15 no Centro"},"content":{"rendered":"<h2>Programa\u00e7\u00e3o Completa do Carnaval<\/h2>\n<p>O <strong>Carnaval de Barueri<\/strong> est\u00e1 agendado para o dia <strong>15 de fevereiro<\/strong>, \u00e0s <strong>15h<\/strong>, com muitas atra\u00e7\u00f5es para todas as idades e gostos. O evento acontecer\u00e1 em frente ao <strong>Gin\u00e1sio Jos\u00e9 Corr\u00eaa<\/strong>, no Centro, e a <strong>entrada \u00e9 gratuita<\/strong>. A programa\u00e7\u00e3o promete um dia repleto de m\u00fasica e divers\u00e3o.<\/p>\n<ul>\n<li><strong>15h:<\/strong> In\u00edcio do Desfile das Crian\u00e7as e dos Blocos.<\/li>\n<li><strong>16h:<\/strong> Coroa\u00e7\u00e3o da Corte do Carnaval.<\/li>\n<li><strong>17h:<\/strong> Desfile das Escolas de Samba.<\/li>\n<li><strong>20h:<\/strong> Roda de Samba ao vivo.<\/li>\n<li><strong>22h:<\/strong> Encerramento do evento.<\/li>\n<\/ul>\n<h2>Hor\u00e1rios das Atra\u00e7\u00f5es<\/h2>\n<p>A seguir, detalhamos os hor\u00e1rios das principais atra\u00e7\u00f5es do carnaval:<\/p>\n<table>\n<tr>\n<th>Atra\u00e7\u00e3o<\/th>\n<th>Hor\u00e1rio<\/th>\n<\/tr>\n<tr>\n<td>Desfile das Crian\u00e7as e Blocos<\/td>\n<td>15h<\/td>\n<\/tr>\n<tr>\n<td>Coroa\u00e7\u00e3o da Corte<\/td>\n<td>16h<\/td>\n<\/tr>\n<tr>\n<td>Desfile das Escolas de Samba<\/td>\n<td>17h<\/td>\n<\/tr>\n<tr>\n<td>Roda de Samba<\/td>\n<td>20h<\/td>\n<\/tr>\n<tr>\n<td>Encerramento<\/td>\n<td>22h<\/td>\n<\/tr>\n<\/table>\n<h2>Localiza\u00e7\u00e3o do Evento<\/h2>\n<p>O carnaval acontece no <strong>Centro de Barueri<\/strong>, especificamente em frente ao Gin\u00e1sio Jos\u00e9 Corr\u00eaa. A localiza\u00e7\u00e3o \u00e9 estrat\u00e9gica, facilitando o acesso para os moradores e visitantes da cidade. Os transportes p\u00fablicos tamb\u00e9m estar\u00e3o dispon\u00edveis para atender ao p\u00fablico durante o evento.<\/p>\n<p><img decoding=\"async\" src=\"https:\/\/www.encontraalphaville.com.br\/guia\/wp-content\/uploads\/2026\/02\/carnaval-de-barueri-tem-programacao-confirmada-para-o-dia-15-no-centro.webp\" alt=\"Carnaval de Barueri\" loading=\"lazy\" \/><\/p>\n<h2>Dicas de Fantasia para Participar<\/h2>\n<p>Participar do Carnaval de Barueri com uma fantasia adequada \u00e9 fundamental. Aqui est\u00e3o algumas sugest\u00f5es:<\/p>\n<ul>\n<li><strong>Escolha uma fantasia leve:<\/strong> Evite pe\u00e7as que sejam muito pesadas para garantir conforto.<\/li>\n<li><strong>Use acess\u00f3rios divertidos:<\/strong> Como chap\u00e9us, m\u00e1scaras e outros itens que agreguem valor \u00e0 sua fantasia.<\/li>\n<li><strong>N\u00e3o se esque\u00e7a da maquiagem:<\/strong> Ela pode adicionar um charme a mais e deixar seu visual ainda mais festivo.<\/li>\n<li><strong>Fantasias tem\u00e1ticas:<\/strong> Opte por temas que estejam em alta ou que estejam ligados \u00e0 cultura brasileira.<\/li>\n<\/ul>\n<h2>O Que Trazer para o Carnaval<\/h2>\n<p>Para aproveitar ao m\u00e1ximo o Carnaval, lembre-se de levar alguns itens essenciais:<\/p>\n<ul>\n<li><strong>Protetor solar:<\/strong> Para proteger sua pele durante o evento.<\/li>\n<li><strong>Hidratante labial:<\/strong> Para evitar l\u00e1bios ressecados.<\/li>\n<li><strong>\u00c1gua ou bebidas hidratantes:<\/strong> \u00c9 importante se manter hidratado ao longo da festa.<\/li>\n<li><strong>Dinheiro em esp\u00e9cie:<\/strong> Alguns vendedores podem n\u00e3o aceitar cart\u00f5es.<\/li>\n<\/ul>\n<h2>Hist\u00f3ria do Carnaval de Barueri<\/h2>\n<p>O <strong>Carnaval de Barueri<\/strong> tem uma rica tradi\u00e7\u00e3o que remonta a v\u00e1rias d\u00e9cadas. Inicialmente, era comemorado de forma simples, mas ao longo dos anos ganhou um formato mais elaborado, com desfiles e a participa\u00e7\u00e3o de escolas de samba.<\/p>\n<p>A import\u00e2ncia dessa festa \u00e9 tamanha que ela agora se tornou um evento marcante no calend\u00e1rio cultural da cidade, atraindo n\u00e3o apenas os moradores, mas tamb\u00e9m visitantes de diversas regi\u00f5es.<\/p>\n<h2>Como Chegar ao Centro<\/h2>\n<p>Para facilitar a chegada ao centro de Barueri, considere as seguintes op\u00e7\u00f5es de transporte:<\/p>\n<ul>\n<li><strong>Transporte p\u00fablico:<\/strong> Utilize \u00f4nibus que t\u00eam paradas pr\u00f3ximas ao evento.<\/li>\n<li><strong>Carro particular:<\/strong> Chegue cedo para garantir um bom estacionamento e evite os congestionamentos.<\/li>\n<li><strong>Alternativas como bicicleta:<\/strong> S\u00e3o uma \u00f3tima forma de se deslocar de maneira sustent\u00e1vel e evitar a falta de vagas.<\/li>\n<\/ul>\n<h2>Import\u00e2ncia da Folia na Comunidade<\/h2>\n<p>O carnaval \u00e9 mais do que uma simples festa; \u00e9 uma celebra\u00e7\u00e3o que fortalece os la\u00e7os comunit\u00e1rios. Durante o evento, as pessoas se re\u00fanem, compartilham experi\u00eancias e vivenciam momentos de alegria e confraterniza\u00e7\u00e3o. Al\u00e9m disso, a festa proporciona uma oportunidade de divulga\u00e7\u00e3o da cultura local e das tradi\u00e7\u00f5es.<\/p>\n<h2>Atra\u00e7\u00f5es Especiais Durante o Evento<\/h2>\n<p>Al\u00e9m da programa\u00e7\u00e3o habitual, o carnaval de Barueri contar\u00e1 com algumas atra\u00e7\u00f5es especiais, como:<\/p>\n<ul>\n<li><strong>Apresenta\u00e7\u00f5es de dan\u00e7as t\u00edpicas:<\/strong> Grupos locais far\u00e3o demonstra\u00e7\u00f5es de dan\u00e7as que representam a cultura brasileira.<\/li>\n<li><strong>Shows de artistas regionais:<\/strong> A festa ser\u00e1 animada por artistas que trazem a m\u00fasica popular para o p\u00fablico.<\/li>\n<li><strong>Espa\u00e7os de lazer:<\/strong> \u00c1reas espec\u00edficas para crian\u00e7as e fam\u00edlias que oferecem atividades l\u00fadicas.<\/li>\n<\/ul>\n<h2>Preparativos Para um Carnaval Inesquec\u00edvel<\/h2>\n<p>Se voc\u00ea deseja fazer do seu carnaval uma experi\u00eancia inesquec\u00edvel, siga estas dicas:<\/p>\n<ul>\n<li><strong>Planeje com anteced\u00eancia:<\/strong> Organize atividades e hor\u00e1rios que voc\u00ea n\u00e3o quer perder.<\/li>\n<li><strong>Convide amigos e familiares:<\/strong> A divers\u00e3o \u00e9 sempre melhor quando compartilhada com pessoas queridas.<\/li>\n<li><strong>Leve sua c\u00e2mera:<\/strong> Registre os momentos especiais e as alegrias da festa.<\/li>\n<li><strong>Esteja aberto \u00e0 novas experi\u00eancias:<\/strong> Participe de atividades que podem ser diferentes para voc\u00ea.<\/li>\n<\/ul>\n","protected":false},"excerpt":{"rendered":"<p>Carnaval de Barueri traz divers\u00e3o e tradi\u00e7\u00e3o em um dia especial.<\/p>\n","protected":false},"author":1,"featured_media":6407,"comment_status":"open","ping_status":"open","sticky":false,"template":"","format":"standard","meta":{"footnotes":""},"categories":[5],"tags":[],"class_list":["post-6408","post","type-post","status-publish","format-standard","has-post-thumbnail","hentry","category-noticias","has_thumb"],"yoast_head":"<!-- This site is optimized with the Yoast SEO plugin v26.4 - https:\/\/yoast.com\/wordpress\/plugins\/seo\/ -->\n<title>Carnaval de Barueri tem programa\u00e7\u00e3o confirmada para o dia 15 no Centro | Guia Comercial de Alphaville SP<\/title>\n<meta name=\"robots\" content=\"index, follow, max-snippet:-1, max-image-preview:large, max-video-preview:-1\" \/>\n<link rel=\"canonical\" href=\"https:\/\/www.encontraalphaville.com.br\/guia\/carnaval-de-barueri-tem-programacao-confirmada-para-o-dia-15-no-centro\/\" \/>\n<meta property=\"og:locale\" content=\"pt_BR\" \/>\n<meta property=\"og:type\" content=\"article\" \/>\n<meta property=\"og:title\" content=\"Carnaval de Barueri tem programa\u00e7\u00e3o confirmada para o dia 15 no Centro | Guia Comercial de Alphaville SP\" \/>\n<meta property=\"og:description\" content=\"Carnaval de Barueri traz divers\u00e3o e tradi\u00e7\u00e3o em um dia especial.\" \/>\n<meta property=\"og:url\" content=\"https:\/\/www.encontraalphaville.com.br\/guia\/carnaval-de-barueri-tem-programacao-confirmada-para-o-dia-15-no-centro\/\" \/>\n<meta property=\"og:site_name\" content=\"Guia Comercial de Alphaville SP\" \/>\n<meta property=\"article:published_time\" content=\"2026-02-18T14:56:55+00:00\" \/>\n<meta property=\"og:image\" content=\"https:\/\/www.encontraalphaville.com.br\/guia\/wp-content\/uploads\/2026\/02\/carnaval-de-barueri-tem-programacao-confirmada-para-o-dia-15-no-centro.webp\" \/>\n<meta name=\"author\" content=\"Encontra Alphaville\" \/>\n<meta name=\"twitter:card\" content=\"summary_large_image\" \/>\n<meta name=\"twitter:label1\" content=\"Escrito por\" \/>\n\t<meta name=\"twitter:data1\" content=\"Encontra Alphaville\" \/>\n\t<meta name=\"twitter:label2\" content=\"Est. tempo de leitura\" \/>\n\t<meta name=\"twitter:data2\" content=\"3 minutos\" \/>\n<script type=\"application\/ld+json\" class=\"yoast-schema-graph\">{\"@context\":\"https:\/\/schema.org\",\"@graph\":[{\"@type\":\"WebPage\",\"@id\":\"https:\/\/www.encontraalphaville.com.br\/guia\/carnaval-de-barueri-tem-programacao-confirmada-para-o-dia-15-no-centro\/\",\"url\":\"https:\/\/www.encontraalphaville.com.br\/guia\/carnaval-de-barueri-tem-programacao-confirmada-para-o-dia-15-no-centro\/\",\"name\":\"Carnaval de Barueri tem programa\u00e7\u00e3o confirmada para o dia 15 no Centro | Guia Comercial de Alphaville SP\",\"isPartOf\":{\"@id\":\"https:\/\/www.encontraalphaville.com.br\/guia\/#website\"},\"primaryImageOfPage\":{\"@id\":\"https:\/\/www.encontraalphaville.com.br\/guia\/carnaval-de-barueri-tem-programacao-confirmada-para-o-dia-15-no-centro\/#primaryimage\"},\"image\":{\"@id\":\"https:\/\/www.encontraalphaville.com.br\/guia\/carnaval-de-barueri-tem-programacao-confirmada-para-o-dia-15-no-centro\/#primaryimage\"},\"thumbnailUrl\":\"https:\/\/www.encontraalphaville.com.br\/guia\/wp-content\/uploads\/2026\/02\/carnaval-de-barueri-tem-programacao-confirmada-para-o-dia-15-no-centro.webp\",\"datePublished\":\"2026-02-18T14:56:55+00:00\",\"author\":{\"@id\":\"https:\/\/www.encontraalphaville.com.br\/guia\/#\/schema\/person\/a48592ba2de82cdaeeef25afa1c4bc6a\"},\"inLanguage\":\"pt-BR\",\"potentialAction\":[{\"@type\":\"ReadAction\",\"target\":[\"https:\/\/www.encontraalphaville.com.br\/guia\/carnaval-de-barueri-tem-programacao-confirmada-para-o-dia-15-no-centro\/\"]}]},{\"@type\":\"ImageObject\",\"inLanguage\":\"pt-BR\",\"@id\":\"https:\/\/www.encontraalphaville.com.br\/guia\/carnaval-de-barueri-tem-programacao-confirmada-para-o-dia-15-no-centro\/#primaryimage\",\"url\":\"https:\/\/www.encontraalphaville.com.br\/guia\/wp-content\/uploads\/2026\/02\/carnaval-de-barueri-tem-programacao-confirmada-para-o-dia-15-no-centro.webp\",\"contentUrl\":\"https:\/\/www.encontraalphaville.com.br\/guia\/wp-content\/uploads\/2026\/02\/carnaval-de-barueri-tem-programacao-confirmada-para-o-dia-15-no-centro.webp\",\"width\":280,\"height\":280,\"caption\":\"Carnaval de Barueri\"},{\"@type\":\"WebSite\",\"@id\":\"https:\/\/www.encontraalphaville.com.br\/guia\/#website\",\"url\":\"https:\/\/www.encontraalphaville.com.br\/guia\/\",\"name\":\"Guia Comercial de Alphaville SP\",\"description\":\"ENCONTRA ALPHAVILLE - O guia comercial de neg\u00f3cios e empresas, cultura e divers\u00e3o no bairro de Alphaville. Feito 100% para voc\u00ea morador!\",\"potentialAction\":[{\"@type\":\"SearchAction\",\"target\":{\"@type\":\"EntryPoint\",\"urlTemplate\":\"https:\/\/www.encontraalphaville.com.br\/guia\/?s={search_term_string}\"},\"query-input\":{\"@type\":\"PropertyValueSpecification\",\"valueRequired\":true,\"valueName\":\"search_term_string\"}}],\"inLanguage\":\"pt-BR\"},{\"@type\":\"Person\",\"@id\":\"https:\/\/www.encontraalphaville.com.br\/guia\/#\/schema\/person\/a48592ba2de82cdaeeef25afa1c4bc6a\",\"name\":\"Encontra Alphaville\",\"image\":{\"@type\":\"ImageObject\",\"inLanguage\":\"pt-BR\",\"@id\":\"https:\/\/www.encontraalphaville.com.br\/guia\/#\/schema\/person\/image\/\",\"url\":\"https:\/\/secure.gravatar.com\/avatar\/c50c17820bcf322f0a8fd6b110b8c0918141409dc69076470f6fca5fee70a5d4?s=96&d=mm&r=g\",\"contentUrl\":\"https:\/\/secure.gravatar.com\/avatar\/c50c17820bcf322f0a8fd6b110b8c0918141409dc69076470f6fca5fee70a5d4?s=96&d=mm&r=g\",\"caption\":\"Encontra Alphaville\"},\"url\":\"https:\/\/www.encontraalphaville.com.br\/guia\/author\/encontraalphaville\/\"}]}<\/script>\n<!-- \/ Yoast SEO plugin. -->","yoast_head_json":{"title":"Carnaval de Barueri tem programa\u00e7\u00e3o confirmada para o dia 15 no Centro | Guia Comercial de Alphaville SP","robots":{"index":"index","follow":"follow","max-snippet":"max-snippet:-1","max-image-preview":"max-image-preview:large","max-video-preview":"max-video-preview:-1"},"canonical":"https:\/\/www.encontraalphaville.com.br\/guia\/carnaval-de-barueri-tem-programacao-confirmada-para-o-dia-15-no-centro\/","og_locale":"pt_BR","og_type":"article","og_title":"Carnaval de Barueri tem programa\u00e7\u00e3o confirmada para o dia 15 no Centro | Guia Comercial de Alphaville SP","og_description":"Carnaval de Barueri traz divers\u00e3o e tradi\u00e7\u00e3o em um dia especial.","og_url":"https:\/\/www.encontraalphaville.com.br\/guia\/carnaval-de-barueri-tem-programacao-confirmada-para-o-dia-15-no-centro\/","og_site_name":"Guia Comercial de Alphaville SP","article_published_time":"2026-02-18T14:56:55+00:00","og_image":[{"url":"https:\/\/www.encontraalphaville.com.br\/guia\/wp-content\/uploads\/2026\/02\/carnaval-de-barueri-tem-programacao-confirmada-para-o-dia-15-no-centro.webp","type":"","width":"","height":""}],"author":"Encontra Alphaville","twitter_card":"summary_large_image","twitter_misc":{"Escrito por":"Encontra Alphaville","Est. tempo de leitura":"3 minutos"},"schema":{"@context":"https:\/\/schema.org","@graph":[{"@type":"WebPage","@id":"https:\/\/www.encontraalphaville.com.br\/guia\/carnaval-de-barueri-tem-programacao-confirmada-para-o-dia-15-no-centro\/","url":"https:\/\/www.encontraalphaville.com.br\/guia\/carnaval-de-barueri-tem-programacao-confirmada-para-o-dia-15-no-centro\/","name":"Carnaval de Barueri tem programa\u00e7\u00e3o confirmada para o dia 15 no Centro | Guia Comercial de Alphaville SP","isPartOf":{"@id":"https:\/\/www.encontraalphaville.com.br\/guia\/#website"},"primaryImageOfPage":{"@id":"https:\/\/www.encontraalphaville.com.br\/guia\/carnaval-de-barueri-tem-programacao-confirmada-para-o-dia-15-no-centro\/#primaryimage"},"image":{"@id":"https:\/\/www.encontraalphaville.com.br\/guia\/carnaval-de-barueri-tem-programacao-confirmada-para-o-dia-15-no-centro\/#primaryimage"},"thumbnailUrl":"https:\/\/www.encontraalphaville.com.br\/guia\/wp-content\/uploads\/2026\/02\/carnaval-de-barueri-tem-programacao-confirmada-para-o-dia-15-no-centro.webp","datePublished":"2026-02-18T14:56:55+00:00","author":{"@id":"https:\/\/www.encontraalphaville.com.br\/guia\/#\/schema\/person\/a48592ba2de82cdaeeef25afa1c4bc6a"},"inLanguage":"pt-BR","potentialAction":[{"@type":"ReadAction","target":["https:\/\/www.encontraalphaville.com.br\/guia\/carnaval-de-barueri-tem-programacao-confirmada-para-o-dia-15-no-centro\/"]}]},{"@type":"ImageObject","inLanguage":"pt-BR","@id":"https:\/\/www.encontraalphaville.com.br\/guia\/carnaval-de-barueri-tem-programacao-confirmada-para-o-dia-15-no-centro\/#primaryimage","url":"https:\/\/www.encontraalphaville.com.br\/guia\/wp-content\/uploads\/2026\/02\/carnaval-de-barueri-tem-programacao-confirmada-para-o-dia-15-no-centro.webp","contentUrl":"https:\/\/www.encontraalphaville.com.br\/guia\/wp-content\/uploads\/2026\/02\/carnaval-de-barueri-tem-programacao-confirmada-para-o-dia-15-no-centro.webp","width":280,"height":280,"caption":"Carnaval de Barueri"},{"@type":"WebSite","@id":"https:\/\/www.encontraalphaville.com.br\/guia\/#website","url":"https:\/\/www.encontraalphaville.com.br\/guia\/","name":"Guia Comercial de Alphaville SP","description":"ENCONTRA ALPHAVILLE - O guia comercial de neg\u00f3cios e empresas, cultura e divers\u00e3o no bairro de Alphaville. Feito 100% para voc\u00ea morador!","potentialAction":[{"@type":"SearchAction","target":{"@type":"EntryPoint","urlTemplate":"https:\/\/www.encontraalphaville.com.br\/guia\/?s={search_term_string}"},"query-input":{"@type":"PropertyValueSpecification","valueRequired":true,"valueName":"search_term_string"}}],"inLanguage":"pt-BR"},{"@type":"Person","@id":"https:\/\/www.encontraalphaville.com.br\/guia\/#\/schema\/person\/a48592ba2de82cdaeeef25afa1c4bc6a","name":"Encontra Alphaville","image":{"@type":"ImageObject","inLanguage":"pt-BR","@id":"https:\/\/www.encontraalphaville.com.br\/guia\/#\/schema\/person\/image\/","url":"https:\/\/secure.gravatar.com\/avatar\/c50c17820bcf322f0a8fd6b110b8c0918141409dc69076470f6fca5fee70a5d4?s=96&d=mm&r=g","contentUrl":"https:\/\/secure.gravatar.com\/avatar\/c50c17820bcf322f0a8fd6b110b8c0918141409dc69076470f6fca5fee70a5d4?s=96&d=mm&r=g","caption":"Encontra Alphaville"},"url":"https:\/\/www.encontraalphaville.com.br\/guia\/author\/encontraalphaville\/"}]}},"_links":{"self":[{"href":"https:\/\/www.encontraalphaville.com.br\/guia\/wp-json\/wp\/v2\/posts\/6408","targetHints":{"allow":["GET"]}}],"collection":[{"href":"https:\/\/www.encontraalphaville.com.br\/guia\/wp-json\/wp\/v2\/posts"}],"about":[{"href":"https:\/\/www.encontraalphaville.com.br\/guia\/wp-json\/wp\/v2\/types\/post"}],"author":[{"embeddable":true,"href":"https:\/\/www.encontraalphaville.com.br\/guia\/wp-json\/wp\/v2\/users\/1"}],"replies":[{"embeddable":true,"href":"https:\/\/www.encontraalphaville.com.br\/guia\/wp-json\/wp\/v2\/comments?post=6408"}],"version-history":[{"count":0,"href":"https:\/\/www.encontraalphaville.com.br\/guia\/wp-json\/wp\/v2\/posts\/6408\/revisions"}],"wp:featuredmedia":[{"embeddable":true,"href":"https:\/\/www.encontraalphaville.com.br\/guia\/wp-json\/wp\/v2\/media\/6407"}],"wp:attachment":[{"href":"https:\/\/www.encontraalphaville.com.br\/guia\/wp-json\/wp\/v2\/media?parent=6408"}],"wp:term":[{"taxonomy":"category","embeddable":true,"href":"https:\/\/www.encontraalphaville.com.br\/guia\/wp-json\/wp\/v2\/categories?post=6408"},{"taxonomy":"post_tag","embeddable":true,"href":"https:\/\/www.encontraalphaville.com.br\/guia\/wp-json\/wp\/v2\/tags?post=6408"}],"curies":[{"name":"wp","href":"https:\/\/api.w.org\/{rel}","templated":true}]}}