{"id":6406,"date":"2026-02-17T11:47:17","date_gmt":"2026-02-17T14:47:17","guid":{"rendered":"https:\/\/www.encontraalphaville.com.br\/guia\/barueri-abre-inscricoes-para-o-festival-de-danca-a-partir-de-23-de-fevereiro\/"},"modified":"2026-02-17T11:47:17","modified_gmt":"2026-02-17T14:47:17","slug":"barueri-abre-inscricoes-para-o-festival-de-danca-a-partir-de-23-de-fevereiro","status":"publish","type":"post","link":"https:\/\/www.encontraalphaville.com.br\/guia\/barueri-abre-inscricoes-para-o-festival-de-danca-a-partir-de-23-de-fevereiro\/","title":{"rendered":"Barueri abre inscri\u00e7\u00f5es para o Festival de Dan\u00e7a a partir de 23 de fevereiro"},"content":{"rendered":"<h2>Datas Importantes para o Festival<\/h2>\n<p>O <strong>Festival de Dan\u00e7a de Barueri<\/strong> est\u00e1 programado para ocorrer nos dias <strong>25 e 26 de abril<\/strong> deste ano. As inscri\u00e7\u00f5es para os interessados em participar come\u00e7ar\u00e3o no dia <strong>23 de fevereiro<\/strong>, e o edital ser\u00e1 disponibilizado no <a href=\"https:\/\/portal.barueri.sp.gov.br\/\">site da Prefeitura de Barueri<\/a>.<\/p>\n<h2>Como Fazer a Inscri\u00e7\u00e3o<\/h2>\n<p>As inscri\u00e7\u00f5es para o festival devem ser realizadas atrav\u00e9s do <strong>formul\u00e1rio dispon\u00edvel no site da prefeitura<\/strong>. \u00c9 essencial que os participantes leiam atentamente todas as instru\u00e7\u00f5es contidas no edital antes de completar o cadastro. Este ciclo de inscri\u00e7\u00f5es \u00e9 uma oportunidade valiosa para artistas locais e grupos de dan\u00e7a exibirem seus talentos.<\/p>\n<h2>Regras do Edital<\/h2>\n<p>O <strong>edital do Festival de Dan\u00e7a<\/strong> cont\u00e9m informa\u00e7\u00f5es cruciais que os participantes devem observar. Algumas das regras incluem:<\/p>\n<p><img decoding=\"async\" src=\"https:\/\/www.encontraalphaville.com.br\/guia\/wp-content\/uploads\/2026\/02\/barueri-abre-inscricoes-para-o-festival-de-danca-a-partir-de-23-de-fevereiro.webp\" alt=\"Festival de Dan\u00e7a em Barueri\" loading=\"lazy\" \/><\/p>\n<ul>\n<li><strong>Elegibilidade:<\/strong> Podem se inscrever bailarinos, grupos e escolas que atuem em diversas modalidades de dan\u00e7a.<\/li>\n<li><strong>Documenta\u00e7\u00e3o:<\/strong> \u00c9 aconselh\u00e1vel que todos os inscritos apresentem a documenta\u00e7\u00e3o necess\u00e1ria conforme solicitado no edital.<\/li>\n<li><strong>Prazos:<\/strong> Os candidatos devem se atentar aos prazos estabelecidos para inscri\u00e7\u00f5es e outras atividades relacionadas ao festival.<\/li>\n<\/ul>\n<h2>Local do Evento<\/h2>\n<p>O <strong>Festival de Dan\u00e7a de Barueri<\/strong> ocorrer\u00e1 na <strong>Pra\u00e7a das Artes<\/strong>, localizada na Rua Ministro Raphael de Barros, 255. Este espa\u00e7o \u00e9 conhecido por sua estrutura adequada para eventos culturais, proporcionando uma excelente experi\u00eancia tanto para os artistas quanto para o p\u00fablico.<\/p>\n<h2>O Que Esperar do Festival<\/h2>\n<p>Os participantes podem esperar uma programa\u00e7\u00e3o diversificada e rica em talento. O festival ser\u00e1 uma vitrine cultural que traz \u00e0 tona uma variedade de estilos de dan\u00e7a, incluindo:<\/p>\n<ul>\n<li><strong>Dan\u00e7a contempor\u00e2nea<\/strong><\/li>\n<li><strong>Dan\u00e7a de sal\u00e3o<\/strong><\/li>\n<li><strong>Dan\u00e7a folcl\u00f3rica<\/strong><\/li>\n<li><strong>Ballet<\/strong><\/li>\n<li><strong>Hip Hop<\/strong><\/li>\n<\/ul>\n<p>O evento promete ainda promover a intera\u00e7\u00e3o entre diferentes grupos e estilos, al\u00e9m de proporcionar momentos memor\u00e1veis para os espectadores e participantes.<\/p>\n<h2>Hist\u00f3ria do Festival de Dan\u00e7a<\/h2>\n<p>O <strong>Festival de Dan\u00e7a de Barueri<\/strong> foi criado visando a valoriza\u00e7\u00e3o da cultura local e o incentivo \u00e0 pr\u00e1tica da dan\u00e7a. Ao longo dos anos, o festival vem se consolidando como um importante evento no calend\u00e1rio cultural da cidade, proporcionando visibilidade para artistas emergentes e estabelecidos na \u00e1rea da dan\u00e7a.<\/p>\n<h2>Dicas para os Participantes<\/h2>\n<p>Para aqueles que desejam se destacar no festival, algumas dicas incluem:<\/p>\n<ul>\n<li><strong>Treinos regulares:<\/strong> A pr\u00e1tica constante \u00e9 essencial para a melhoria t\u00e9cnica e a confian\u00e7a no palco.<\/li>\n<li><strong>Escolha do Repert\u00f3rio:<\/strong> Optar por pe\u00e7as que se alinhem ao estilo do grupo ou artista pode impactar positivamente a apresenta\u00e7\u00e3o.<\/li>\n<li><strong>Apresenta\u00e7\u00e3o Pessoal:<\/strong> O visual dos dan\u00e7arinos tamb\u00e9m \u00e9 importante. Investir em trajes que reflitam o estilo da dan\u00e7a pode fazer diferen\u00e7a na performance.<\/li>\n<\/ul>\n<h2>A Import\u00e2ncia Cultural do Evento<\/h2>\n<p>O <strong>Festival de Dan\u00e7a de Barueri<\/strong> n\u00e3o \u00e9 apenas um evento de entretenimento, mas tamb\u00e9m uma plataforma essencial para a promo\u00e7\u00e3o da cultura e da express\u00e3o art\u00edstica na regi\u00e3o. Ao reunir diferentes estilos de dan\u00e7a, o festival:<\/p>\n<ul>\n<li>Fortalece os la\u00e7os comunit\u00e1rios.<\/li>\n<li>Estimula a aprecia\u00e7\u00e3o das artes.<\/li>\n<li>Oferece oportunidades de networking para artistas e grupos culturais.<\/li>\n<\/ul>\n<h2>Perfil dos Participantes<\/h2>\n<p>Os participantes do festival s\u00e3o variados e incluem desde escolas de dan\u00e7a renomadas at\u00e9 bailarinos independentes. O evento \u00e9 aberto a diversas idades e n\u00edveis de habilidade, garantindo um ambiente inclusivo onde todos podem compartilhar sua paix\u00e3o pela dan\u00e7a.<\/p>\n<h2>Oportunidades para Artistas Locais<\/h2>\n<p>Participar do Festival de Dan\u00e7a de Barueri representa uma oportunidade valiosa para artistas locais. Al\u00e9m de aumentar a visibilidade, os participantes t\u00eam a chance de:<\/p>\n<ul>\n<li>Estabelecer conex\u00f5es com outros profissionais da dan\u00e7a.<\/li>\n<li>Receber feedback de jurados experientes.<\/li>\n<li>Promover suas pr\u00f3prias apresenta\u00e7\u00f5es e projetos futuros.<\/li>\n<\/ul>\n<p>Com a diversidade de talentos e estilos, o festival serve como um trampolim para novas oportunidades no cen\u00e1rio cultural de Barueri e al\u00e9m.<\/p>\n","protected":false},"excerpt":{"rendered":"<p>Inscri\u00e7\u00f5es para o Festival de Dan\u00e7a em Barueri come\u00e7am em 23 de fevereiro!<\/p>\n","protected":false},"author":1,"featured_media":6405,"comment_status":"open","ping_status":"open","sticky":false,"template":"","format":"standard","meta":{"footnotes":""},"categories":[5],"tags":[],"class_list":["post-6406","post","type-post","status-publish","format-standard","has-post-thumbnail","hentry","category-noticias","has_thumb"],"yoast_head":"<!-- This site is optimized with the Yoast SEO plugin v26.4 - https:\/\/yoast.com\/wordpress\/plugins\/seo\/ -->\n<title>Barueri abre inscri\u00e7\u00f5es para o Festival de Dan\u00e7a a partir de 23 de fevereiro | Guia Comercial de Alphaville SP<\/title>\n<meta name=\"robots\" content=\"index, follow, max-snippet:-1, max-image-preview:large, max-video-preview:-1\" \/>\n<link rel=\"canonical\" href=\"https:\/\/www.encontraalphaville.com.br\/guia\/barueri-abre-inscricoes-para-o-festival-de-danca-a-partir-de-23-de-fevereiro\/\" \/>\n<meta property=\"og:locale\" content=\"pt_BR\" \/>\n<meta property=\"og:type\" content=\"article\" \/>\n<meta property=\"og:title\" content=\"Barueri abre inscri\u00e7\u00f5es para o Festival de Dan\u00e7a a partir de 23 de fevereiro | Guia Comercial de Alphaville SP\" \/>\n<meta property=\"og:description\" content=\"Inscri\u00e7\u00f5es para o Festival de Dan\u00e7a em Barueri come\u00e7am em 23 de fevereiro!\" \/>\n<meta property=\"og:url\" content=\"https:\/\/www.encontraalphaville.com.br\/guia\/barueri-abre-inscricoes-para-o-festival-de-danca-a-partir-de-23-de-fevereiro\/\" \/>\n<meta property=\"og:site_name\" content=\"Guia Comercial de Alphaville SP\" \/>\n<meta property=\"article:published_time\" content=\"2026-02-17T14:47:17+00:00\" \/>\n<meta property=\"og:image\" content=\"https:\/\/www.encontraalphaville.com.br\/guia\/wp-content\/uploads\/2026\/02\/barueri-abre-inscricoes-para-o-festival-de-danca-a-partir-de-23-de-fevereiro.webp\" \/>\n<meta name=\"author\" content=\"Encontra Alphaville\" \/>\n<meta name=\"twitter:card\" content=\"summary_large_image\" \/>\n<meta name=\"twitter:label1\" content=\"Escrito por\" \/>\n\t<meta name=\"twitter:data1\" content=\"Encontra Alphaville\" \/>\n\t<meta name=\"twitter:label2\" content=\"Est. tempo de leitura\" \/>\n\t<meta name=\"twitter:data2\" content=\"3 minutos\" \/>\n<script type=\"application\/ld+json\" class=\"yoast-schema-graph\">{\"@context\":\"https:\/\/schema.org\",\"@graph\":[{\"@type\":\"WebPage\",\"@id\":\"https:\/\/www.encontraalphaville.com.br\/guia\/barueri-abre-inscricoes-para-o-festival-de-danca-a-partir-de-23-de-fevereiro\/\",\"url\":\"https:\/\/www.encontraalphaville.com.br\/guia\/barueri-abre-inscricoes-para-o-festival-de-danca-a-partir-de-23-de-fevereiro\/\",\"name\":\"Barueri abre inscri\u00e7\u00f5es para o Festival de Dan\u00e7a a partir de 23 de fevereiro | Guia Comercial de Alphaville SP\",\"isPartOf\":{\"@id\":\"https:\/\/www.encontraalphaville.com.br\/guia\/#website\"},\"primaryImageOfPage\":{\"@id\":\"https:\/\/www.encontraalphaville.com.br\/guia\/barueri-abre-inscricoes-para-o-festival-de-danca-a-partir-de-23-de-fevereiro\/#primaryimage\"},\"image\":{\"@id\":\"https:\/\/www.encontraalphaville.com.br\/guia\/barueri-abre-inscricoes-para-o-festival-de-danca-a-partir-de-23-de-fevereiro\/#primaryimage\"},\"thumbnailUrl\":\"https:\/\/www.encontraalphaville.com.br\/guia\/wp-content\/uploads\/2026\/02\/barueri-abre-inscricoes-para-o-festival-de-danca-a-partir-de-23-de-fevereiro.webp\",\"datePublished\":\"2026-02-17T14:47:17+00:00\",\"author\":{\"@id\":\"https:\/\/www.encontraalphaville.com.br\/guia\/#\/schema\/person\/a48592ba2de82cdaeeef25afa1c4bc6a\"},\"inLanguage\":\"pt-BR\",\"potentialAction\":[{\"@type\":\"ReadAction\",\"target\":[\"https:\/\/www.encontraalphaville.com.br\/guia\/barueri-abre-inscricoes-para-o-festival-de-danca-a-partir-de-23-de-fevereiro\/\"]}]},{\"@type\":\"ImageObject\",\"inLanguage\":\"pt-BR\",\"@id\":\"https:\/\/www.encontraalphaville.com.br\/guia\/barueri-abre-inscricoes-para-o-festival-de-danca-a-partir-de-23-de-fevereiro\/#primaryimage\",\"url\":\"https:\/\/www.encontraalphaville.com.br\/guia\/wp-content\/uploads\/2026\/02\/barueri-abre-inscricoes-para-o-festival-de-danca-a-partir-de-23-de-fevereiro.webp\",\"contentUrl\":\"https:\/\/www.encontraalphaville.com.br\/guia\/wp-content\/uploads\/2026\/02\/barueri-abre-inscricoes-para-o-festival-de-danca-a-partir-de-23-de-fevereiro.webp\",\"width\":280,\"height\":280,\"caption\":\"Festival de Dan\u00e7a em Barueri\"},{\"@type\":\"WebSite\",\"@id\":\"https:\/\/www.encontraalphaville.com.br\/guia\/#website\",\"url\":\"https:\/\/www.encontraalphaville.com.br\/guia\/\",\"name\":\"Guia Comercial de Alphaville SP\",\"description\":\"ENCONTRA ALPHAVILLE - O guia comercial de neg\u00f3cios e empresas, cultura e divers\u00e3o no bairro de Alphaville. Feito 100% para voc\u00ea morador!\",\"potentialAction\":[{\"@type\":\"SearchAction\",\"target\":{\"@type\":\"EntryPoint\",\"urlTemplate\":\"https:\/\/www.encontraalphaville.com.br\/guia\/?s={search_term_string}\"},\"query-input\":{\"@type\":\"PropertyValueSpecification\",\"valueRequired\":true,\"valueName\":\"search_term_string\"}}],\"inLanguage\":\"pt-BR\"},{\"@type\":\"Person\",\"@id\":\"https:\/\/www.encontraalphaville.com.br\/guia\/#\/schema\/person\/a48592ba2de82cdaeeef25afa1c4bc6a\",\"name\":\"Encontra Alphaville\",\"image\":{\"@type\":\"ImageObject\",\"inLanguage\":\"pt-BR\",\"@id\":\"https:\/\/www.encontraalphaville.com.br\/guia\/#\/schema\/person\/image\/\",\"url\":\"https:\/\/secure.gravatar.com\/avatar\/c50c17820bcf322f0a8fd6b110b8c0918141409dc69076470f6fca5fee70a5d4?s=96&d=mm&r=g\",\"contentUrl\":\"https:\/\/secure.gravatar.com\/avatar\/c50c17820bcf322f0a8fd6b110b8c0918141409dc69076470f6fca5fee70a5d4?s=96&d=mm&r=g\",\"caption\":\"Encontra Alphaville\"},\"url\":\"https:\/\/www.encontraalphaville.com.br\/guia\/author\/encontraalphaville\/\"}]}<\/script>\n<!-- \/ Yoast SEO plugin. -->","yoast_head_json":{"title":"Barueri abre inscri\u00e7\u00f5es para o Festival de Dan\u00e7a a partir de 23 de fevereiro | Guia Comercial de Alphaville SP","robots":{"index":"index","follow":"follow","max-snippet":"max-snippet:-1","max-image-preview":"max-image-preview:large","max-video-preview":"max-video-preview:-1"},"canonical":"https:\/\/www.encontraalphaville.com.br\/guia\/barueri-abre-inscricoes-para-o-festival-de-danca-a-partir-de-23-de-fevereiro\/","og_locale":"pt_BR","og_type":"article","og_title":"Barueri abre inscri\u00e7\u00f5es para o Festival de Dan\u00e7a a partir de 23 de fevereiro | Guia Comercial de Alphaville SP","og_description":"Inscri\u00e7\u00f5es para o Festival de Dan\u00e7a em Barueri come\u00e7am em 23 de fevereiro!","og_url":"https:\/\/www.encontraalphaville.com.br\/guia\/barueri-abre-inscricoes-para-o-festival-de-danca-a-partir-de-23-de-fevereiro\/","og_site_name":"Guia Comercial de Alphaville SP","article_published_time":"2026-02-17T14:47:17+00:00","og_image":[{"url":"https:\/\/www.encontraalphaville.com.br\/guia\/wp-content\/uploads\/2026\/02\/barueri-abre-inscricoes-para-o-festival-de-danca-a-partir-de-23-de-fevereiro.webp","type":"","width":"","height":""}],"author":"Encontra Alphaville","twitter_card":"summary_large_image","twitter_misc":{"Escrito por":"Encontra Alphaville","Est. tempo de leitura":"3 minutos"},"schema":{"@context":"https:\/\/schema.org","@graph":[{"@type":"WebPage","@id":"https:\/\/www.encontraalphaville.com.br\/guia\/barueri-abre-inscricoes-para-o-festival-de-danca-a-partir-de-23-de-fevereiro\/","url":"https:\/\/www.encontraalphaville.com.br\/guia\/barueri-abre-inscricoes-para-o-festival-de-danca-a-partir-de-23-de-fevereiro\/","name":"Barueri abre inscri\u00e7\u00f5es para o Festival de Dan\u00e7a a partir de 23 de fevereiro | Guia Comercial de Alphaville SP","isPartOf":{"@id":"https:\/\/www.encontraalphaville.com.br\/guia\/#website"},"primaryImageOfPage":{"@id":"https:\/\/www.encontraalphaville.com.br\/guia\/barueri-abre-inscricoes-para-o-festival-de-danca-a-partir-de-23-de-fevereiro\/#primaryimage"},"image":{"@id":"https:\/\/www.encontraalphaville.com.br\/guia\/barueri-abre-inscricoes-para-o-festival-de-danca-a-partir-de-23-de-fevereiro\/#primaryimage"},"thumbnailUrl":"https:\/\/www.encontraalphaville.com.br\/guia\/wp-content\/uploads\/2026\/02\/barueri-abre-inscricoes-para-o-festival-de-danca-a-partir-de-23-de-fevereiro.webp","datePublished":"2026-02-17T14:47:17+00:00","author":{"@id":"https:\/\/www.encontraalphaville.com.br\/guia\/#\/schema\/person\/a48592ba2de82cdaeeef25afa1c4bc6a"},"inLanguage":"pt-BR","potentialAction":[{"@type":"ReadAction","target":["https:\/\/www.encontraalphaville.com.br\/guia\/barueri-abre-inscricoes-para-o-festival-de-danca-a-partir-de-23-de-fevereiro\/"]}]},{"@type":"ImageObject","inLanguage":"pt-BR","@id":"https:\/\/www.encontraalphaville.com.br\/guia\/barueri-abre-inscricoes-para-o-festival-de-danca-a-partir-de-23-de-fevereiro\/#primaryimage","url":"https:\/\/www.encontraalphaville.com.br\/guia\/wp-content\/uploads\/2026\/02\/barueri-abre-inscricoes-para-o-festival-de-danca-a-partir-de-23-de-fevereiro.webp","contentUrl":"https:\/\/www.encontraalphaville.com.br\/guia\/wp-content\/uploads\/2026\/02\/barueri-abre-inscricoes-para-o-festival-de-danca-a-partir-de-23-de-fevereiro.webp","width":280,"height":280,"caption":"Festival de Dan\u00e7a em Barueri"},{"@type":"WebSite","@id":"https:\/\/www.encontraalphaville.com.br\/guia\/#website","url":"https:\/\/www.encontraalphaville.com.br\/guia\/","name":"Guia Comercial de Alphaville SP","description":"ENCONTRA ALPHAVILLE - O guia comercial de neg\u00f3cios e empresas, cultura e divers\u00e3o no bairro de Alphaville. Feito 100% para voc\u00ea morador!","potentialAction":[{"@type":"SearchAction","target":{"@type":"EntryPoint","urlTemplate":"https:\/\/www.encontraalphaville.com.br\/guia\/?s={search_term_string}"},"query-input":{"@type":"PropertyValueSpecification","valueRequired":true,"valueName":"search_term_string"}}],"inLanguage":"pt-BR"},{"@type":"Person","@id":"https:\/\/www.encontraalphaville.com.br\/guia\/#\/schema\/person\/a48592ba2de82cdaeeef25afa1c4bc6a","name":"Encontra Alphaville","image":{"@type":"ImageObject","inLanguage":"pt-BR","@id":"https:\/\/www.encontraalphaville.com.br\/guia\/#\/schema\/person\/image\/","url":"https:\/\/secure.gravatar.com\/avatar\/c50c17820bcf322f0a8fd6b110b8c0918141409dc69076470f6fca5fee70a5d4?s=96&d=mm&r=g","contentUrl":"https:\/\/secure.gravatar.com\/avatar\/c50c17820bcf322f0a8fd6b110b8c0918141409dc69076470f6fca5fee70a5d4?s=96&d=mm&r=g","caption":"Encontra Alphaville"},"url":"https:\/\/www.encontraalphaville.com.br\/guia\/author\/encontraalphaville\/"}]}},"_links":{"self":[{"href":"https:\/\/www.encontraalphaville.com.br\/guia\/wp-json\/wp\/v2\/posts\/6406","targetHints":{"allow":["GET"]}}],"collection":[{"href":"https:\/\/www.encontraalphaville.com.br\/guia\/wp-json\/wp\/v2\/posts"}],"about":[{"href":"https:\/\/www.encontraalphaville.com.br\/guia\/wp-json\/wp\/v2\/types\/post"}],"author":[{"embeddable":true,"href":"https:\/\/www.encontraalphaville.com.br\/guia\/wp-json\/wp\/v2\/users\/1"}],"replies":[{"embeddable":true,"href":"https:\/\/www.encontraalphaville.com.br\/guia\/wp-json\/wp\/v2\/comments?post=6406"}],"version-history":[{"count":0,"href":"https:\/\/www.encontraalphaville.com.br\/guia\/wp-json\/wp\/v2\/posts\/6406\/revisions"}],"wp:featuredmedia":[{"embeddable":true,"href":"https:\/\/www.encontraalphaville.com.br\/guia\/wp-json\/wp\/v2\/media\/6405"}],"wp:attachment":[{"href":"https:\/\/www.encontraalphaville.com.br\/guia\/wp-json\/wp\/v2\/media?parent=6406"}],"wp:term":[{"taxonomy":"category","embeddable":true,"href":"https:\/\/www.encontraalphaville.com.br\/guia\/wp-json\/wp\/v2\/categories?post=6406"},{"taxonomy":"post_tag","embeddable":true,"href":"https:\/\/www.encontraalphaville.com.br\/guia\/wp-json\/wp\/v2\/tags?post=6406"}],"curies":[{"name":"wp","href":"https:\/\/api.w.org\/{rel}","templated":true}]}}