{"id":6396,"date":"2026-02-16T12:00:11","date_gmt":"2026-02-16T15:00:11","guid":{"rendered":"https:\/\/www.encontraalphaville.com.br\/guia\/barueri-e-destaque-em-forum-da-grande-sp-e-recebe-premio-de-inovacao-na-gestao-publica\/"},"modified":"2026-02-16T12:00:11","modified_gmt":"2026-02-16T15:00:11","slug":"barueri-e-destaque-em-forum-da-grande-sp-e-recebe-premio-de-inovacao-na-gestao-publica","status":"publish","type":"post","link":"https:\/\/www.encontraalphaville.com.br\/guia\/barueri-e-destaque-em-forum-da-grande-sp-e-recebe-premio-de-inovacao-na-gestao-publica\/","title":{"rendered":"Barueri \u00e9 destaque em F\u00f3rum da Grande SP e recebe pr\u00eamio de inova\u00e7\u00e3o na gest\u00e3o p\u00fablica"},"content":{"rendered":"<h2>O Pr\u00eamio Inovador e seu Significado<\/h2>\n<p>O pr\u00eamio &#8220;Prefeitos Inovadores 2026&#8221; foi estabelecido com o intuito de reconhecer gestores p\u00fablicos que utilizam a tecnologia de maneira estrat\u00e9gica para aprimorar a administra\u00e7\u00e3o p\u00fablica. Este reconhecimento tem como principal foco a melhoria na presta\u00e7\u00e3o de servi\u00e7os, promovendo assim a qualidade de vida da popula\u00e7\u00e3o e incentivando o desenvolvimento sustent\u00e1vel nas cidades.<\/p>\n<h2>Barueri Conectada: Um Case de Sucesso<\/h2>\n<p>No \u00faltimo dia 5 de fevereiro, o munic\u00edpio de Barueri foi destaque durante o F\u00f3rum de Cidades Digitais e Inteligentes da Regi\u00e3o Metropolitana de S\u00e3o Paulo. O evento, promovido pela Rede Cidade Digital e realizado na Escola Municipal de Artes de Ribeir\u00e3o Pires, serviu como um palco para apresentar o case &#8220;Barueri Conectada: Solu\u00e7\u00f5es inteligentes para melhorar a vida do cidad\u00e3o&#8221;. Esta iniciativa evidencia as estrat\u00e9gias adotadas pela prefeitura para potencializar a conectividade e oferecer servi\u00e7os p\u00fablicos digitais eficazes.<\/p>\n<h2>A Participa\u00e7\u00e3o de Barueri no F\u00f3rum<\/h2>\n<p>O f\u00f3rum contou com a participa\u00e7\u00e3o de mais de 40 munic\u00edpios, reunindo prefeitos e representantes que discutiram temas cruciais para a transforma\u00e7\u00e3o digital nas cidades. A apresenta\u00e7\u00e3o de Barueri, feita pelo secret\u00e1rio municipal de Inova\u00e7\u00e3o e Tecnologia, Jonatas Randal, destacou as metas e resultados j\u00e1 alcan\u00e7ados pela gest\u00e3o na aplica\u00e7\u00e3o de tecnologias que favorecem o cidad\u00e3o.<\/p>\n<p><img decoding=\"async\" src=\"https:\/\/www.encontraalphaville.com.br\/guia\/wp-content\/uploads\/2026\/02\/barueri-e-destaque-em-forum-da-grande-sp-e-recebe-premio-de-inovacao-na-gestao-publica.webp\" alt=\"inova\u00e7\u00e3o na gest\u00e3o p\u00fablica\" loading=\"lazy\" \/><\/p>\n<h2>Beto Piteri: O Prefeito Inovador<\/h2>\n<p>O prefeito de Barueri, Beto Piteri, foi um dos homenageados no pr\u00eamio, que reconhece l\u00edderes que se destacam por suas pr\u00e1ticas inovadoras e pela implementa\u00e7\u00e3o de tecnologias no servi\u00e7o p\u00fablico. Sob sua lideran\u00e7a, a cidade tem buscado constantemente solu\u00e7\u00f5es que conectem a administra\u00e7\u00e3o municipal \u00e0 popula\u00e7\u00e3o, garantindo transpar\u00eancia e efici\u00eancia nos servi\u00e7os oferecidos.<\/p>\n<h2>Iniciativas de Conectividade em Barueri<\/h2>\n<p>Entre as iniciativas apresentadas, destacaram-se projetos que aumentam a conectividade entre os cidad\u00e3os e a administra\u00e7\u00e3o municipal. A proposta &#8220;Barueri Conectada&#8221; visa integrar diversos servi\u00e7os atrav\u00e9s de plataformas digitais, permitindo que os cidad\u00e3os tenham acesso facilitado a informa\u00e7\u00f5es e servi\u00e7os essenciais, como sa\u00fade, educa\u00e7\u00e3o e transporte.<\/p>\n<h2>Servi\u00e7os P\u00fablicos Digitais: O Futuro<\/h2>\n<p>A transi\u00e7\u00e3o para servi\u00e7os p\u00fablicos digitais n\u00e3o \u00e9 apenas uma tend\u00eancia, mas uma necessidade. Em Barueri, o foco na digitaliza\u00e7\u00e3o busca assegurar que todos tenham acesso a servi\u00e7os de qualidade, independentemente de sua localiza\u00e7\u00e3o ou condi\u00e7\u00f5es sociais. Essa transforma\u00e7\u00e3o \u00e9 fundamental para garantir agilidade e efic\u00e1cia na gest\u00e3o p\u00fablica.<\/p>\n<h2>Impacto da Tecnologia na Gest\u00e3o P\u00fablica<\/h2>\n<p>A ado\u00e7\u00e3o de tecnologia na gest\u00e3o p\u00fablica traz uma gama de benef\u00edcios, incluindo redu\u00e7\u00e3o de custos, aumento da efici\u00eancia e uma comunica\u00e7\u00e3o mais efetiva entre a administra\u00e7\u00e3o e a popula\u00e7\u00e3o. Com iniciativas como as de Barueri, fica evidente que a inova\u00e7\u00e3o pode transformar a maneira como os governos interagem com os cidad\u00e3os.<\/p>\n<h2>Desenvolvimento Sustent\u00e1vel e Inova\u00e7\u00e3o<\/h2>\n<p>Barueri tamb\u00e9m se comprometeu com a sustentabilidade em seus projetos. As solu\u00e7\u00f5es inteligentes apresentadas no f\u00f3rum buscam n\u00e3o apenas modernizar a gest\u00e3o, mas tamb\u00e9m assegurar que o desenvolvimento urbano ocorra de forma respons\u00e1vel e sustent\u00e1vel, respeitando o meio ambiente e promovendo a inclus\u00e3o social.<\/p>\n<h2>O Papel da Secretaria de Inova\u00e7\u00e3o<\/h2>\n<p>A Secretaria de Inova\u00e7\u00e3o e Tecnologia (SIT) de Barueri desempenha um papel crucial na implementa\u00e7\u00e3o de solu\u00e7\u00f5es tecnol\u00f3gicas. A participa\u00e7\u00e3o do munic\u00edpio em eventos como este f\u00f3rum solidifica o compromisso da gest\u00e3o em buscar melhorias cont\u00ednuas e inova\u00e7\u00f5es que atendam \u00e0s demandas da popula\u00e7\u00e3o.<\/p>\n<h2>Reconhecimento da Gest\u00e3o P\u00fablica no Brasil<\/h2>\n<p>Eventos como o F\u00f3rum de Cidades Digitais e os pr\u00eamios relacionados evidenciam a import\u00e2ncia da inova\u00e7\u00e3o na gest\u00e3o p\u00fablica em todo o Brasil. O reconhecimento a prefeitos como Beto Piteri \u00e9 um incentivo para que outras cidades tamb\u00e9m possam investir em tecnologia e inova\u00e7\u00e3o, promovendo assim um pa\u00eds mais conectado e eficiente.<\/p>\n","protected":false},"excerpt":{"rendered":"<p>Barueri se destaca com pr\u00eamio de inova\u00e7\u00e3o em gest\u00e3o p\u00fablica em S\u00e3o Paulo.<\/p>\n","protected":false},"author":1,"featured_media":6395,"comment_status":"open","ping_status":"open","sticky":false,"template":"","format":"standard","meta":{"footnotes":""},"categories":[5],"tags":[],"class_list":["post-6396","post","type-post","status-publish","format-standard","has-post-thumbnail","hentry","category-noticias","has_thumb"],"yoast_head":"<!-- This site is optimized with the Yoast SEO plugin v26.4 - https:\/\/yoast.com\/wordpress\/plugins\/seo\/ -->\n<title>Barueri \u00e9 destaque em F\u00f3rum da Grande SP e recebe pr\u00eamio de inova\u00e7\u00e3o na gest\u00e3o p\u00fablica | Guia Comercial de Alphaville SP<\/title>\n<meta name=\"robots\" content=\"index, follow, max-snippet:-1, max-image-preview:large, max-video-preview:-1\" \/>\n<link rel=\"canonical\" href=\"https:\/\/www.encontraalphaville.com.br\/guia\/barueri-e-destaque-em-forum-da-grande-sp-e-recebe-premio-de-inovacao-na-gestao-publica\/\" \/>\n<meta property=\"og:locale\" content=\"pt_BR\" \/>\n<meta property=\"og:type\" content=\"article\" \/>\n<meta property=\"og:title\" content=\"Barueri \u00e9 destaque em F\u00f3rum da Grande SP e recebe pr\u00eamio de inova\u00e7\u00e3o na gest\u00e3o p\u00fablica | Guia Comercial de Alphaville SP\" \/>\n<meta property=\"og:description\" content=\"Barueri se destaca com pr\u00eamio de inova\u00e7\u00e3o em gest\u00e3o p\u00fablica em S\u00e3o Paulo.\" \/>\n<meta property=\"og:url\" content=\"https:\/\/www.encontraalphaville.com.br\/guia\/barueri-e-destaque-em-forum-da-grande-sp-e-recebe-premio-de-inovacao-na-gestao-publica\/\" \/>\n<meta property=\"og:site_name\" content=\"Guia Comercial de Alphaville SP\" \/>\n<meta property=\"article:published_time\" content=\"2026-02-16T15:00:11+00:00\" \/>\n<meta property=\"og:image\" content=\"https:\/\/www.encontraalphaville.com.br\/guia\/wp-content\/uploads\/2026\/02\/barueri-e-destaque-em-forum-da-grande-sp-e-recebe-premio-de-inovacao-na-gestao-publica.webp\" \/>\n<meta name=\"author\" content=\"Encontra Alphaville\" \/>\n<meta name=\"twitter:card\" content=\"summary_large_image\" \/>\n<meta name=\"twitter:label1\" content=\"Escrito por\" \/>\n\t<meta name=\"twitter:data1\" content=\"Encontra Alphaville\" \/>\n\t<meta name=\"twitter:label2\" content=\"Est. tempo de leitura\" \/>\n\t<meta name=\"twitter:data2\" content=\"3 minutos\" \/>\n<script type=\"application\/ld+json\" class=\"yoast-schema-graph\">{\"@context\":\"https:\/\/schema.org\",\"@graph\":[{\"@type\":\"WebPage\",\"@id\":\"https:\/\/www.encontraalphaville.com.br\/guia\/barueri-e-destaque-em-forum-da-grande-sp-e-recebe-premio-de-inovacao-na-gestao-publica\/\",\"url\":\"https:\/\/www.encontraalphaville.com.br\/guia\/barueri-e-destaque-em-forum-da-grande-sp-e-recebe-premio-de-inovacao-na-gestao-publica\/\",\"name\":\"Barueri \u00e9 destaque em F\u00f3rum da Grande SP e recebe pr\u00eamio de inova\u00e7\u00e3o na gest\u00e3o p\u00fablica | Guia Comercial de Alphaville SP\",\"isPartOf\":{\"@id\":\"https:\/\/www.encontraalphaville.com.br\/guia\/#website\"},\"primaryImageOfPage\":{\"@id\":\"https:\/\/www.encontraalphaville.com.br\/guia\/barueri-e-destaque-em-forum-da-grande-sp-e-recebe-premio-de-inovacao-na-gestao-publica\/#primaryimage\"},\"image\":{\"@id\":\"https:\/\/www.encontraalphaville.com.br\/guia\/barueri-e-destaque-em-forum-da-grande-sp-e-recebe-premio-de-inovacao-na-gestao-publica\/#primaryimage\"},\"thumbnailUrl\":\"https:\/\/www.encontraalphaville.com.br\/guia\/wp-content\/uploads\/2026\/02\/barueri-e-destaque-em-forum-da-grande-sp-e-recebe-premio-de-inovacao-na-gestao-publica.webp\",\"datePublished\":\"2026-02-16T15:00:11+00:00\",\"author\":{\"@id\":\"https:\/\/www.encontraalphaville.com.br\/guia\/#\/schema\/person\/a48592ba2de82cdaeeef25afa1c4bc6a\"},\"inLanguage\":\"pt-BR\",\"potentialAction\":[{\"@type\":\"ReadAction\",\"target\":[\"https:\/\/www.encontraalphaville.com.br\/guia\/barueri-e-destaque-em-forum-da-grande-sp-e-recebe-premio-de-inovacao-na-gestao-publica\/\"]}]},{\"@type\":\"ImageObject\",\"inLanguage\":\"pt-BR\",\"@id\":\"https:\/\/www.encontraalphaville.com.br\/guia\/barueri-e-destaque-em-forum-da-grande-sp-e-recebe-premio-de-inovacao-na-gestao-publica\/#primaryimage\",\"url\":\"https:\/\/www.encontraalphaville.com.br\/guia\/wp-content\/uploads\/2026\/02\/barueri-e-destaque-em-forum-da-grande-sp-e-recebe-premio-de-inovacao-na-gestao-publica.webp\",\"contentUrl\":\"https:\/\/www.encontraalphaville.com.br\/guia\/wp-content\/uploads\/2026\/02\/barueri-e-destaque-em-forum-da-grande-sp-e-recebe-premio-de-inovacao-na-gestao-publica.webp\",\"width\":280,\"height\":280,\"caption\":\"inova\u00e7\u00e3o na gest\u00e3o p\u00fablica\"},{\"@type\":\"WebSite\",\"@id\":\"https:\/\/www.encontraalphaville.com.br\/guia\/#website\",\"url\":\"https:\/\/www.encontraalphaville.com.br\/guia\/\",\"name\":\"Guia Comercial de Alphaville SP\",\"description\":\"ENCONTRA ALPHAVILLE - O guia comercial de neg\u00f3cios e empresas, cultura e divers\u00e3o no bairro de Alphaville. Feito 100% para voc\u00ea morador!\",\"potentialAction\":[{\"@type\":\"SearchAction\",\"target\":{\"@type\":\"EntryPoint\",\"urlTemplate\":\"https:\/\/www.encontraalphaville.com.br\/guia\/?s={search_term_string}\"},\"query-input\":{\"@type\":\"PropertyValueSpecification\",\"valueRequired\":true,\"valueName\":\"search_term_string\"}}],\"inLanguage\":\"pt-BR\"},{\"@type\":\"Person\",\"@id\":\"https:\/\/www.encontraalphaville.com.br\/guia\/#\/schema\/person\/a48592ba2de82cdaeeef25afa1c4bc6a\",\"name\":\"Encontra Alphaville\",\"image\":{\"@type\":\"ImageObject\",\"inLanguage\":\"pt-BR\",\"@id\":\"https:\/\/www.encontraalphaville.com.br\/guia\/#\/schema\/person\/image\/\",\"url\":\"https:\/\/secure.gravatar.com\/avatar\/c50c17820bcf322f0a8fd6b110b8c0918141409dc69076470f6fca5fee70a5d4?s=96&d=mm&r=g\",\"contentUrl\":\"https:\/\/secure.gravatar.com\/avatar\/c50c17820bcf322f0a8fd6b110b8c0918141409dc69076470f6fca5fee70a5d4?s=96&d=mm&r=g\",\"caption\":\"Encontra Alphaville\"},\"url\":\"https:\/\/www.encontraalphaville.com.br\/guia\/author\/encontraalphaville\/\"}]}<\/script>\n<!-- \/ Yoast SEO plugin. -->","yoast_head_json":{"title":"Barueri \u00e9 destaque em F\u00f3rum da Grande SP e recebe pr\u00eamio de inova\u00e7\u00e3o na gest\u00e3o p\u00fablica | Guia Comercial de Alphaville SP","robots":{"index":"index","follow":"follow","max-snippet":"max-snippet:-1","max-image-preview":"max-image-preview:large","max-video-preview":"max-video-preview:-1"},"canonical":"https:\/\/www.encontraalphaville.com.br\/guia\/barueri-e-destaque-em-forum-da-grande-sp-e-recebe-premio-de-inovacao-na-gestao-publica\/","og_locale":"pt_BR","og_type":"article","og_title":"Barueri \u00e9 destaque em F\u00f3rum da Grande SP e recebe pr\u00eamio de inova\u00e7\u00e3o na gest\u00e3o p\u00fablica | Guia Comercial de Alphaville SP","og_description":"Barueri se destaca com pr\u00eamio de inova\u00e7\u00e3o em gest\u00e3o p\u00fablica em S\u00e3o Paulo.","og_url":"https:\/\/www.encontraalphaville.com.br\/guia\/barueri-e-destaque-em-forum-da-grande-sp-e-recebe-premio-de-inovacao-na-gestao-publica\/","og_site_name":"Guia Comercial de Alphaville SP","article_published_time":"2026-02-16T15:00:11+00:00","og_image":[{"url":"https:\/\/www.encontraalphaville.com.br\/guia\/wp-content\/uploads\/2026\/02\/barueri-e-destaque-em-forum-da-grande-sp-e-recebe-premio-de-inovacao-na-gestao-publica.webp","type":"","width":"","height":""}],"author":"Encontra Alphaville","twitter_card":"summary_large_image","twitter_misc":{"Escrito por":"Encontra Alphaville","Est. tempo de leitura":"3 minutos"},"schema":{"@context":"https:\/\/schema.org","@graph":[{"@type":"WebPage","@id":"https:\/\/www.encontraalphaville.com.br\/guia\/barueri-e-destaque-em-forum-da-grande-sp-e-recebe-premio-de-inovacao-na-gestao-publica\/","url":"https:\/\/www.encontraalphaville.com.br\/guia\/barueri-e-destaque-em-forum-da-grande-sp-e-recebe-premio-de-inovacao-na-gestao-publica\/","name":"Barueri \u00e9 destaque em F\u00f3rum da Grande SP e recebe pr\u00eamio de inova\u00e7\u00e3o na gest\u00e3o p\u00fablica | Guia Comercial de Alphaville SP","isPartOf":{"@id":"https:\/\/www.encontraalphaville.com.br\/guia\/#website"},"primaryImageOfPage":{"@id":"https:\/\/www.encontraalphaville.com.br\/guia\/barueri-e-destaque-em-forum-da-grande-sp-e-recebe-premio-de-inovacao-na-gestao-publica\/#primaryimage"},"image":{"@id":"https:\/\/www.encontraalphaville.com.br\/guia\/barueri-e-destaque-em-forum-da-grande-sp-e-recebe-premio-de-inovacao-na-gestao-publica\/#primaryimage"},"thumbnailUrl":"https:\/\/www.encontraalphaville.com.br\/guia\/wp-content\/uploads\/2026\/02\/barueri-e-destaque-em-forum-da-grande-sp-e-recebe-premio-de-inovacao-na-gestao-publica.webp","datePublished":"2026-02-16T15:00:11+00:00","author":{"@id":"https:\/\/www.encontraalphaville.com.br\/guia\/#\/schema\/person\/a48592ba2de82cdaeeef25afa1c4bc6a"},"inLanguage":"pt-BR","potentialAction":[{"@type":"ReadAction","target":["https:\/\/www.encontraalphaville.com.br\/guia\/barueri-e-destaque-em-forum-da-grande-sp-e-recebe-premio-de-inovacao-na-gestao-publica\/"]}]},{"@type":"ImageObject","inLanguage":"pt-BR","@id":"https:\/\/www.encontraalphaville.com.br\/guia\/barueri-e-destaque-em-forum-da-grande-sp-e-recebe-premio-de-inovacao-na-gestao-publica\/#primaryimage","url":"https:\/\/www.encontraalphaville.com.br\/guia\/wp-content\/uploads\/2026\/02\/barueri-e-destaque-em-forum-da-grande-sp-e-recebe-premio-de-inovacao-na-gestao-publica.webp","contentUrl":"https:\/\/www.encontraalphaville.com.br\/guia\/wp-content\/uploads\/2026\/02\/barueri-e-destaque-em-forum-da-grande-sp-e-recebe-premio-de-inovacao-na-gestao-publica.webp","width":280,"height":280,"caption":"inova\u00e7\u00e3o na gest\u00e3o p\u00fablica"},{"@type":"WebSite","@id":"https:\/\/www.encontraalphaville.com.br\/guia\/#website","url":"https:\/\/www.encontraalphaville.com.br\/guia\/","name":"Guia Comercial de Alphaville SP","description":"ENCONTRA ALPHAVILLE - O guia comercial de neg\u00f3cios e empresas, cultura e divers\u00e3o no bairro de Alphaville. Feito 100% para voc\u00ea morador!","potentialAction":[{"@type":"SearchAction","target":{"@type":"EntryPoint","urlTemplate":"https:\/\/www.encontraalphaville.com.br\/guia\/?s={search_term_string}"},"query-input":{"@type":"PropertyValueSpecification","valueRequired":true,"valueName":"search_term_string"}}],"inLanguage":"pt-BR"},{"@type":"Person","@id":"https:\/\/www.encontraalphaville.com.br\/guia\/#\/schema\/person\/a48592ba2de82cdaeeef25afa1c4bc6a","name":"Encontra Alphaville","image":{"@type":"ImageObject","inLanguage":"pt-BR","@id":"https:\/\/www.encontraalphaville.com.br\/guia\/#\/schema\/person\/image\/","url":"https:\/\/secure.gravatar.com\/avatar\/c50c17820bcf322f0a8fd6b110b8c0918141409dc69076470f6fca5fee70a5d4?s=96&d=mm&r=g","contentUrl":"https:\/\/secure.gravatar.com\/avatar\/c50c17820bcf322f0a8fd6b110b8c0918141409dc69076470f6fca5fee70a5d4?s=96&d=mm&r=g","caption":"Encontra Alphaville"},"url":"https:\/\/www.encontraalphaville.com.br\/guia\/author\/encontraalphaville\/"}]}},"_links":{"self":[{"href":"https:\/\/www.encontraalphaville.com.br\/guia\/wp-json\/wp\/v2\/posts\/6396","targetHints":{"allow":["GET"]}}],"collection":[{"href":"https:\/\/www.encontraalphaville.com.br\/guia\/wp-json\/wp\/v2\/posts"}],"about":[{"href":"https:\/\/www.encontraalphaville.com.br\/guia\/wp-json\/wp\/v2\/types\/post"}],"author":[{"embeddable":true,"href":"https:\/\/www.encontraalphaville.com.br\/guia\/wp-json\/wp\/v2\/users\/1"}],"replies":[{"embeddable":true,"href":"https:\/\/www.encontraalphaville.com.br\/guia\/wp-json\/wp\/v2\/comments?post=6396"}],"version-history":[{"count":0,"href":"https:\/\/www.encontraalphaville.com.br\/guia\/wp-json\/wp\/v2\/posts\/6396\/revisions"}],"wp:featuredmedia":[{"embeddable":true,"href":"https:\/\/www.encontraalphaville.com.br\/guia\/wp-json\/wp\/v2\/media\/6395"}],"wp:attachment":[{"href":"https:\/\/www.encontraalphaville.com.br\/guia\/wp-json\/wp\/v2\/media?parent=6396"}],"wp:term":[{"taxonomy":"category","embeddable":true,"href":"https:\/\/www.encontraalphaville.com.br\/guia\/wp-json\/wp\/v2\/categories?post=6396"},{"taxonomy":"post_tag","embeddable":true,"href":"https:\/\/www.encontraalphaville.com.br\/guia\/wp-json\/wp\/v2\/tags?post=6396"}],"curies":[{"name":"wp","href":"https:\/\/api.w.org\/{rel}","templated":true}]}}