{"id":6380,"date":"2026-02-12T12:06:53","date_gmt":"2026-02-12T15:06:53","guid":{"rendered":"https:\/\/www.encontraalphaville.com.br\/guia\/carnaval-2026-veja-como-sera-o-transporte-de-trem-e-metro-em-sao-paulo\/"},"modified":"2026-02-12T12:06:53","modified_gmt":"2026-02-12T15:06:53","slug":"carnaval-2026-veja-como-sera-o-transporte-de-trem-e-metro-em-sao-paulo","status":"publish","type":"post","link":"https:\/\/www.encontraalphaville.com.br\/guia\/carnaval-2026-veja-como-sera-o-transporte-de-trem-e-metro-em-sao-paulo\/","title":{"rendered":"Carnaval 2026: veja como ser\u00e1 o transporte de trem e metr\u00f4 em S\u00e3o Paulo"},"content":{"rendered":"<h2>Opera\u00e7\u00e3o Especial do Transporte P\u00fablico<\/h2>\n<p>No contexto do Carnaval de 2026, o transporte p\u00fablico na cidade de <strong>S\u00e3o Paulo<\/strong> ser\u00e1 submetido a um esquema especial. Essa iniciativa visa garantir que o grande fluxo de pessoas seja atendido com efici\u00eancia, abrangendo tanto trens quanto metr\u00f4s. Com hor\u00e1rios ampliados e suporte extra na equipe, a opera\u00e7\u00e3o tem como objetivo facilitar o deslocamento de foli\u00f5es durante os dias de festividade.<\/p>\n<h2>Funcionamento 24 Horas para as Linhas de Trem<\/h2>\n<p>As linhas operadas pela Companhia Paulista de Trens Metropolitanos (CPTM), incluindo a 10-Turquesa, 11-Coral, 12-Safira e 13-Jade, estar\u00e3o em opera\u00e7\u00e3o cont\u00ednua durante o per\u00edodo do Carnaval. Isso significa que as esta\u00e7\u00f5es estar\u00e3o abertas durante toda a noite nos dias oficiais de festa e tamb\u00e9m no p\u00f3s-Carnaval. A esta\u00e7\u00e3o Palmeiras-Barra Funda ser\u00e1 um ponto central, servindo como ponto de embarque e desembarque durante 24 horas.<\/p>\n<ul>\n<li><strong>Cronograma da CPTM:<\/strong><\/li>\n<ul>\n<li><em>Carnaval:<\/em> M\u00e9dio de opera\u00e7\u00e3o nas madrugadas de 13 a 16 de fevereiro.<\/li>\n<li><em>P\u00f3s-Carnaval:<\/em> Madrugada de 21 a 22 de fevereiro.<\/li>\n<\/ul>\n<\/ul>\n<h2>Abertura das Esta\u00e7\u00f5es no Carnaval<\/h2>\n<p>Al\u00e9m das linhas da CPTM, as linhas 8-Diamante e 9-Esmeralda, que s\u00e3o operadas pela ViaMobilidade, tamb\u00e9m estar\u00e3o funcionando com hor\u00e1rios especiais. Durante os dias de folia, as esta\u00e7\u00f5es estar\u00e3o abertas para embarque at\u00e9 a meia-noite, com opera\u00e7\u00f5es para desembarque dispon\u00edveis 24 horas. Fornecendo maior comodidade, a opera\u00e7\u00e3o normal ser\u00e1 retomada nos dias seguintes, das 4h at\u00e9 a meia-noite.<\/p>\n<p><img decoding=\"async\" src=\"https:\/\/www.encontraalphaville.com.br\/guia\/wp-content\/uploads\/2026\/02\/carnaval-2026-veja-como-sera-o-transporte-de-trem-e-metro-em-sao-paulo.webp\" alt=\"transporte p\u00fablico\" loading=\"lazy\" \/><\/p>\n<ul>\n<li><strong>Cronograma da ViaMobilidade:<\/strong><\/li>\n<ul>\n<li><em>Carnaval:<\/em> Madrugadas de 13 a 16 de fevereiro.<\/li>\n<li><em>P\u00f3s-Carnaval:<\/em> Madrugada de 21 a 22 de fevereiro.<\/li>\n<\/ul>\n<\/ul>\n<h2>Mudan\u00e7as nas Linhas do Metr\u00f4<\/h2>\n<p>O Metr\u00f4 de S\u00e3o Paulo tamb\u00e9m planejou um funcionamento especial para o Carnaval. As linhas 1-Azul, 2-Verde, 3-Vermelha e 15-Prata estar\u00e3o aptas a lidar com um volume elevado de passageiros em hor\u00e1rios de pico. Esta\u00e7\u00f5es estrat\u00e9gicas pode ter acessos temporariamente fechados para melhor atua\u00e7\u00e3o durante os desfiles. Por exemplo, na esta\u00e7\u00e3o Rep\u00fablica, alguns acessos poder\u00e3o ser limitados conforme a demanda.<\/p>\n<ul>\n<li><strong>Cronograma do Metr\u00f4:<\/strong><\/li>\n<ul>\n<li><em>Carnaval:<\/em> Admitem-se dias de opera\u00e7\u00e3o especial e acessos ajustados durante os desfiles.<\/li>\n<li><em>P\u00f3s-Carnaval:<\/em> Retorno ao hor\u00e1rio normal das 4h40 \u00e0 meia-noite.<\/li>\n<\/ul>\n<\/ul>\n<h2>Refor\u00e7o de Equipes e Seguran\u00e7a<\/h2>\n<p>A seguran\u00e7a e a comunidade se mostram prioridades durante o evento. Para isso, haver\u00e1 um aumento no n\u00famero de equipes tanto nas linhas de trem quanto nas de metr\u00f4, refor\u00e7ando a seguran\u00e7a dos passageiros. As opera\u00e7\u00f5es contar\u00e3o com profissionais treinados para prestar aux\u00edlio imediato e garantir a prote\u00e7\u00e3o dos foli\u00f5es, com aten\u00e7\u00e3o especial nas \u00e1reas de maior concentra\u00e7\u00e3o de pessoas.<\/p>\n<h2>Cronograma dos Dias de Folia<\/h2>\n<p>O transporte sobre trilhos funcionar\u00e1 de forma especial nos seguintes dias de folia:<\/p>\n<ul>\n<li><strong>Carnaval:<\/strong> Atividades estendendo-se de 13 a 16 de fevereiro.<\/li>\n<li><strong>P\u00f3s-Carnaval:<\/strong> Servi\u00e7os especiais na madrugada do dia 21 para o 22 de fevereiro.<\/li>\n<\/ul>\n<h2>Acessos Especiais em Esta\u00e7\u00f5es Estrat\u00e9gicas<\/h2>\n<p>&nbsp;Para facilitar o acesso ao transporte, as esta\u00e7\u00f5es mais pr\u00f3ximas aos principais eventos de Carnaval v\u00e3o contar com acessos controlados, facilitando a entrada e sa\u00edda de foli\u00f5es. Essas medidas visam melhorar o fluxo e a organiza\u00e7\u00e3o das passagens, garantindo que todos possam usufruir do evento de forma segura.<\/p>\n<h2>Transfer\u00eancias Durante a Madrugada<\/h2>\n<p>&nbsp;Durante a opera\u00e7\u00e3o especial, as transfer\u00eancias entre linhas poder\u00e3o ser realizadas de forma facilitada, especialmente nas madrugadas em que o transporte funcionar\u00e1 de forma ininterrupta, ampliando a experi\u00eancia do usu\u00e1rio durante o per\u00edodo de folia.<\/p>\n<h2>Import\u00e2ncia do Transporte P\u00fablico no Evento<\/h2>\n<p>&nbsp;O transporte p\u00fablico desempenha um papel significativo durante os grandes eventos como o Carnaval. Al\u00e9m de garantir que milhares de pessoas possam se deslocar com seguran\u00e7a e efici\u00eancia, promove a inclus\u00e3o social, permitindo que todos tenham acesso aos festejos, independentemente de sua situa\u00e7\u00e3o econ\u00f4mica. Portanto, seu adequado funcionamento \u00e9 essencial para a celebra\u00e7\u00e3o.<\/p>\n<h2>Dicas para Usar o Transporte na Folia<\/h2>\n<p>&nbsp;Se voc\u00ea pretende utilizar o transporte p\u00fablico durante o Carnaval, aqui v\u00e3o algumas dicas:<\/p>\n<ul>\n<li><strong>Planeje sua viagem:<\/strong> Verifique os hor\u00e1rios e rotas antecipadamente para evitar surpresas.<\/li>\n<li><strong>Use aplicativos:<\/strong> Utilize aplicativos de transporte p\u00fablico para checar em tempo real a disponibilidade e localiza\u00e7\u00e3o dos ve\u00edculos.<\/li>\n<li><strong>Seja paciente:<\/strong> Durante o per\u00edodo de festividade, \u00e9 normal haver maior aglomera\u00e7\u00e3o de pessoas.<\/li>\n<li><strong>Mantenha seus pertences seguros:<\/strong> Fique atento aos seus objetos para evitar imprevistos.<\/li>\n<\/ul>\n","protected":false},"excerpt":{"rendered":"<p>O transporte de trem e metr\u00f4 em SP ter\u00e1 novidades durante o Carnaval 2026.<\/p>\n","protected":false},"author":1,"featured_media":6379,"comment_status":"open","ping_status":"open","sticky":false,"template":"","format":"standard","meta":{"footnotes":""},"categories":[5],"tags":[],"class_list":["post-6380","post","type-post","status-publish","format-standard","has-post-thumbnail","hentry","category-noticias","has_thumb"],"yoast_head":"<!-- This site is optimized with the Yoast SEO plugin v26.4 - https:\/\/yoast.com\/wordpress\/plugins\/seo\/ -->\n<title>Carnaval 2026: veja como ser\u00e1 o transporte de trem e metr\u00f4 em S\u00e3o Paulo | Guia Comercial de Alphaville SP<\/title>\n<meta name=\"robots\" content=\"index, follow, max-snippet:-1, max-image-preview:large, max-video-preview:-1\" \/>\n<link rel=\"canonical\" href=\"https:\/\/www.encontraalphaville.com.br\/guia\/carnaval-2026-veja-como-sera-o-transporte-de-trem-e-metro-em-sao-paulo\/\" \/>\n<meta property=\"og:locale\" content=\"pt_BR\" \/>\n<meta property=\"og:type\" content=\"article\" \/>\n<meta property=\"og:title\" content=\"Carnaval 2026: veja como ser\u00e1 o transporte de trem e metr\u00f4 em S\u00e3o Paulo | Guia Comercial de Alphaville SP\" \/>\n<meta property=\"og:description\" content=\"O transporte de trem e metr\u00f4 em SP ter\u00e1 novidades durante o Carnaval 2026.\" \/>\n<meta property=\"og:url\" content=\"https:\/\/www.encontraalphaville.com.br\/guia\/carnaval-2026-veja-como-sera-o-transporte-de-trem-e-metro-em-sao-paulo\/\" \/>\n<meta property=\"og:site_name\" content=\"Guia Comercial de Alphaville SP\" \/>\n<meta property=\"article:published_time\" content=\"2026-02-12T15:06:53+00:00\" \/>\n<meta property=\"og:image\" content=\"https:\/\/www.encontraalphaville.com.br\/guia\/wp-content\/uploads\/2026\/02\/carnaval-2026-veja-como-sera-o-transporte-de-trem-e-metro-em-sao-paulo.webp\" \/>\n<meta name=\"author\" content=\"Encontra Alphaville\" \/>\n<meta name=\"twitter:card\" content=\"summary_large_image\" \/>\n<meta name=\"twitter:label1\" content=\"Escrito por\" \/>\n\t<meta name=\"twitter:data1\" content=\"Encontra Alphaville\" \/>\n\t<meta name=\"twitter:label2\" content=\"Est. tempo de leitura\" \/>\n\t<meta name=\"twitter:data2\" content=\"4 minutos\" \/>\n<script type=\"application\/ld+json\" class=\"yoast-schema-graph\">{\"@context\":\"https:\/\/schema.org\",\"@graph\":[{\"@type\":\"WebPage\",\"@id\":\"https:\/\/www.encontraalphaville.com.br\/guia\/carnaval-2026-veja-como-sera-o-transporte-de-trem-e-metro-em-sao-paulo\/\",\"url\":\"https:\/\/www.encontraalphaville.com.br\/guia\/carnaval-2026-veja-como-sera-o-transporte-de-trem-e-metro-em-sao-paulo\/\",\"name\":\"Carnaval 2026: veja como ser\u00e1 o transporte de trem e metr\u00f4 em S\u00e3o Paulo | Guia Comercial de Alphaville SP\",\"isPartOf\":{\"@id\":\"https:\/\/www.encontraalphaville.com.br\/guia\/#website\"},\"primaryImageOfPage\":{\"@id\":\"https:\/\/www.encontraalphaville.com.br\/guia\/carnaval-2026-veja-como-sera-o-transporte-de-trem-e-metro-em-sao-paulo\/#primaryimage\"},\"image\":{\"@id\":\"https:\/\/www.encontraalphaville.com.br\/guia\/carnaval-2026-veja-como-sera-o-transporte-de-trem-e-metro-em-sao-paulo\/#primaryimage\"},\"thumbnailUrl\":\"https:\/\/www.encontraalphaville.com.br\/guia\/wp-content\/uploads\/2026\/02\/carnaval-2026-veja-como-sera-o-transporte-de-trem-e-metro-em-sao-paulo.webp\",\"datePublished\":\"2026-02-12T15:06:53+00:00\",\"author\":{\"@id\":\"https:\/\/www.encontraalphaville.com.br\/guia\/#\/schema\/person\/a48592ba2de82cdaeeef25afa1c4bc6a\"},\"inLanguage\":\"pt-BR\",\"potentialAction\":[{\"@type\":\"ReadAction\",\"target\":[\"https:\/\/www.encontraalphaville.com.br\/guia\/carnaval-2026-veja-como-sera-o-transporte-de-trem-e-metro-em-sao-paulo\/\"]}]},{\"@type\":\"ImageObject\",\"inLanguage\":\"pt-BR\",\"@id\":\"https:\/\/www.encontraalphaville.com.br\/guia\/carnaval-2026-veja-como-sera-o-transporte-de-trem-e-metro-em-sao-paulo\/#primaryimage\",\"url\":\"https:\/\/www.encontraalphaville.com.br\/guia\/wp-content\/uploads\/2026\/02\/carnaval-2026-veja-como-sera-o-transporte-de-trem-e-metro-em-sao-paulo.webp\",\"contentUrl\":\"https:\/\/www.encontraalphaville.com.br\/guia\/wp-content\/uploads\/2026\/02\/carnaval-2026-veja-como-sera-o-transporte-de-trem-e-metro-em-sao-paulo.webp\",\"width\":280,\"height\":280,\"caption\":\"transporte p\u00fablico\"},{\"@type\":\"WebSite\",\"@id\":\"https:\/\/www.encontraalphaville.com.br\/guia\/#website\",\"url\":\"https:\/\/www.encontraalphaville.com.br\/guia\/\",\"name\":\"Guia Comercial de Alphaville SP\",\"description\":\"ENCONTRA ALPHAVILLE - O guia comercial de neg\u00f3cios e empresas, cultura e divers\u00e3o no bairro de Alphaville. Feito 100% para voc\u00ea morador!\",\"potentialAction\":[{\"@type\":\"SearchAction\",\"target\":{\"@type\":\"EntryPoint\",\"urlTemplate\":\"https:\/\/www.encontraalphaville.com.br\/guia\/?s={search_term_string}\"},\"query-input\":{\"@type\":\"PropertyValueSpecification\",\"valueRequired\":true,\"valueName\":\"search_term_string\"}}],\"inLanguage\":\"pt-BR\"},{\"@type\":\"Person\",\"@id\":\"https:\/\/www.encontraalphaville.com.br\/guia\/#\/schema\/person\/a48592ba2de82cdaeeef25afa1c4bc6a\",\"name\":\"Encontra Alphaville\",\"image\":{\"@type\":\"ImageObject\",\"inLanguage\":\"pt-BR\",\"@id\":\"https:\/\/www.encontraalphaville.com.br\/guia\/#\/schema\/person\/image\/\",\"url\":\"https:\/\/secure.gravatar.com\/avatar\/c50c17820bcf322f0a8fd6b110b8c0918141409dc69076470f6fca5fee70a5d4?s=96&d=mm&r=g\",\"contentUrl\":\"https:\/\/secure.gravatar.com\/avatar\/c50c17820bcf322f0a8fd6b110b8c0918141409dc69076470f6fca5fee70a5d4?s=96&d=mm&r=g\",\"caption\":\"Encontra Alphaville\"},\"url\":\"https:\/\/www.encontraalphaville.com.br\/guia\/author\/encontraalphaville\/\"}]}<\/script>\n<!-- \/ Yoast SEO plugin. -->","yoast_head_json":{"title":"Carnaval 2026: veja como ser\u00e1 o transporte de trem e metr\u00f4 em S\u00e3o Paulo | Guia Comercial de Alphaville SP","robots":{"index":"index","follow":"follow","max-snippet":"max-snippet:-1","max-image-preview":"max-image-preview:large","max-video-preview":"max-video-preview:-1"},"canonical":"https:\/\/www.encontraalphaville.com.br\/guia\/carnaval-2026-veja-como-sera-o-transporte-de-trem-e-metro-em-sao-paulo\/","og_locale":"pt_BR","og_type":"article","og_title":"Carnaval 2026: veja como ser\u00e1 o transporte de trem e metr\u00f4 em S\u00e3o Paulo | Guia Comercial de Alphaville SP","og_description":"O transporte de trem e metr\u00f4 em SP ter\u00e1 novidades durante o Carnaval 2026.","og_url":"https:\/\/www.encontraalphaville.com.br\/guia\/carnaval-2026-veja-como-sera-o-transporte-de-trem-e-metro-em-sao-paulo\/","og_site_name":"Guia Comercial de Alphaville SP","article_published_time":"2026-02-12T15:06:53+00:00","og_image":[{"url":"https:\/\/www.encontraalphaville.com.br\/guia\/wp-content\/uploads\/2026\/02\/carnaval-2026-veja-como-sera-o-transporte-de-trem-e-metro-em-sao-paulo.webp","type":"","width":"","height":""}],"author":"Encontra Alphaville","twitter_card":"summary_large_image","twitter_misc":{"Escrito por":"Encontra Alphaville","Est. tempo de leitura":"4 minutos"},"schema":{"@context":"https:\/\/schema.org","@graph":[{"@type":"WebPage","@id":"https:\/\/www.encontraalphaville.com.br\/guia\/carnaval-2026-veja-como-sera-o-transporte-de-trem-e-metro-em-sao-paulo\/","url":"https:\/\/www.encontraalphaville.com.br\/guia\/carnaval-2026-veja-como-sera-o-transporte-de-trem-e-metro-em-sao-paulo\/","name":"Carnaval 2026: veja como ser\u00e1 o transporte de trem e metr\u00f4 em S\u00e3o Paulo | Guia Comercial de Alphaville SP","isPartOf":{"@id":"https:\/\/www.encontraalphaville.com.br\/guia\/#website"},"primaryImageOfPage":{"@id":"https:\/\/www.encontraalphaville.com.br\/guia\/carnaval-2026-veja-como-sera-o-transporte-de-trem-e-metro-em-sao-paulo\/#primaryimage"},"image":{"@id":"https:\/\/www.encontraalphaville.com.br\/guia\/carnaval-2026-veja-como-sera-o-transporte-de-trem-e-metro-em-sao-paulo\/#primaryimage"},"thumbnailUrl":"https:\/\/www.encontraalphaville.com.br\/guia\/wp-content\/uploads\/2026\/02\/carnaval-2026-veja-como-sera-o-transporte-de-trem-e-metro-em-sao-paulo.webp","datePublished":"2026-02-12T15:06:53+00:00","author":{"@id":"https:\/\/www.encontraalphaville.com.br\/guia\/#\/schema\/person\/a48592ba2de82cdaeeef25afa1c4bc6a"},"inLanguage":"pt-BR","potentialAction":[{"@type":"ReadAction","target":["https:\/\/www.encontraalphaville.com.br\/guia\/carnaval-2026-veja-como-sera-o-transporte-de-trem-e-metro-em-sao-paulo\/"]}]},{"@type":"ImageObject","inLanguage":"pt-BR","@id":"https:\/\/www.encontraalphaville.com.br\/guia\/carnaval-2026-veja-como-sera-o-transporte-de-trem-e-metro-em-sao-paulo\/#primaryimage","url":"https:\/\/www.encontraalphaville.com.br\/guia\/wp-content\/uploads\/2026\/02\/carnaval-2026-veja-como-sera-o-transporte-de-trem-e-metro-em-sao-paulo.webp","contentUrl":"https:\/\/www.encontraalphaville.com.br\/guia\/wp-content\/uploads\/2026\/02\/carnaval-2026-veja-como-sera-o-transporte-de-trem-e-metro-em-sao-paulo.webp","width":280,"height":280,"caption":"transporte p\u00fablico"},{"@type":"WebSite","@id":"https:\/\/www.encontraalphaville.com.br\/guia\/#website","url":"https:\/\/www.encontraalphaville.com.br\/guia\/","name":"Guia Comercial de Alphaville SP","description":"ENCONTRA ALPHAVILLE - O guia comercial de neg\u00f3cios e empresas, cultura e divers\u00e3o no bairro de Alphaville. Feito 100% para voc\u00ea morador!","potentialAction":[{"@type":"SearchAction","target":{"@type":"EntryPoint","urlTemplate":"https:\/\/www.encontraalphaville.com.br\/guia\/?s={search_term_string}"},"query-input":{"@type":"PropertyValueSpecification","valueRequired":true,"valueName":"search_term_string"}}],"inLanguage":"pt-BR"},{"@type":"Person","@id":"https:\/\/www.encontraalphaville.com.br\/guia\/#\/schema\/person\/a48592ba2de82cdaeeef25afa1c4bc6a","name":"Encontra Alphaville","image":{"@type":"ImageObject","inLanguage":"pt-BR","@id":"https:\/\/www.encontraalphaville.com.br\/guia\/#\/schema\/person\/image\/","url":"https:\/\/secure.gravatar.com\/avatar\/c50c17820bcf322f0a8fd6b110b8c0918141409dc69076470f6fca5fee70a5d4?s=96&d=mm&r=g","contentUrl":"https:\/\/secure.gravatar.com\/avatar\/c50c17820bcf322f0a8fd6b110b8c0918141409dc69076470f6fca5fee70a5d4?s=96&d=mm&r=g","caption":"Encontra Alphaville"},"url":"https:\/\/www.encontraalphaville.com.br\/guia\/author\/encontraalphaville\/"}]}},"_links":{"self":[{"href":"https:\/\/www.encontraalphaville.com.br\/guia\/wp-json\/wp\/v2\/posts\/6380","targetHints":{"allow":["GET"]}}],"collection":[{"href":"https:\/\/www.encontraalphaville.com.br\/guia\/wp-json\/wp\/v2\/posts"}],"about":[{"href":"https:\/\/www.encontraalphaville.com.br\/guia\/wp-json\/wp\/v2\/types\/post"}],"author":[{"embeddable":true,"href":"https:\/\/www.encontraalphaville.com.br\/guia\/wp-json\/wp\/v2\/users\/1"}],"replies":[{"embeddable":true,"href":"https:\/\/www.encontraalphaville.com.br\/guia\/wp-json\/wp\/v2\/comments?post=6380"}],"version-history":[{"count":0,"href":"https:\/\/www.encontraalphaville.com.br\/guia\/wp-json\/wp\/v2\/posts\/6380\/revisions"}],"wp:featuredmedia":[{"embeddable":true,"href":"https:\/\/www.encontraalphaville.com.br\/guia\/wp-json\/wp\/v2\/media\/6379"}],"wp:attachment":[{"href":"https:\/\/www.encontraalphaville.com.br\/guia\/wp-json\/wp\/v2\/media?parent=6380"}],"wp:term":[{"taxonomy":"category","embeddable":true,"href":"https:\/\/www.encontraalphaville.com.br\/guia\/wp-json\/wp\/v2\/categories?post=6380"},{"taxonomy":"post_tag","embeddable":true,"href":"https:\/\/www.encontraalphaville.com.br\/guia\/wp-json\/wp\/v2\/tags?post=6380"}],"curies":[{"name":"wp","href":"https:\/\/api.w.org\/{rel}","templated":true}]}}