{"id":6374,"date":"2026-02-11T12:09:40","date_gmt":"2026-02-11T15:09:40","guid":{"rendered":"https:\/\/www.encontraalphaville.com.br\/guia\/ipva-2026-governo-de-sp-retoma-calendario-de-fevereiro-na-quinta\/"},"modified":"2026-02-11T12:09:40","modified_gmt":"2026-02-11T15:09:40","slug":"ipva-2026-governo-de-sp-retoma-calendario-de-fevereiro-na-quinta","status":"publish","type":"post","link":"https:\/\/www.encontraalphaville.com.br\/guia\/ipva-2026-governo-de-sp-retoma-calendario-de-fevereiro-na-quinta\/","title":{"rendered":"IPVA 2026: Governo de SP retoma calend\u00e1rio de fevereiro na quinta"},"content":{"rendered":"<h2>Calend\u00e1rio de Vencimento do IPVA<\/h2>\n<p>A Secretaria da Fazenda e Planejamento do Estado de S\u00e3o Paulo informou que o calend\u00e1rio de pagamentos do IPVA para o ano de 2026 recome\u00e7a na quinta-feira, dia 12 de fevereiro. Neste m\u00eas, os contribuintes devem efetuar o pagamento do imposto em uma \u00fanica parcela, sem descontos. Os motoristas que escolheram pagar o IPVA em v\u00e1rias parcelas t\u00eam at\u00e9 essa data para quitar a 2\u00aa parcela.<\/p>\n<p>Os prazos de vencimento variam conforme o final da placa dos ve\u00edculos. Na quinta-feira, 12 de fevereiro, vence o prazo para os ve\u00edculos com final de placa 1. No dia seguinte, 13 de fevereiro, \u00e9 a vez dos que possuem placas cujo final \u00e9 2. O cronograma se estender\u00e1 at\u00e9 o dia 23, quando o vencimento da vez ser\u00e1 para ve\u00edculos com placas terminadas em 0. \u00c9 importante ressaltar que, caso o vencimento caia em um fim de semana ou feriado, o pagamento poder\u00e1 ser realizado no pr\u00f3ximo dia \u00fatil.<\/p>\n<p>Acompanhe a tabela de vencimento detalhada para melhor organiza\u00e7\u00e3o:<\/p>\n<p><img decoding=\"async\" src=\"https:\/\/www.encontraalphaville.com.br\/guia\/wp-content\/uploads\/2026\/02\/ipva-2026-governo-de-sp-retoma-calendario-de-fevereiro-na-quinta.webp\" alt=\"IPVA 2026\" loading=\"lazy\" \/><\/p>\n<table>\n<thead>\n<tr>\n<th>Final da Placa<\/th>\n<th>Vencimento Cota \u00danica ou 1\u00aa Parcela<\/th>\n<th>Vencimento 2\u00aa Parcela<\/th>\n<th>Vencimento 3\u00aa Parcela<\/th>\n<th>Vencimento 4\u00aa Parcela<\/th>\n<th>Vencimento 5\u00aa Parcela<\/th>\n<\/tr>\n<\/thead>\n<tbody>\n<tr>\n<td>1<\/td>\n<td>12\/fev<\/td>\n<td>12\/mar<\/td>\n<td>12\/abr<\/td>\n<td>12\/mai<\/td>\n<\/tr>\n<tr>\n<td>2<\/td>\n<td>13\/fev<\/td>\n<td>13\/mar<\/td>\n<td>13\/abr<\/td>\n<td>13\/mai<\/td>\n<\/tr>\n<tr>\n<td>3<\/td>\n<td>14\/fev<\/td>\n<td>14\/mar<\/td>\n<td>14\/abr<\/td>\n<td>14\/mai<\/td>\n<\/tr>\n<tr>\n<td>4<\/td>\n<td>15\/fev<\/td>\n<td>15\/mar<\/td>\n<td>15\/abr<\/td>\n<td>15\/mai<\/td>\n<\/tr>\n<tr>\n<td>5<\/td>\n<td>16\/fev<\/td>\n<td>16\/mar<\/td>\n<td>16\/abr<\/td>\n<td>16\/mai<\/td>\n<\/tr>\n<tr>\n<td>6<\/td>\n<td>19\/fev<\/td>\n<td>19\/mar<\/td>\n<td>19\/abr<\/td>\n<td>19\/mai<\/td>\n<\/tr>\n<tr>\n<td>7<\/td>\n<td>20\/fev<\/td>\n<td>20\/mar<\/td>\n<td>20\/abr<\/td>\n<td>20\/mai<\/td>\n<\/tr>\n<tr>\n<td>8<\/td>\n<td>21\/fev<\/td>\n<td>21\/mar<\/td>\n<td>21\/abr<\/td>\n<td>21\/mai<\/td>\n<\/tr>\n<tr>\n<td>9<\/td>\n<td>22\/fev<\/td>\n<td>22\/mar<\/td>\n<td>22\/abr<\/td>\n<td>22\/mai<\/td>\n<\/tr>\n<tr>\n<td>0<\/td>\n<td>23\/fev<\/td>\n<td>23\/mar<\/td>\n<td>23\/abr<\/td>\n<td>23\/mai<\/td>\n<\/tr>\n<\/tbody>\n<\/table>\n<p>Os motoristas devem estar atentos a essas datas, pois ap\u00f3s o vencimento, s\u00e3o acrescidos juros e multas ao valor devido, al\u00e9m da poss\u00edvel perda dos benef\u00edcios do parcelamento.<\/p>\n<h2>Formas de Pagamento do IPVA<\/h2>\n<p>O pagamento do IPVA 2026 pode ser efetuado de diversas maneiras, sendo o sistema de pagamento via Pix a principal recomenda\u00e7\u00e3o. Para utilizar essa op\u00e7\u00e3o, os contribuintes devem acessar a p\u00e1gina dedicada ao IPVA no portal da Sefaz-SP, preencher os dados do ve\u00edculo e gerar um QR code. Esse c\u00f3digo \u00e9 v\u00e1lido por apenas 15 minutos, ap\u00f3s os quais um novo QR code dever\u00e1 ser gerado caso o pagamento n\u00e3o tenha sido efetuado. Os pagamentos podem ser realizados em mais de 900 institui\u00e7\u00f5es financeiras.<\/p>\n<p>Al\u00e9m do Pix, os motoristas t\u00eam a op\u00e7\u00e3o de realizar o pagamento atrav\u00e9s da rede banc\u00e1ria utilizando o n\u00famero do Renavam (Registro Nacional de Ve\u00edculo Automotor). O pagamento tamb\u00e9m pode ser feito de forma presencial nos caixas das ag\u00eancias, em terminais de autoatendimento, ou at\u00e9 mesmo em casas lot\u00e9ricas. Caso o contribuinte deseje pagar com cart\u00e3o de cr\u00e9dito, esta op\u00e7\u00e3o est\u00e1 dispon\u00edvel nas empresas que est\u00e3o credenciadas pela Secretaria da Fazenda.<\/p>\n<h2>Isen\u00e7\u00f5es para Motocicletas<\/h2>\n<p>Em dezembro do ano passado, o Governo do Estado de S\u00e3o Paulo sancionou uma lei que isenta do pagamento do IPVA as motocicletas, ciclomotores e motonetas de at\u00e9 180 cilindradas, pertencentes a pessoas f\u00edsicas, j\u00e1 em vigor para 2026. Essa mudan\u00e7a \u00e9 uma importante conquista para motociclistas e ter\u00e1 um impacto significativo nas finan\u00e7as daqueles que utilizam a motocicleta como meio de trabalho, como \u00e9 o caso de muitos entregadores e prestadores de servi\u00e7os. As motos isentas devem estar sempre regulares em quest\u00f5es de registro e licenciamento.<\/p>\n<h2>Juros e Multas por Atraso<\/h2>\n<p>Caso o contribuinte n\u00e3o consiga realizar o pagamento do IPVA dentro do prazo estipulado, ele passar\u00e1 a ser penalizado com uma multa de 0,33% ao dia de atraso, al\u00e9m de juros de mora com base na taxa Selic, o que pode se tornar uma quantia consider\u00e1vel ao longo do tempo. Ap\u00f3s 60 dias de inadimpl\u00eancia, a multa se fixa em 20% sobre o valor total do imposto devido. A falta de pagamento do IPVA pode levar o d\u00e9bito a ser inscrito na D\u00edvida Ativa do estado e ao nome do propriet\u00e1rio ser inclu\u00eddo no Cadin Estadual, o que inviabiliza solicita\u00e7\u00f5es de benef\u00edcios como a Nota Fiscal Paulista.<\/p>\n<h2>Consultas de Valores no Renavam<\/h2>\n<p>Os propriet\u00e1rios de ve\u00edculos podem consultar o valor do IPVA atrav\u00e9s da Rede banc\u00e1ria ou diretamente no portal da Sefaz-SP, utilizando o n\u00famero do Renavam e a placa do ve\u00edculo. Essa consulta \u00e9 fundamental para que o contribuinte tenha uma no\u00e7\u00e3o clara do seu d\u00e9bito e n\u00e3o perca os prazos de pagamento.<\/p>\n<h2>Pagamento via Pix no IPVA<\/h2>\n<p>O uso do Pix como um m\u00e9todo de pagamento para o IPVA \u00e9 a op\u00e7\u00e3o recomendada, pois traz facilidade e agilidade. Para efetivar o pagamento, o contribuinte deve acessar o site da Sefaz-SP, escolher a se\u00e7\u00e3o dedicada ao IPVA, inserir as informa\u00e7\u00f5es do ve\u00edculo e gerar o QR code. N\u00e3o se esque\u00e7a: o c\u00f3digo tem validade de 15 minutos. Caso o pagamento n\u00e3o seja realizado neste per\u00edodo, um novo QR code deve ser gerado. A leitura do c\u00f3digo, feita por um aplicativo banc\u00e1rio, indicar\u00e1 que o valor a ser pago \u00e9 destinado \u00e0 &#8220;Secretaria da Fazenda e Planejamento&#8221; sob o CNPJ correto.<\/p>\n<h2>Import\u00e2ncia do Licenciamento do Ve\u00edculo<\/h2>\n<p>Os propriet\u00e1rios que desejam antecipar o licenciamento anual devem quitar todos os d\u00e9bitos, incluindo o IPVA e taxa de licenciamento, al\u00e9m de eventuais multas de tr\u00e2nsito que estejam pendentes. Somente ap\u00f3s a regulariza\u00e7\u00e3o dessas pend\u00eancias o licenciamento poder\u00e1 ser efetuado, permitindo a circula\u00e7\u00e3o legal do ve\u00edculo e evitando complica\u00e7\u00f5es futuras, como apreens\u00f5es.<\/p>\n<h2>Consequ\u00eancias da Inadimpl\u00eancia<\/h2>\n<p>A inadimpl\u00eancia no pagamento do IPVA traz diversas implica\u00e7\u00f5es negativas. Al\u00e9m de multas e juros, a d\u00edvida pode ser enviada para protesto, o que representa um registros negativos na documenta\u00e7\u00e3o do propriet\u00e1rio. Com o IPVA em atraso, o licenciamento do ve\u00edculo n\u00e3o pode ser realizado, podendo levar \u00e0 apreens\u00e3o do mesmo. Com a inadimpl\u00eancia, a multa gerada e os pontos na Carteira Nacional de Habilita\u00e7\u00e3o (CNH) v\u00e3o impactar n\u00e3o apenas as finan\u00e7as, mas tamb\u00e9m a possibilidade de o propriet\u00e1rio regularizar sua situa\u00e7\u00e3o fiscal.<\/p>\n<h2>Contato com a Secretaria da Fazenda<\/h2>\n<p>Para mais detalhes e informa\u00e7\u00f5es relacionadas ao IPVA, os propriet\u00e1rios podem contatar a Secretaria da Fazenda pelo canal de Fale Conosco dispon\u00edvel no portal oficial. \u00c9 sempre bom manter as informa\u00e7\u00f5es atualizadas e esclarecer quaisquer d\u00favidas sobre prazos, formas de pagamento e condi\u00e7\u00f5es de isen\u00e7\u00e3o.<\/p>\n<h2>D\u00favidas Frequentes sobre o IPVA<\/h2>\n<p>Os contribuintes podem ter v\u00e1rias perguntas relacionadas ao pagamento do IPVA. Por isso, \u00e9 \u00fatil consultar a p\u00e1gina do IPVA no site da Sefaz-SP, onde est\u00e3o dispon\u00edveis respostas para as principais d\u00favidas comuns, incluindo detalhes sobre compensa\u00e7\u00f5es, isen\u00e7\u00f5es e processos de pagamento.<\/p>\n","protected":false},"excerpt":{"rendered":"<p>IPVA 2026 se aproxima e voc\u00ea precisa saber como pagar corretamente.<\/p>\n","protected":false},"author":1,"featured_media":6373,"comment_status":"open","ping_status":"open","sticky":false,"template":"","format":"standard","meta":{"footnotes":""},"categories":[5],"tags":[],"class_list":["post-6374","post","type-post","status-publish","format-standard","has-post-thumbnail","hentry","category-noticias","has_thumb"],"yoast_head":"<!-- This site is optimized with the Yoast SEO plugin v26.4 - https:\/\/yoast.com\/wordpress\/plugins\/seo\/ -->\n<title>IPVA 2026: Governo de SP retoma calend\u00e1rio de fevereiro na quinta | Guia Comercial de Alphaville SP<\/title>\n<meta name=\"robots\" content=\"index, follow, max-snippet:-1, max-image-preview:large, max-video-preview:-1\" \/>\n<link rel=\"canonical\" href=\"https:\/\/www.encontraalphaville.com.br\/guia\/ipva-2026-governo-de-sp-retoma-calendario-de-fevereiro-na-quinta\/\" \/>\n<meta property=\"og:locale\" content=\"pt_BR\" \/>\n<meta property=\"og:type\" content=\"article\" \/>\n<meta property=\"og:title\" content=\"IPVA 2026: Governo de SP retoma calend\u00e1rio de fevereiro na quinta | Guia Comercial de Alphaville SP\" \/>\n<meta property=\"og:description\" content=\"IPVA 2026 se aproxima e voc\u00ea precisa saber como pagar corretamente.\" \/>\n<meta property=\"og:url\" content=\"https:\/\/www.encontraalphaville.com.br\/guia\/ipva-2026-governo-de-sp-retoma-calendario-de-fevereiro-na-quinta\/\" \/>\n<meta property=\"og:site_name\" content=\"Guia Comercial de Alphaville SP\" \/>\n<meta property=\"article:published_time\" content=\"2026-02-11T15:09:40+00:00\" \/>\n<meta property=\"og:image\" content=\"https:\/\/www.encontraalphaville.com.br\/guia\/wp-content\/uploads\/2026\/02\/ipva-2026-governo-de-sp-retoma-calendario-de-fevereiro-na-quinta.webp\" \/>\n<meta name=\"author\" content=\"Encontra Alphaville\" \/>\n<meta name=\"twitter:card\" content=\"summary_large_image\" \/>\n<meta name=\"twitter:label1\" content=\"Escrito por\" \/>\n\t<meta name=\"twitter:data1\" content=\"Encontra Alphaville\" \/>\n\t<meta name=\"twitter:label2\" content=\"Est. tempo de leitura\" \/>\n\t<meta name=\"twitter:data2\" content=\"6 minutos\" \/>\n<script type=\"application\/ld+json\" class=\"yoast-schema-graph\">{\"@context\":\"https:\/\/schema.org\",\"@graph\":[{\"@type\":\"WebPage\",\"@id\":\"https:\/\/www.encontraalphaville.com.br\/guia\/ipva-2026-governo-de-sp-retoma-calendario-de-fevereiro-na-quinta\/\",\"url\":\"https:\/\/www.encontraalphaville.com.br\/guia\/ipva-2026-governo-de-sp-retoma-calendario-de-fevereiro-na-quinta\/\",\"name\":\"IPVA 2026: Governo de SP retoma calend\u00e1rio de fevereiro na quinta | Guia Comercial de Alphaville SP\",\"isPartOf\":{\"@id\":\"https:\/\/www.encontraalphaville.com.br\/guia\/#website\"},\"primaryImageOfPage\":{\"@id\":\"https:\/\/www.encontraalphaville.com.br\/guia\/ipva-2026-governo-de-sp-retoma-calendario-de-fevereiro-na-quinta\/#primaryimage\"},\"image\":{\"@id\":\"https:\/\/www.encontraalphaville.com.br\/guia\/ipva-2026-governo-de-sp-retoma-calendario-de-fevereiro-na-quinta\/#primaryimage\"},\"thumbnailUrl\":\"https:\/\/www.encontraalphaville.com.br\/guia\/wp-content\/uploads\/2026\/02\/ipva-2026-governo-de-sp-retoma-calendario-de-fevereiro-na-quinta.webp\",\"datePublished\":\"2026-02-11T15:09:40+00:00\",\"author\":{\"@id\":\"https:\/\/www.encontraalphaville.com.br\/guia\/#\/schema\/person\/a48592ba2de82cdaeeef25afa1c4bc6a\"},\"inLanguage\":\"pt-BR\",\"potentialAction\":[{\"@type\":\"ReadAction\",\"target\":[\"https:\/\/www.encontraalphaville.com.br\/guia\/ipva-2026-governo-de-sp-retoma-calendario-de-fevereiro-na-quinta\/\"]}]},{\"@type\":\"ImageObject\",\"inLanguage\":\"pt-BR\",\"@id\":\"https:\/\/www.encontraalphaville.com.br\/guia\/ipva-2026-governo-de-sp-retoma-calendario-de-fevereiro-na-quinta\/#primaryimage\",\"url\":\"https:\/\/www.encontraalphaville.com.br\/guia\/wp-content\/uploads\/2026\/02\/ipva-2026-governo-de-sp-retoma-calendario-de-fevereiro-na-quinta.webp\",\"contentUrl\":\"https:\/\/www.encontraalphaville.com.br\/guia\/wp-content\/uploads\/2026\/02\/ipva-2026-governo-de-sp-retoma-calendario-de-fevereiro-na-quinta.webp\",\"width\":280,\"height\":280,\"caption\":\"IPVA 2026\"},{\"@type\":\"WebSite\",\"@id\":\"https:\/\/www.encontraalphaville.com.br\/guia\/#website\",\"url\":\"https:\/\/www.encontraalphaville.com.br\/guia\/\",\"name\":\"Guia Comercial de Alphaville SP\",\"description\":\"ENCONTRA ALPHAVILLE - O guia comercial de neg\u00f3cios e empresas, cultura e divers\u00e3o no bairro de Alphaville. Feito 100% para voc\u00ea morador!\",\"potentialAction\":[{\"@type\":\"SearchAction\",\"target\":{\"@type\":\"EntryPoint\",\"urlTemplate\":\"https:\/\/www.encontraalphaville.com.br\/guia\/?s={search_term_string}\"},\"query-input\":{\"@type\":\"PropertyValueSpecification\",\"valueRequired\":true,\"valueName\":\"search_term_string\"}}],\"inLanguage\":\"pt-BR\"},{\"@type\":\"Person\",\"@id\":\"https:\/\/www.encontraalphaville.com.br\/guia\/#\/schema\/person\/a48592ba2de82cdaeeef25afa1c4bc6a\",\"name\":\"Encontra Alphaville\",\"image\":{\"@type\":\"ImageObject\",\"inLanguage\":\"pt-BR\",\"@id\":\"https:\/\/www.encontraalphaville.com.br\/guia\/#\/schema\/person\/image\/\",\"url\":\"https:\/\/secure.gravatar.com\/avatar\/c50c17820bcf322f0a8fd6b110b8c0918141409dc69076470f6fca5fee70a5d4?s=96&d=mm&r=g\",\"contentUrl\":\"https:\/\/secure.gravatar.com\/avatar\/c50c17820bcf322f0a8fd6b110b8c0918141409dc69076470f6fca5fee70a5d4?s=96&d=mm&r=g\",\"caption\":\"Encontra Alphaville\"},\"url\":\"https:\/\/www.encontraalphaville.com.br\/guia\/author\/encontraalphaville\/\"}]}<\/script>\n<!-- \/ Yoast SEO plugin. -->","yoast_head_json":{"title":"IPVA 2026: Governo de SP retoma calend\u00e1rio de fevereiro na quinta | Guia Comercial de Alphaville SP","robots":{"index":"index","follow":"follow","max-snippet":"max-snippet:-1","max-image-preview":"max-image-preview:large","max-video-preview":"max-video-preview:-1"},"canonical":"https:\/\/www.encontraalphaville.com.br\/guia\/ipva-2026-governo-de-sp-retoma-calendario-de-fevereiro-na-quinta\/","og_locale":"pt_BR","og_type":"article","og_title":"IPVA 2026: Governo de SP retoma calend\u00e1rio de fevereiro na quinta | Guia Comercial de Alphaville SP","og_description":"IPVA 2026 se aproxima e voc\u00ea precisa saber como pagar corretamente.","og_url":"https:\/\/www.encontraalphaville.com.br\/guia\/ipva-2026-governo-de-sp-retoma-calendario-de-fevereiro-na-quinta\/","og_site_name":"Guia Comercial de Alphaville SP","article_published_time":"2026-02-11T15:09:40+00:00","og_image":[{"url":"https:\/\/www.encontraalphaville.com.br\/guia\/wp-content\/uploads\/2026\/02\/ipva-2026-governo-de-sp-retoma-calendario-de-fevereiro-na-quinta.webp","type":"","width":"","height":""}],"author":"Encontra Alphaville","twitter_card":"summary_large_image","twitter_misc":{"Escrito por":"Encontra Alphaville","Est. tempo de leitura":"6 minutos"},"schema":{"@context":"https:\/\/schema.org","@graph":[{"@type":"WebPage","@id":"https:\/\/www.encontraalphaville.com.br\/guia\/ipva-2026-governo-de-sp-retoma-calendario-de-fevereiro-na-quinta\/","url":"https:\/\/www.encontraalphaville.com.br\/guia\/ipva-2026-governo-de-sp-retoma-calendario-de-fevereiro-na-quinta\/","name":"IPVA 2026: Governo de SP retoma calend\u00e1rio de fevereiro na quinta | Guia Comercial de Alphaville SP","isPartOf":{"@id":"https:\/\/www.encontraalphaville.com.br\/guia\/#website"},"primaryImageOfPage":{"@id":"https:\/\/www.encontraalphaville.com.br\/guia\/ipva-2026-governo-de-sp-retoma-calendario-de-fevereiro-na-quinta\/#primaryimage"},"image":{"@id":"https:\/\/www.encontraalphaville.com.br\/guia\/ipva-2026-governo-de-sp-retoma-calendario-de-fevereiro-na-quinta\/#primaryimage"},"thumbnailUrl":"https:\/\/www.encontraalphaville.com.br\/guia\/wp-content\/uploads\/2026\/02\/ipva-2026-governo-de-sp-retoma-calendario-de-fevereiro-na-quinta.webp","datePublished":"2026-02-11T15:09:40+00:00","author":{"@id":"https:\/\/www.encontraalphaville.com.br\/guia\/#\/schema\/person\/a48592ba2de82cdaeeef25afa1c4bc6a"},"inLanguage":"pt-BR","potentialAction":[{"@type":"ReadAction","target":["https:\/\/www.encontraalphaville.com.br\/guia\/ipva-2026-governo-de-sp-retoma-calendario-de-fevereiro-na-quinta\/"]}]},{"@type":"ImageObject","inLanguage":"pt-BR","@id":"https:\/\/www.encontraalphaville.com.br\/guia\/ipva-2026-governo-de-sp-retoma-calendario-de-fevereiro-na-quinta\/#primaryimage","url":"https:\/\/www.encontraalphaville.com.br\/guia\/wp-content\/uploads\/2026\/02\/ipva-2026-governo-de-sp-retoma-calendario-de-fevereiro-na-quinta.webp","contentUrl":"https:\/\/www.encontraalphaville.com.br\/guia\/wp-content\/uploads\/2026\/02\/ipva-2026-governo-de-sp-retoma-calendario-de-fevereiro-na-quinta.webp","width":280,"height":280,"caption":"IPVA 2026"},{"@type":"WebSite","@id":"https:\/\/www.encontraalphaville.com.br\/guia\/#website","url":"https:\/\/www.encontraalphaville.com.br\/guia\/","name":"Guia Comercial de Alphaville SP","description":"ENCONTRA ALPHAVILLE - O guia comercial de neg\u00f3cios e empresas, cultura e divers\u00e3o no bairro de Alphaville. Feito 100% para voc\u00ea morador!","potentialAction":[{"@type":"SearchAction","target":{"@type":"EntryPoint","urlTemplate":"https:\/\/www.encontraalphaville.com.br\/guia\/?s={search_term_string}"},"query-input":{"@type":"PropertyValueSpecification","valueRequired":true,"valueName":"search_term_string"}}],"inLanguage":"pt-BR"},{"@type":"Person","@id":"https:\/\/www.encontraalphaville.com.br\/guia\/#\/schema\/person\/a48592ba2de82cdaeeef25afa1c4bc6a","name":"Encontra Alphaville","image":{"@type":"ImageObject","inLanguage":"pt-BR","@id":"https:\/\/www.encontraalphaville.com.br\/guia\/#\/schema\/person\/image\/","url":"https:\/\/secure.gravatar.com\/avatar\/c50c17820bcf322f0a8fd6b110b8c0918141409dc69076470f6fca5fee70a5d4?s=96&d=mm&r=g","contentUrl":"https:\/\/secure.gravatar.com\/avatar\/c50c17820bcf322f0a8fd6b110b8c0918141409dc69076470f6fca5fee70a5d4?s=96&d=mm&r=g","caption":"Encontra Alphaville"},"url":"https:\/\/www.encontraalphaville.com.br\/guia\/author\/encontraalphaville\/"}]}},"_links":{"self":[{"href":"https:\/\/www.encontraalphaville.com.br\/guia\/wp-json\/wp\/v2\/posts\/6374","targetHints":{"allow":["GET"]}}],"collection":[{"href":"https:\/\/www.encontraalphaville.com.br\/guia\/wp-json\/wp\/v2\/posts"}],"about":[{"href":"https:\/\/www.encontraalphaville.com.br\/guia\/wp-json\/wp\/v2\/types\/post"}],"author":[{"embeddable":true,"href":"https:\/\/www.encontraalphaville.com.br\/guia\/wp-json\/wp\/v2\/users\/1"}],"replies":[{"embeddable":true,"href":"https:\/\/www.encontraalphaville.com.br\/guia\/wp-json\/wp\/v2\/comments?post=6374"}],"version-history":[{"count":0,"href":"https:\/\/www.encontraalphaville.com.br\/guia\/wp-json\/wp\/v2\/posts\/6374\/revisions"}],"wp:featuredmedia":[{"embeddable":true,"href":"https:\/\/www.encontraalphaville.com.br\/guia\/wp-json\/wp\/v2\/media\/6373"}],"wp:attachment":[{"href":"https:\/\/www.encontraalphaville.com.br\/guia\/wp-json\/wp\/v2\/media?parent=6374"}],"wp:term":[{"taxonomy":"category","embeddable":true,"href":"https:\/\/www.encontraalphaville.com.br\/guia\/wp-json\/wp\/v2\/categories?post=6374"},{"taxonomy":"post_tag","embeddable":true,"href":"https:\/\/www.encontraalphaville.com.br\/guia\/wp-json\/wp\/v2\/tags?post=6374"}],"curies":[{"name":"wp","href":"https:\/\/api.w.org\/{rel}","templated":true}]}}