{"id":6356,"date":"2026-02-08T12:04:48","date_gmt":"2026-02-08T15:04:48","guid":{"rendered":"https:\/\/www.encontraalphaville.com.br\/guia\/vendas-residenciais-sp-tem-o-6o-m%c2%b2-mais-caro-em-janeiro-barueri-o-7o\/"},"modified":"2026-02-08T12:04:48","modified_gmt":"2026-02-08T15:04:48","slug":"vendas-residenciais-sp-tem-o-6o-m%c2%b2-mais-caro-em-janeiro-barueri-o-7o","status":"publish","type":"post","link":"https:\/\/www.encontraalphaville.com.br\/guia\/vendas-residenciais-sp-tem-o-6o-m%c2%b2-mais-caro-em-janeiro-barueri-o-7o\/","title":{"rendered":"Vendas residenciais: SP tem o 6\u00ba m\u00b2 mais caro em janeiro. Barueri, o 7\u00ba"},"content":{"rendered":"<h2>O panorama das vendas residenciais em S\u00e3o Paulo<\/h2>\n<p>O mercado imobili\u00e1rio em S\u00e3o Paulo est\u00e1 passando por transforma\u00e7\u00f5es not\u00e1veis. No m\u00eas de janeiro de 2026, a capital paulista se destacou, garantindo a posi\u00e7\u00e3o de cidade com o metro quadrado mais caro do pa\u00eds, segundo o \u00cdndice FipeZAP. Com um custo m\u00e9dio de R$ 11.915\/m\u00b2, S\u00e3o Paulo n\u00e3o s\u00f3 lidera a lista local, mas tamb\u00e9m ocupa a 6\u00aa posi\u00e7\u00e3o no contexto nacional.<\/p>\n<h2>Os pre\u00e7os do metro quadrado em Barueri<\/h2>\n<p>Logo atr\u00e1s de S\u00e3o Paulo, Barueri se consolidou como a segunda cidade com os maiores pre\u00e7os de metro quadrado, com uma m\u00e9dia de R$ 11.672\/m\u00b2. Esta classifica Barueri em 7\u00ba lugar no ranking nacional, refletindo a atratividade e o desenvolvimento da regi\u00e3o, que se tornaram um ponto focal para novos investimentos imobili\u00e1rios.<\/p>\n<h2>Compara\u00e7\u00e3o entre as cidades da regi\u00e3o metropolitana<\/h2>\n<p>No cen\u00e1rio metropolitano, Osasco surge como a terceira cidade da lista, com um custo de R$ 8.352\/m\u00b2, posicionando-se na 21\u00aa posi\u00e7\u00e3o em n\u00edvel nacional. Essa compara\u00e7\u00e3o destaca n\u00e3o apenas as disparidades regionais de pre\u00e7o, mas tamb\u00e9m a din\u00e2mica do mercado de im\u00f3veis, onde a localiza\u00e7\u00e3o tem um papel preponderante.<\/p>\n<p><img decoding=\"async\" src=\"https:\/\/www.encontraalphaville.com.br\/guia\/wp-content\/uploads\/2026\/02\/vendas-residenciais-sp-tem-o-6-m-mais-caro-em-janeiro-barueri-o-7.webp\" alt=\"vendas residenciais\" loading=\"lazy\" \/><\/p>\n<h2>Varia\u00e7\u00e3o mensal de pre\u00e7os em 2026<\/h2>\n<p>A an\u00e1lise da varia\u00e7\u00e3o mensal de pre\u00e7os para o in\u00edcio de 2026 revela que S\u00e3o Paulo experimentou um aumento de +0,15% em janeiro, igualando a taxa de varia\u00e7\u00e3o do m\u00eas anterior. Barueri tamb\u00e9m registrou um crescimento de +0,15%, revertendo uma leve queda de -0,04% observada em dezembro. Esta estabilidade \u00e9 um indicativo de um mercado que, embora vol\u00e1til, mant\u00e9m uma base s\u00f3lida de valoriza\u00e7\u00e3o.<\/p>\n<p>Por outro lado, Osasco teve um desempenho superior, com varia\u00e7\u00e3o de +0,54% em janeiro, embora tenha registrado um \u00edndice ainda maior no m\u00eas anterior (+0,71%). Essas flutua\u00e7\u00f5es s\u00e3o representativas de tend\u00eancias e ciclos que permeiam o setor.<\/p>\n<h2>Impactos na compra de im\u00f3veis na \u00e1rea<\/h2>\n<p>A escalada nos pre\u00e7os e a varia\u00e7\u00e3o mensal impactam diretamente as decis\u00f5es de compra de im\u00f3veis. Potenciais compradores devem levar em considera\u00e7\u00e3o esses dados para melhor avaliar o momento de investimento. A elevada demanda por im\u00f3veis em locais estrat\u00e9gicos requer planejamento cuidadoso e an\u00e1lise de mercado antes de realizar aquisi\u00e7\u00f5es.<\/p>\n<h2>Perspectivas para o mercado imobili\u00e1rio<\/h2>\n<p>Com o aumento cont\u00ednuo nas taxas de valoriza\u00e7\u00e3o, experts em im\u00f3veis aguardam um futuro promissor para o mercado imobili\u00e1rio em S\u00e3o Paulo e regi\u00f5es adjacentes. A combina\u00e7\u00e3o de infraestrutura, seguran\u00e7a, e acessibilidade financeiras tem criado um ambiente prop\u00edcio para novos lan\u00e7amentos e projetos. Tais fatores sugerem que o cen\u00e1rio de compras ir\u00e1 continuar intenso, propiciando oportunidades tanto para investidores quanto para novos propriet\u00e1rios.<\/p>\n<h2>Dicas para quem deseja investir em Barueri<\/h2>\n<p>Para quem busca investir em Barueri, seguem algumas recomenda\u00e7\u00f5es:<\/p>\n<ul>\n<li><strong>An\u00e1lise de Localiza\u00e7\u00e3o:<\/strong> Pesquise os bairros que est\u00e3o em crescimento e que oferecem infraestrutura de qualidade.<\/li>\n<li><strong>Valora\u00e7\u00e3o do Im\u00f3vel:<\/strong> Compare os pre\u00e7os com outras regi\u00f5es para entender a m\u00e9dia de mercado.<\/li>\n<li><strong>Consultoria Imobili\u00e1ria:<\/strong> Considere a ajuda de profissionais do setor para guia-lo durante o processo de compra.<\/li>\n<li><strong>Documenta\u00e7\u00e3o:<\/strong> Verifique toda a documenta\u00e7\u00e3o necess\u00e1ria para evitar surpresas futuras.<\/li>\n<\/ul>\n<h2>An\u00e1lise do \u00cdndice FipeZAP<\/h2>\n<p>O \u00cdndice FipeZAP \u00e9 um term\u00f4metro essencial para o mercado imobili\u00e1rio brasileiro, refletindo os pre\u00e7os de im\u00f3veis residenciais em 56 cidades. Em janeiro de 2026, ele registrou uma m\u00e9dia de aumento de 0,20%, mostrando uma desacelera\u00e7\u00e3o em compara\u00e7\u00e3o com meses anteriores. Nas cidades monitoradas, 46 demonstraram valoriza\u00e7\u00e3o, com diversas capitais apresentando altas significativas.<\/p>\n<h2>Os fatores que influenciam os pre\u00e7os de im\u00f3veis<\/h2>\n<p>Dentre os principais fatores que afetam os pre\u00e7os dos im\u00f3veis est\u00e3o:<\/p>\n<ul>\n<li><strong>Infraestrutura:<\/strong> A disponibilidade de servi\u00e7os, como transporte e seguran\u00e7a, impacta diretamente a valoriza\u00e7\u00e3o.<\/li>\n<li><strong>Desenvolvimento Econ\u00f4mico:<\/strong> A prosperidade econ\u00f4mica da regi\u00e3o atrai novos moradores e investidores.<\/li>\n<li><strong>Condi\u00e7\u00f5es de Financiamento:<\/strong> Taxas de juros e ofertas de financiamento acess\u00edvel facilitam a compra de im\u00f3veis.<\/li>\n<\/ul>\n<h2>O futuro das vendas residenciais na Grande S\u00e3o Paulo<\/h2>\n<p>\u00c0 medida que a demanda continua crescendo, as vendas residenciais na Grande S\u00e3o Paulo devem se manter aquecidas. As expectativas de mercado s\u00e3o de que, com os novos empreendimentos e constantes melhorias urbanas, a regi\u00e3o atraia um p\u00fablico ainda mais diversificado. Investir em im\u00f3veis na Grande S\u00e3o Paulo ainda se mostra como uma estrat\u00e9gia v\u00e1lida e promissora tanto para novos compradores quanto para investidores astutos.<\/p>\n","protected":false},"excerpt":{"rendered":"<p>Vendas residenciais: descubra o que a pesquisa revelou sobre os m\u00b2 em SP.<\/p>\n","protected":false},"author":1,"featured_media":6355,"comment_status":"open","ping_status":"open","sticky":false,"template":"","format":"standard","meta":{"footnotes":""},"categories":[5],"tags":[],"class_list":["post-6356","post","type-post","status-publish","format-standard","has-post-thumbnail","hentry","category-noticias","has_thumb"],"yoast_head":"<!-- This site is optimized with the Yoast SEO plugin v26.4 - https:\/\/yoast.com\/wordpress\/plugins\/seo\/ -->\n<title>Vendas residenciais: SP tem o 6\u00ba m\u00b2 mais caro em janeiro. Barueri, o 7\u00ba | Guia Comercial de Alphaville SP<\/title>\n<meta name=\"robots\" content=\"index, follow, max-snippet:-1, max-image-preview:large, max-video-preview:-1\" \/>\n<link rel=\"canonical\" href=\"https:\/\/www.encontraalphaville.com.br\/guia\/vendas-residenciais-sp-tem-o-6o-m\u00b2-mais-caro-em-janeiro-barueri-o-7o\/\" \/>\n<meta property=\"og:locale\" content=\"pt_BR\" \/>\n<meta property=\"og:type\" content=\"article\" \/>\n<meta property=\"og:title\" content=\"Vendas residenciais: SP tem o 6\u00ba m\u00b2 mais caro em janeiro. Barueri, o 7\u00ba | Guia Comercial de Alphaville SP\" \/>\n<meta property=\"og:description\" content=\"Vendas residenciais: descubra o que a pesquisa revelou sobre os m\u00b2 em SP.\" \/>\n<meta property=\"og:url\" content=\"https:\/\/www.encontraalphaville.com.br\/guia\/vendas-residenciais-sp-tem-o-6o-m\u00b2-mais-caro-em-janeiro-barueri-o-7o\/\" \/>\n<meta property=\"og:site_name\" content=\"Guia Comercial de Alphaville SP\" \/>\n<meta property=\"article:published_time\" content=\"2026-02-08T15:04:48+00:00\" \/>\n<meta property=\"og:image\" content=\"https:\/\/www.encontraalphaville.com.br\/guia\/wp-content\/uploads\/2026\/02\/vendas-residenciais-sp-tem-o-6-m-mais-caro-em-janeiro-barueri-o-7.webp\" \/>\n<meta name=\"author\" content=\"Encontra Alphaville\" \/>\n<meta name=\"twitter:card\" content=\"summary_large_image\" \/>\n<meta name=\"twitter:label1\" content=\"Escrito por\" \/>\n\t<meta name=\"twitter:data1\" content=\"Encontra Alphaville\" \/>\n\t<meta name=\"twitter:label2\" content=\"Est. tempo de leitura\" \/>\n\t<meta name=\"twitter:data2\" content=\"4 minutos\" \/>\n<script type=\"application\/ld+json\" class=\"yoast-schema-graph\">{\"@context\":\"https:\/\/schema.org\",\"@graph\":[{\"@type\":\"WebPage\",\"@id\":\"https:\/\/www.encontraalphaville.com.br\/guia\/vendas-residenciais-sp-tem-o-6o-m%c2%b2-mais-caro-em-janeiro-barueri-o-7o\/\",\"url\":\"https:\/\/www.encontraalphaville.com.br\/guia\/vendas-residenciais-sp-tem-o-6o-m%c2%b2-mais-caro-em-janeiro-barueri-o-7o\/\",\"name\":\"Vendas residenciais: SP tem o 6\u00ba m\u00b2 mais caro em janeiro. Barueri, o 7\u00ba | Guia Comercial de Alphaville SP\",\"isPartOf\":{\"@id\":\"https:\/\/www.encontraalphaville.com.br\/guia\/#website\"},\"primaryImageOfPage\":{\"@id\":\"https:\/\/www.encontraalphaville.com.br\/guia\/vendas-residenciais-sp-tem-o-6o-m%c2%b2-mais-caro-em-janeiro-barueri-o-7o\/#primaryimage\"},\"image\":{\"@id\":\"https:\/\/www.encontraalphaville.com.br\/guia\/vendas-residenciais-sp-tem-o-6o-m%c2%b2-mais-caro-em-janeiro-barueri-o-7o\/#primaryimage\"},\"thumbnailUrl\":\"https:\/\/www.encontraalphaville.com.br\/guia\/wp-content\/uploads\/2026\/02\/vendas-residenciais-sp-tem-o-6-m-mais-caro-em-janeiro-barueri-o-7.webp\",\"datePublished\":\"2026-02-08T15:04:48+00:00\",\"author\":{\"@id\":\"https:\/\/www.encontraalphaville.com.br\/guia\/#\/schema\/person\/a48592ba2de82cdaeeef25afa1c4bc6a\"},\"inLanguage\":\"pt-BR\",\"potentialAction\":[{\"@type\":\"ReadAction\",\"target\":[\"https:\/\/www.encontraalphaville.com.br\/guia\/vendas-residenciais-sp-tem-o-6o-m%c2%b2-mais-caro-em-janeiro-barueri-o-7o\/\"]}]},{\"@type\":\"ImageObject\",\"inLanguage\":\"pt-BR\",\"@id\":\"https:\/\/www.encontraalphaville.com.br\/guia\/vendas-residenciais-sp-tem-o-6o-m%c2%b2-mais-caro-em-janeiro-barueri-o-7o\/#primaryimage\",\"url\":\"https:\/\/www.encontraalphaville.com.br\/guia\/wp-content\/uploads\/2026\/02\/vendas-residenciais-sp-tem-o-6-m-mais-caro-em-janeiro-barueri-o-7.webp\",\"contentUrl\":\"https:\/\/www.encontraalphaville.com.br\/guia\/wp-content\/uploads\/2026\/02\/vendas-residenciais-sp-tem-o-6-m-mais-caro-em-janeiro-barueri-o-7.webp\",\"width\":280,\"height\":280,\"caption\":\"vendas residenciais\"},{\"@type\":\"WebSite\",\"@id\":\"https:\/\/www.encontraalphaville.com.br\/guia\/#website\",\"url\":\"https:\/\/www.encontraalphaville.com.br\/guia\/\",\"name\":\"Guia Comercial de Alphaville SP\",\"description\":\"ENCONTRA ALPHAVILLE - O guia comercial de neg\u00f3cios e empresas, cultura e divers\u00e3o no bairro de Alphaville. Feito 100% para voc\u00ea morador!\",\"potentialAction\":[{\"@type\":\"SearchAction\",\"target\":{\"@type\":\"EntryPoint\",\"urlTemplate\":\"https:\/\/www.encontraalphaville.com.br\/guia\/?s={search_term_string}\"},\"query-input\":{\"@type\":\"PropertyValueSpecification\",\"valueRequired\":true,\"valueName\":\"search_term_string\"}}],\"inLanguage\":\"pt-BR\"},{\"@type\":\"Person\",\"@id\":\"https:\/\/www.encontraalphaville.com.br\/guia\/#\/schema\/person\/a48592ba2de82cdaeeef25afa1c4bc6a\",\"name\":\"Encontra Alphaville\",\"image\":{\"@type\":\"ImageObject\",\"inLanguage\":\"pt-BR\",\"@id\":\"https:\/\/www.encontraalphaville.com.br\/guia\/#\/schema\/person\/image\/\",\"url\":\"https:\/\/secure.gravatar.com\/avatar\/c50c17820bcf322f0a8fd6b110b8c0918141409dc69076470f6fca5fee70a5d4?s=96&d=mm&r=g\",\"contentUrl\":\"https:\/\/secure.gravatar.com\/avatar\/c50c17820bcf322f0a8fd6b110b8c0918141409dc69076470f6fca5fee70a5d4?s=96&d=mm&r=g\",\"caption\":\"Encontra Alphaville\"},\"url\":\"https:\/\/www.encontraalphaville.com.br\/guia\/author\/encontraalphaville\/\"}]}<\/script>\n<!-- \/ Yoast SEO plugin. -->","yoast_head_json":{"title":"Vendas residenciais: SP tem o 6\u00ba m\u00b2 mais caro em janeiro. Barueri, o 7\u00ba | Guia Comercial de Alphaville SP","robots":{"index":"index","follow":"follow","max-snippet":"max-snippet:-1","max-image-preview":"max-image-preview:large","max-video-preview":"max-video-preview:-1"},"canonical":"https:\/\/www.encontraalphaville.com.br\/guia\/vendas-residenciais-sp-tem-o-6o-m\u00b2-mais-caro-em-janeiro-barueri-o-7o\/","og_locale":"pt_BR","og_type":"article","og_title":"Vendas residenciais: SP tem o 6\u00ba m\u00b2 mais caro em janeiro. Barueri, o 7\u00ba | Guia Comercial de Alphaville SP","og_description":"Vendas residenciais: descubra o que a pesquisa revelou sobre os m\u00b2 em SP.","og_url":"https:\/\/www.encontraalphaville.com.br\/guia\/vendas-residenciais-sp-tem-o-6o-m\u00b2-mais-caro-em-janeiro-barueri-o-7o\/","og_site_name":"Guia Comercial de Alphaville SP","article_published_time":"2026-02-08T15:04:48+00:00","og_image":[{"url":"https:\/\/www.encontraalphaville.com.br\/guia\/wp-content\/uploads\/2026\/02\/vendas-residenciais-sp-tem-o-6-m-mais-caro-em-janeiro-barueri-o-7.webp","type":"","width":"","height":""}],"author":"Encontra Alphaville","twitter_card":"summary_large_image","twitter_misc":{"Escrito por":"Encontra Alphaville","Est. tempo de leitura":"4 minutos"},"schema":{"@context":"https:\/\/schema.org","@graph":[{"@type":"WebPage","@id":"https:\/\/www.encontraalphaville.com.br\/guia\/vendas-residenciais-sp-tem-o-6o-m%c2%b2-mais-caro-em-janeiro-barueri-o-7o\/","url":"https:\/\/www.encontraalphaville.com.br\/guia\/vendas-residenciais-sp-tem-o-6o-m%c2%b2-mais-caro-em-janeiro-barueri-o-7o\/","name":"Vendas residenciais: SP tem o 6\u00ba m\u00b2 mais caro em janeiro. Barueri, o 7\u00ba | Guia Comercial de Alphaville SP","isPartOf":{"@id":"https:\/\/www.encontraalphaville.com.br\/guia\/#website"},"primaryImageOfPage":{"@id":"https:\/\/www.encontraalphaville.com.br\/guia\/vendas-residenciais-sp-tem-o-6o-m%c2%b2-mais-caro-em-janeiro-barueri-o-7o\/#primaryimage"},"image":{"@id":"https:\/\/www.encontraalphaville.com.br\/guia\/vendas-residenciais-sp-tem-o-6o-m%c2%b2-mais-caro-em-janeiro-barueri-o-7o\/#primaryimage"},"thumbnailUrl":"https:\/\/www.encontraalphaville.com.br\/guia\/wp-content\/uploads\/2026\/02\/vendas-residenciais-sp-tem-o-6-m-mais-caro-em-janeiro-barueri-o-7.webp","datePublished":"2026-02-08T15:04:48+00:00","author":{"@id":"https:\/\/www.encontraalphaville.com.br\/guia\/#\/schema\/person\/a48592ba2de82cdaeeef25afa1c4bc6a"},"inLanguage":"pt-BR","potentialAction":[{"@type":"ReadAction","target":["https:\/\/www.encontraalphaville.com.br\/guia\/vendas-residenciais-sp-tem-o-6o-m%c2%b2-mais-caro-em-janeiro-barueri-o-7o\/"]}]},{"@type":"ImageObject","inLanguage":"pt-BR","@id":"https:\/\/www.encontraalphaville.com.br\/guia\/vendas-residenciais-sp-tem-o-6o-m%c2%b2-mais-caro-em-janeiro-barueri-o-7o\/#primaryimage","url":"https:\/\/www.encontraalphaville.com.br\/guia\/wp-content\/uploads\/2026\/02\/vendas-residenciais-sp-tem-o-6-m-mais-caro-em-janeiro-barueri-o-7.webp","contentUrl":"https:\/\/www.encontraalphaville.com.br\/guia\/wp-content\/uploads\/2026\/02\/vendas-residenciais-sp-tem-o-6-m-mais-caro-em-janeiro-barueri-o-7.webp","width":280,"height":280,"caption":"vendas residenciais"},{"@type":"WebSite","@id":"https:\/\/www.encontraalphaville.com.br\/guia\/#website","url":"https:\/\/www.encontraalphaville.com.br\/guia\/","name":"Guia Comercial de Alphaville SP","description":"ENCONTRA ALPHAVILLE - O guia comercial de neg\u00f3cios e empresas, cultura e divers\u00e3o no bairro de Alphaville. Feito 100% para voc\u00ea morador!","potentialAction":[{"@type":"SearchAction","target":{"@type":"EntryPoint","urlTemplate":"https:\/\/www.encontraalphaville.com.br\/guia\/?s={search_term_string}"},"query-input":{"@type":"PropertyValueSpecification","valueRequired":true,"valueName":"search_term_string"}}],"inLanguage":"pt-BR"},{"@type":"Person","@id":"https:\/\/www.encontraalphaville.com.br\/guia\/#\/schema\/person\/a48592ba2de82cdaeeef25afa1c4bc6a","name":"Encontra Alphaville","image":{"@type":"ImageObject","inLanguage":"pt-BR","@id":"https:\/\/www.encontraalphaville.com.br\/guia\/#\/schema\/person\/image\/","url":"https:\/\/secure.gravatar.com\/avatar\/c50c17820bcf322f0a8fd6b110b8c0918141409dc69076470f6fca5fee70a5d4?s=96&d=mm&r=g","contentUrl":"https:\/\/secure.gravatar.com\/avatar\/c50c17820bcf322f0a8fd6b110b8c0918141409dc69076470f6fca5fee70a5d4?s=96&d=mm&r=g","caption":"Encontra Alphaville"},"url":"https:\/\/www.encontraalphaville.com.br\/guia\/author\/encontraalphaville\/"}]}},"_links":{"self":[{"href":"https:\/\/www.encontraalphaville.com.br\/guia\/wp-json\/wp\/v2\/posts\/6356","targetHints":{"allow":["GET"]}}],"collection":[{"href":"https:\/\/www.encontraalphaville.com.br\/guia\/wp-json\/wp\/v2\/posts"}],"about":[{"href":"https:\/\/www.encontraalphaville.com.br\/guia\/wp-json\/wp\/v2\/types\/post"}],"author":[{"embeddable":true,"href":"https:\/\/www.encontraalphaville.com.br\/guia\/wp-json\/wp\/v2\/users\/1"}],"replies":[{"embeddable":true,"href":"https:\/\/www.encontraalphaville.com.br\/guia\/wp-json\/wp\/v2\/comments?post=6356"}],"version-history":[{"count":0,"href":"https:\/\/www.encontraalphaville.com.br\/guia\/wp-json\/wp\/v2\/posts\/6356\/revisions"}],"wp:featuredmedia":[{"embeddable":true,"href":"https:\/\/www.encontraalphaville.com.br\/guia\/wp-json\/wp\/v2\/media\/6355"}],"wp:attachment":[{"href":"https:\/\/www.encontraalphaville.com.br\/guia\/wp-json\/wp\/v2\/media?parent=6356"}],"wp:term":[{"taxonomy":"category","embeddable":true,"href":"https:\/\/www.encontraalphaville.com.br\/guia\/wp-json\/wp\/v2\/categories?post=6356"},{"taxonomy":"post_tag","embeddable":true,"href":"https:\/\/www.encontraalphaville.com.br\/guia\/wp-json\/wp\/v2\/tags?post=6356"}],"curies":[{"name":"wp","href":"https:\/\/api.w.org\/{rel}","templated":true}]}}