{"id":6354,"date":"2026-02-08T12:03:22","date_gmt":"2026-02-08T15:03:22","guid":{"rendered":"https:\/\/www.encontraalphaville.com.br\/guia\/santana-de-parnaiba-recebe-premio-prefeito-inovador-por-projeto-de-energia-solar\/"},"modified":"2026-02-08T12:03:22","modified_gmt":"2026-02-08T15:03:22","slug":"santana-de-parnaiba-recebe-premio-prefeito-inovador-por-projeto-de-energia-solar","status":"publish","type":"post","link":"https:\/\/www.encontraalphaville.com.br\/guia\/santana-de-parnaiba-recebe-premio-prefeito-inovador-por-projeto-de-energia-solar\/","title":{"rendered":"Santana de Parna\u00edba recebe Pr\u00eamio Prefeito Inovador por projeto de energia solar"},"content":{"rendered":"<h2>Energia Solar: Uma Revolu\u00e7\u00e3o Sustent\u00e1vel<\/h2>\n<p>A energia solar vem se firmando como uma op\u00e7\u00e3o vi\u00e1vel e sustent\u00e1vel para a produ\u00e7\u00e3o de energia, ganhando espa\u00e7o no cen\u00e1rio sustent\u00e1vel das cidades brasileiras. O projeto de instala\u00e7\u00e3o de pain\u00e9is solares em pr\u00e9dios p\u00fablicos de Santana de Parna\u00edba \u00e9 um exemplo claro dessa tend\u00eancia, promovendo n\u00e3o apenas a economia nas contas p\u00fablicas, mas tamb\u00e9m contribuindo para a preserva\u00e7\u00e3o do meio ambiente.<\/p>\n<p>A utiliza\u00e7\u00e3o de energia solar n\u00e3o representa apenas um ato econ\u00f4mico, mas sim um avan\u00e7o significativo em dire\u00e7\u00e3o \u00e0 sustentabilidade e inova\u00e7\u00e3o no setor p\u00fablico. A efici\u00eancia dos pain\u00e9is solares e sua capacidade de gera\u00e7\u00e3o de energia limpa s\u00e3o fatores que contribuem decisivamente para a redu\u00e7\u00f5es de custos no longo prazo e melhor utiliza\u00e7\u00e3o dos recursos naturais dispon\u00edveis.<\/p>\n<h2>A Premia\u00e7\u00e3o e seu Significado<\/h2>\n<p>O Pr\u00eamio Prefeito Inovador, concedido \u00e0 Prefeitura de Santana de Parna\u00edba, reafirma a import\u00e2ncia de iniciativas como a instala\u00e7\u00e3o de pain\u00e9is solares. Este reconhecimento, promovido pela Rede Cidade Digital, traz \u00e0 tona a relev\u00e2ncia de solu\u00e7\u00f5es tecnol\u00f3gicas que visam uma gest\u00e3o p\u00fablica mais eficiente, moderna e conectada \u00e0s necessidades da comunidade.<\/p>\n<p><img decoding=\"async\" src=\"https:\/\/www.encontraalphaville.com.br\/guia\/wp-content\/uploads\/2026\/02\/santana-de-parnaiba-recebe-premio-prefeito-inovador-por-projeto-de-energia-solar.webp\" alt=\"Pr\u00eamio Prefeito Inovador\" loading=\"lazy\" \/><\/p>\n<p>Este pr\u00eamio n\u00e3o \u00e9 apenas uma honraria, mas uma valida\u00e7\u00e3o das pol\u00edticas p\u00fablicas implementadas para promover um desenvolvimento sustent\u00e1vel e respons\u00e1vel. Ao receber esta premia\u00e7\u00e3o, Santana de Parna\u00edba se posiciona como um modelo a ser seguido por outras cidades que buscam implementa\u00e7\u00f5es semelhantes.<\/p>\n<h2>Como Santana de Parna\u00edba se Destacou<\/h2>\n<p>O destaque de Santana de Parna\u00edba no cen\u00e1rio nacional se deve a um conjunto de fatores que incluem planejamento estrat\u00e9gico, investimento em tecnologia solar e a participa\u00e7\u00e3o ativa da comunidade no acompanhamento e suporte \u00e0s iniciativas. A implementa\u00e7\u00e3o de pain\u00e9is solares em escolas e outros pr\u00e9dios p\u00fablicos n\u00e3o apenas economiza recursos, mas tamb\u00e9m educa e conscientiza a popula\u00e7\u00e3o sobre as vantagens da energia limpa.<\/p>\n<p>Al\u00e9m disso, as a\u00e7\u00f5es empreendidas por Santana de Parna\u00edba resultam em uma redu\u00e7\u00e3o significativa nas emiss\u00f5es de poluentes, contribuindo para a melhoria da qualidade do ar e promovendo um ambiente mais saud\u00e1vel e sustent\u00e1vel para as novas gera\u00e7\u00f5es.<\/p>\n<h2>O Papel da Tecnologia na Efici\u00eancia Energ\u00e9tica<\/h2>\n<p>A tecnologia desempenha um papel fundamental na transi\u00e7\u00e3o para a energia solar. Em Santana de Parna\u00edba, os sistemas de monitoramento e controle da gera\u00e7\u00e3o de energia foram incorporados para garantir que a opera\u00e7\u00e3o dos pain\u00e9is solares seja otimizada ao m\u00e1ximo. Isso n\u00e3o s\u00f3 maximiza o uso da energia capturada, mas tamb\u00e9m permite uma an\u00e1lise detalhada dos dados, ajudando a identificar \u00e1reas de aprimoramento nas opera\u00e7\u00f5es futuras.<\/p>\n<p>Com o uso dessas tecnologias, a cidade se torna mais eficiente em sua utiliza\u00e7\u00e3o de recursos, reduzindo custos e garantindo uma gest\u00e3o ambiental mais respons\u00e1vel.<\/p>\n<h2>A Import\u00e2ncia de Projetos Sustent\u00e1veis<\/h2>\n<p>Os projetos sustent\u00e1veis, como o de energia solar em Santana de Parna\u00edba, s\u00e3o essenciais para a constru\u00e7\u00e3o de um futuro melhor. Eles promovem n\u00e3o apenas a inova\u00e7\u00e3o, mas tamb\u00e9m a responsabilidade social e ambiental dos governos locais. A sustentabilidade traz benef\u00edcios substanciais, como:<\/p>\n<ul>\n<li><strong>Redu\u00e7\u00e3o de Custos:<\/strong> A economia gerada pelo uso da energia solar pode ser reinvestida em outras \u00e1reas essenciais da administra\u00e7\u00e3o p\u00fablica.<\/li>\n<li><strong>Preserva\u00e7\u00e3o Ambiental:<\/strong> A diminui\u00e7\u00e3o da depend\u00eancia de combust\u00edveis f\u00f3sseis ajuda a proteger os ecossistemas.<\/li>\n<li><strong>Desenvolvimento Sustent\u00e1vel:<\/strong> Os projetos s\u00e3o um exemplo de como \u00e9 poss\u00edvel alavancar o crescimento econ\u00f4mico ao mesmo tempo que se conserva o meio ambiente.<\/li>\n<\/ul>\n<h2>Feedback da Comunidade sobre o Projeto<\/h2>\n<p>A recep\u00e7\u00e3o da comunidade em rela\u00e7\u00e3o ao projeto de energia solar tem sido amplamente positiva. Muitos cidad\u00e3os veem com bons olhos as iniciativas que contribuem para a economia p\u00fablica e para um ambiente mais limpo. Relatos de moradores destacam a import\u00e2ncia da conscientiza\u00e7\u00e3o sobre as alternativas energ\u00e9ticas e como essas a\u00e7\u00f5es podem impactar diretamente suas vidas.<\/p>\n<p>Al\u00e9m disso, h\u00e1 um sentimento de orgulho por parte da popula\u00e7\u00e3o, que se v\u00ea representada em um contexto de inova\u00e7\u00e3o e cuidado com o futuro. A participa\u00e7\u00e3o em eventos, palestras e outras formas de engajamento comunit\u00e1rio refor\u00e7am essa conex\u00e3o com os projetos de energia limpa.<\/p>\n<h2>Impactos Econ\u00f4micos da Energia Solar<\/h2>\n<p>Os impactos econ\u00f4micos gerados pela ado\u00e7\u00e3o da energia solar s\u00e3o multilaterais. Santana de Parna\u00edba, ao implementar solu\u00e7\u00f5es sustent\u00e1veis, n\u00e3o s\u00f3 colhe os frutos dessa inova\u00e7\u00e3o no \u00e2mbito econ\u00f4mico, mas tamb\u00e9m melhora sua imagem como cidade respons\u00e1vel. Entre os principais impactos est\u00e3o:<\/p>\n<ul>\n<li><strong>Cria\u00e7\u00e3o de Empregos:<\/strong> Os projetos em energia solar geram novas oportunidades de trabalho, desde a fase de instala\u00e7\u00e3o at\u00e9 a manuten\u00e7\u00e3o dos sistemas.<\/li>\n<li><strong>Redu\u00e7\u00e3o de Despesas:<\/strong> Com a diminui\u00e7\u00e3o dos custos relacionados ao consumo de energia el\u00e9trica, a prefeitura pode reverter recursos para outras \u00e1reas essenciais.<\/li>\n<li><strong>Valoriza\u00e7\u00e3o Imobili\u00e1ria:<\/strong> A energia solar pode valorizar im\u00f3veis na regi\u00e3o, tornando a cidade mais atraente para novos residentes e investidores.<\/li>\n<\/ul>\n<h2>Eventos Relacionados ao Desenvolvimento Sustent\u00e1vel<\/h2>\n<p>O F\u00f3rum de Cidades Digitais e Inteligentes, onde o reconhecimento foi entregue, representa um marco importante para as cidades que buscam inova\u00e7\u00e3o. Nesse tipo de evento, profissionais de v\u00e1rias \u00e1reas, incluindo tecnologia e gest\u00e3o p\u00fablica, se re\u00fanem para compartilhar melhores pr\u00e1ticas e discutir solu\u00e7\u00f5es eficazes para o desenvolvimento urbano.<\/p>\n<p>Esses eventos promovem o interc\u00e2mbio de experi\u00eancias e o fortalecimento de redes de ajuda, permitindo que as cidades aprendam umas com as outras e se desenvolvam de maneira equilibrada e sustent\u00e1vel.<\/p>\n<h2>Perspectivas Futuras para a Energia Limpa<\/h2>\n<p>Com a crescente demanda por solu\u00e7\u00f5es energ\u00e9ticas limpas, Santana de Parna\u00edba se posiciona para expandir suas iniciativas em energia solar. Com a experi\u00eancia adquirida, a cidade possui um caminho claro \u00e0 frente para explorar novas tecnologias e parcerias, visando aumentar ainda mais a efici\u00eancia energ\u00e9tica em suas opera\u00e7\u00f5es.<\/p>\n<p>As perspectivas incluem n\u00e3o apenas ampliar a instala\u00e7\u00e3o de pain\u00e9is solares, mas tamb\u00e9m fomentar a pesquisa e desenvolvimento de solu\u00e7\u00f5es inovadoras que possam ser replicadas em outras cidades e estados do Brasil.<\/p>\n<h2>Celebra\u00e7\u00e3o do Reconhecimento no F\u00f3rum de Cidades Digitais<\/h2>\n<p>O reconhecimento recebido pela Prefeitura de Santana de Parna\u00edba no F\u00f3rum de Cidades Digitais e Inteligentes foi celebrado por todos os envolvidos no projeto. A cerim\u00f4nia marcou um ponto alto nas iniciativas voltadas para energia limpa e inova\u00e7\u00e3o, e sua repercuss\u00e3o positiva pode ser vista em diversas m\u00eddias locais e nacionais.<\/p>\n<p>Esse tipo de reconhecimento \u00e9 fundamental para motivar outras administra\u00e7\u00f5es a tamb\u00e9m darem passos em dire\u00e7\u00e3o a pr\u00e1ticas sustent\u00e1veis e inovadoras, impactando positivamente n\u00e3o s\u00f3 a economia local, mas tamb\u00e9m o meio ambiente e a sociedade em geral.<\/p>\n","protected":false},"excerpt":{"rendered":"<p>Santana de Parna\u00edba ganha Pr\u00eamio Prefeito Inovador por projeto de energia solar.<\/p>\n","protected":false},"author":1,"featured_media":6353,"comment_status":"open","ping_status":"open","sticky":false,"template":"","format":"standard","meta":{"footnotes":""},"categories":[5],"tags":[],"class_list":["post-6354","post","type-post","status-publish","format-standard","has-post-thumbnail","hentry","category-noticias","has_thumb"],"yoast_head":"<!-- This site is optimized with the Yoast SEO plugin v26.4 - https:\/\/yoast.com\/wordpress\/plugins\/seo\/ -->\n<title>Santana de Parna\u00edba recebe Pr\u00eamio Prefeito Inovador por projeto de energia solar | Guia Comercial de Alphaville SP<\/title>\n<meta name=\"robots\" content=\"index, follow, max-snippet:-1, max-image-preview:large, max-video-preview:-1\" \/>\n<link rel=\"canonical\" href=\"https:\/\/www.encontraalphaville.com.br\/guia\/santana-de-parnaiba-recebe-premio-prefeito-inovador-por-projeto-de-energia-solar\/\" \/>\n<meta property=\"og:locale\" content=\"pt_BR\" \/>\n<meta property=\"og:type\" content=\"article\" \/>\n<meta property=\"og:title\" content=\"Santana de Parna\u00edba recebe Pr\u00eamio Prefeito Inovador por projeto de energia solar | Guia Comercial de Alphaville SP\" \/>\n<meta property=\"og:description\" content=\"Santana de Parna\u00edba ganha Pr\u00eamio Prefeito Inovador por projeto de energia solar.\" \/>\n<meta property=\"og:url\" content=\"https:\/\/www.encontraalphaville.com.br\/guia\/santana-de-parnaiba-recebe-premio-prefeito-inovador-por-projeto-de-energia-solar\/\" \/>\n<meta property=\"og:site_name\" content=\"Guia Comercial de Alphaville SP\" \/>\n<meta property=\"article:published_time\" content=\"2026-02-08T15:03:22+00:00\" \/>\n<meta property=\"og:image\" content=\"https:\/\/www.encontraalphaville.com.br\/guia\/wp-content\/uploads\/2026\/02\/santana-de-parnaiba-recebe-premio-prefeito-inovador-por-projeto-de-energia-solar.webp\" \/>\n<meta name=\"author\" content=\"Encontra Alphaville\" \/>\n<meta name=\"twitter:card\" content=\"summary_large_image\" \/>\n<meta name=\"twitter:label1\" content=\"Escrito por\" \/>\n\t<meta name=\"twitter:data1\" content=\"Encontra Alphaville\" \/>\n\t<meta name=\"twitter:label2\" content=\"Est. tempo de leitura\" \/>\n\t<meta name=\"twitter:data2\" content=\"6 minutos\" \/>\n<script type=\"application\/ld+json\" class=\"yoast-schema-graph\">{\"@context\":\"https:\/\/schema.org\",\"@graph\":[{\"@type\":\"WebPage\",\"@id\":\"https:\/\/www.encontraalphaville.com.br\/guia\/santana-de-parnaiba-recebe-premio-prefeito-inovador-por-projeto-de-energia-solar\/\",\"url\":\"https:\/\/www.encontraalphaville.com.br\/guia\/santana-de-parnaiba-recebe-premio-prefeito-inovador-por-projeto-de-energia-solar\/\",\"name\":\"Santana de Parna\u00edba recebe Pr\u00eamio Prefeito Inovador por projeto de energia solar | Guia Comercial de Alphaville SP\",\"isPartOf\":{\"@id\":\"https:\/\/www.encontraalphaville.com.br\/guia\/#website\"},\"primaryImageOfPage\":{\"@id\":\"https:\/\/www.encontraalphaville.com.br\/guia\/santana-de-parnaiba-recebe-premio-prefeito-inovador-por-projeto-de-energia-solar\/#primaryimage\"},\"image\":{\"@id\":\"https:\/\/www.encontraalphaville.com.br\/guia\/santana-de-parnaiba-recebe-premio-prefeito-inovador-por-projeto-de-energia-solar\/#primaryimage\"},\"thumbnailUrl\":\"https:\/\/www.encontraalphaville.com.br\/guia\/wp-content\/uploads\/2026\/02\/santana-de-parnaiba-recebe-premio-prefeito-inovador-por-projeto-de-energia-solar.webp\",\"datePublished\":\"2026-02-08T15:03:22+00:00\",\"author\":{\"@id\":\"https:\/\/www.encontraalphaville.com.br\/guia\/#\/schema\/person\/a48592ba2de82cdaeeef25afa1c4bc6a\"},\"inLanguage\":\"pt-BR\",\"potentialAction\":[{\"@type\":\"ReadAction\",\"target\":[\"https:\/\/www.encontraalphaville.com.br\/guia\/santana-de-parnaiba-recebe-premio-prefeito-inovador-por-projeto-de-energia-solar\/\"]}]},{\"@type\":\"ImageObject\",\"inLanguage\":\"pt-BR\",\"@id\":\"https:\/\/www.encontraalphaville.com.br\/guia\/santana-de-parnaiba-recebe-premio-prefeito-inovador-por-projeto-de-energia-solar\/#primaryimage\",\"url\":\"https:\/\/www.encontraalphaville.com.br\/guia\/wp-content\/uploads\/2026\/02\/santana-de-parnaiba-recebe-premio-prefeito-inovador-por-projeto-de-energia-solar.webp\",\"contentUrl\":\"https:\/\/www.encontraalphaville.com.br\/guia\/wp-content\/uploads\/2026\/02\/santana-de-parnaiba-recebe-premio-prefeito-inovador-por-projeto-de-energia-solar.webp\",\"width\":280,\"height\":280,\"caption\":\"Pr\u00eamio Prefeito Inovador\"},{\"@type\":\"WebSite\",\"@id\":\"https:\/\/www.encontraalphaville.com.br\/guia\/#website\",\"url\":\"https:\/\/www.encontraalphaville.com.br\/guia\/\",\"name\":\"Guia Comercial de Alphaville SP\",\"description\":\"ENCONTRA ALPHAVILLE - O guia comercial de neg\u00f3cios e empresas, cultura e divers\u00e3o no bairro de Alphaville. Feito 100% para voc\u00ea morador!\",\"potentialAction\":[{\"@type\":\"SearchAction\",\"target\":{\"@type\":\"EntryPoint\",\"urlTemplate\":\"https:\/\/www.encontraalphaville.com.br\/guia\/?s={search_term_string}\"},\"query-input\":{\"@type\":\"PropertyValueSpecification\",\"valueRequired\":true,\"valueName\":\"search_term_string\"}}],\"inLanguage\":\"pt-BR\"},{\"@type\":\"Person\",\"@id\":\"https:\/\/www.encontraalphaville.com.br\/guia\/#\/schema\/person\/a48592ba2de82cdaeeef25afa1c4bc6a\",\"name\":\"Encontra Alphaville\",\"image\":{\"@type\":\"ImageObject\",\"inLanguage\":\"pt-BR\",\"@id\":\"https:\/\/www.encontraalphaville.com.br\/guia\/#\/schema\/person\/image\/\",\"url\":\"https:\/\/secure.gravatar.com\/avatar\/c50c17820bcf322f0a8fd6b110b8c0918141409dc69076470f6fca5fee70a5d4?s=96&d=mm&r=g\",\"contentUrl\":\"https:\/\/secure.gravatar.com\/avatar\/c50c17820bcf322f0a8fd6b110b8c0918141409dc69076470f6fca5fee70a5d4?s=96&d=mm&r=g\",\"caption\":\"Encontra Alphaville\"},\"url\":\"https:\/\/www.encontraalphaville.com.br\/guia\/author\/encontraalphaville\/\"}]}<\/script>\n<!-- \/ Yoast SEO plugin. -->","yoast_head_json":{"title":"Santana de Parna\u00edba recebe Pr\u00eamio Prefeito Inovador por projeto de energia solar | Guia Comercial de Alphaville SP","robots":{"index":"index","follow":"follow","max-snippet":"max-snippet:-1","max-image-preview":"max-image-preview:large","max-video-preview":"max-video-preview:-1"},"canonical":"https:\/\/www.encontraalphaville.com.br\/guia\/santana-de-parnaiba-recebe-premio-prefeito-inovador-por-projeto-de-energia-solar\/","og_locale":"pt_BR","og_type":"article","og_title":"Santana de Parna\u00edba recebe Pr\u00eamio Prefeito Inovador por projeto de energia solar | Guia Comercial de Alphaville SP","og_description":"Santana de Parna\u00edba ganha Pr\u00eamio Prefeito Inovador por projeto de energia solar.","og_url":"https:\/\/www.encontraalphaville.com.br\/guia\/santana-de-parnaiba-recebe-premio-prefeito-inovador-por-projeto-de-energia-solar\/","og_site_name":"Guia Comercial de Alphaville SP","article_published_time":"2026-02-08T15:03:22+00:00","og_image":[{"url":"https:\/\/www.encontraalphaville.com.br\/guia\/wp-content\/uploads\/2026\/02\/santana-de-parnaiba-recebe-premio-prefeito-inovador-por-projeto-de-energia-solar.webp","type":"","width":"","height":""}],"author":"Encontra Alphaville","twitter_card":"summary_large_image","twitter_misc":{"Escrito por":"Encontra Alphaville","Est. tempo de leitura":"6 minutos"},"schema":{"@context":"https:\/\/schema.org","@graph":[{"@type":"WebPage","@id":"https:\/\/www.encontraalphaville.com.br\/guia\/santana-de-parnaiba-recebe-premio-prefeito-inovador-por-projeto-de-energia-solar\/","url":"https:\/\/www.encontraalphaville.com.br\/guia\/santana-de-parnaiba-recebe-premio-prefeito-inovador-por-projeto-de-energia-solar\/","name":"Santana de Parna\u00edba recebe Pr\u00eamio Prefeito Inovador por projeto de energia solar | Guia Comercial de Alphaville SP","isPartOf":{"@id":"https:\/\/www.encontraalphaville.com.br\/guia\/#website"},"primaryImageOfPage":{"@id":"https:\/\/www.encontraalphaville.com.br\/guia\/santana-de-parnaiba-recebe-premio-prefeito-inovador-por-projeto-de-energia-solar\/#primaryimage"},"image":{"@id":"https:\/\/www.encontraalphaville.com.br\/guia\/santana-de-parnaiba-recebe-premio-prefeito-inovador-por-projeto-de-energia-solar\/#primaryimage"},"thumbnailUrl":"https:\/\/www.encontraalphaville.com.br\/guia\/wp-content\/uploads\/2026\/02\/santana-de-parnaiba-recebe-premio-prefeito-inovador-por-projeto-de-energia-solar.webp","datePublished":"2026-02-08T15:03:22+00:00","author":{"@id":"https:\/\/www.encontraalphaville.com.br\/guia\/#\/schema\/person\/a48592ba2de82cdaeeef25afa1c4bc6a"},"inLanguage":"pt-BR","potentialAction":[{"@type":"ReadAction","target":["https:\/\/www.encontraalphaville.com.br\/guia\/santana-de-parnaiba-recebe-premio-prefeito-inovador-por-projeto-de-energia-solar\/"]}]},{"@type":"ImageObject","inLanguage":"pt-BR","@id":"https:\/\/www.encontraalphaville.com.br\/guia\/santana-de-parnaiba-recebe-premio-prefeito-inovador-por-projeto-de-energia-solar\/#primaryimage","url":"https:\/\/www.encontraalphaville.com.br\/guia\/wp-content\/uploads\/2026\/02\/santana-de-parnaiba-recebe-premio-prefeito-inovador-por-projeto-de-energia-solar.webp","contentUrl":"https:\/\/www.encontraalphaville.com.br\/guia\/wp-content\/uploads\/2026\/02\/santana-de-parnaiba-recebe-premio-prefeito-inovador-por-projeto-de-energia-solar.webp","width":280,"height":280,"caption":"Pr\u00eamio Prefeito Inovador"},{"@type":"WebSite","@id":"https:\/\/www.encontraalphaville.com.br\/guia\/#website","url":"https:\/\/www.encontraalphaville.com.br\/guia\/","name":"Guia Comercial de Alphaville SP","description":"ENCONTRA ALPHAVILLE - O guia comercial de neg\u00f3cios e empresas, cultura e divers\u00e3o no bairro de Alphaville. Feito 100% para voc\u00ea morador!","potentialAction":[{"@type":"SearchAction","target":{"@type":"EntryPoint","urlTemplate":"https:\/\/www.encontraalphaville.com.br\/guia\/?s={search_term_string}"},"query-input":{"@type":"PropertyValueSpecification","valueRequired":true,"valueName":"search_term_string"}}],"inLanguage":"pt-BR"},{"@type":"Person","@id":"https:\/\/www.encontraalphaville.com.br\/guia\/#\/schema\/person\/a48592ba2de82cdaeeef25afa1c4bc6a","name":"Encontra Alphaville","image":{"@type":"ImageObject","inLanguage":"pt-BR","@id":"https:\/\/www.encontraalphaville.com.br\/guia\/#\/schema\/person\/image\/","url":"https:\/\/secure.gravatar.com\/avatar\/c50c17820bcf322f0a8fd6b110b8c0918141409dc69076470f6fca5fee70a5d4?s=96&d=mm&r=g","contentUrl":"https:\/\/secure.gravatar.com\/avatar\/c50c17820bcf322f0a8fd6b110b8c0918141409dc69076470f6fca5fee70a5d4?s=96&d=mm&r=g","caption":"Encontra Alphaville"},"url":"https:\/\/www.encontraalphaville.com.br\/guia\/author\/encontraalphaville\/"}]}},"_links":{"self":[{"href":"https:\/\/www.encontraalphaville.com.br\/guia\/wp-json\/wp\/v2\/posts\/6354","targetHints":{"allow":["GET"]}}],"collection":[{"href":"https:\/\/www.encontraalphaville.com.br\/guia\/wp-json\/wp\/v2\/posts"}],"about":[{"href":"https:\/\/www.encontraalphaville.com.br\/guia\/wp-json\/wp\/v2\/types\/post"}],"author":[{"embeddable":true,"href":"https:\/\/www.encontraalphaville.com.br\/guia\/wp-json\/wp\/v2\/users\/1"}],"replies":[{"embeddable":true,"href":"https:\/\/www.encontraalphaville.com.br\/guia\/wp-json\/wp\/v2\/comments?post=6354"}],"version-history":[{"count":0,"href":"https:\/\/www.encontraalphaville.com.br\/guia\/wp-json\/wp\/v2\/posts\/6354\/revisions"}],"wp:featuredmedia":[{"embeddable":true,"href":"https:\/\/www.encontraalphaville.com.br\/guia\/wp-json\/wp\/v2\/media\/6353"}],"wp:attachment":[{"href":"https:\/\/www.encontraalphaville.com.br\/guia\/wp-json\/wp\/v2\/media?parent=6354"}],"wp:term":[{"taxonomy":"category","embeddable":true,"href":"https:\/\/www.encontraalphaville.com.br\/guia\/wp-json\/wp\/v2\/categories?post=6354"},{"taxonomy":"post_tag","embeddable":true,"href":"https:\/\/www.encontraalphaville.com.br\/guia\/wp-json\/wp\/v2\/tags?post=6354"}],"curies":[{"name":"wp","href":"https:\/\/api.w.org\/{rel}","templated":true}]}}