{"id":6352,"date":"2026-02-07T12:07:39","date_gmt":"2026-02-07T15:07:39","guid":{"rendered":"https:\/\/www.encontraalphaville.com.br\/guia\/86-dos-motoristas-apontam-transito-como-principal-problema-de-alphaville-em-2026\/"},"modified":"2026-02-07T12:07:39","modified_gmt":"2026-02-07T15:07:39","slug":"86-dos-motoristas-apontam-transito-como-principal-problema-de-alphaville-em-2026","status":"publish","type":"post","link":"https:\/\/www.encontraalphaville.com.br\/guia\/86-dos-motoristas-apontam-transito-como-principal-problema-de-alphaville-em-2026\/","title":{"rendered":"86% dos motoristas apontam tr\u00e2nsito como principal problema de Alphaville em 2026"},"content":{"rendered":"<h2>Os N\u00fameros que Comprovam a Preocupa\u00e7\u00e3o<\/h2>\n<p>No dia 16 de janeiro de 2026, a Folha de Alphaville realizou uma enquete por meio de suas redes sociais, onde 86% dos motoristas entrevistados destacaram que o tr\u00e2nsito \u00e9 a maior preocupa\u00e7\u00e3o em Alphaville. A pesquisa contou com a participa\u00e7\u00e3o de mais de 200 moradores e motoristas da regi\u00e3o, refletindo um claro sentimento comum sobre a gravidade dos problemas relacionados ao tr\u00e1fego.<\/p>\n<p>Al\u00e9m disso, foi identificado que 87% do p\u00fablico acredita que os congestionamentos impactam negativamente seu dia a dia. Essa quantidade significativa evidencia a urg\u00eancia de solu\u00e7\u00f5es para essa quest\u00e3o cr\u00f4nica da mobilidade urbana na \u00e1rea.<\/p>\n<h2>Principais Causas do Caos no Tr\u00e2nsito<\/h2>\n<p>Diversos fatores contribuem para o agravamento do tr\u00e2nsito em Alphaville. As seguintes causas s\u00e3o as mais citadas:<\/p>\n<p><img decoding=\"async\" src=\"https:\/\/www.encontraalphaville.com.br\/guia\/wp-content\/uploads\/2026\/02\/86-dos-motoristas-apontam-transito-como-principal-problema-de-alphaville-em-2026.webp\" alt=\"tr\u00e2nsito em Alphaville\" loading=\"lazy\" \/><\/p>\n<ul>\n<li><strong>Infraestrutura Inadequada:<\/strong> A amplia\u00e7\u00e3o das vias marginais da Rodovia Castello Branco \u00e9 uma tentativa de mitigar o problema, no entanto, ainda est\u00e1 em andamento e as obras geram n\u00e3o apenas transtornos, mas tamb\u00e9m congestionamentos frequentes.<\/li>\n<li><strong>Crescimento Populacional:<\/strong> O aumento na popula\u00e7\u00e3o local e, portanto, no n\u00famero de ve\u00edculos nas ruas, \u00e9 significativo e n\u00e3o foi acompanhado por melhorias proporcionais na infraestrutura vi\u00e1ria.<\/li>\n<li><strong>Obras Persistentes:<\/strong> As obras nos trevos de Alphaville e Barueri, com previs\u00e3o de finaliza\u00e7\u00e3o para 2025, continuam a causar interrup\u00e7\u00f5es e lentid\u00e3o no tr\u00e1fego.<\/li>\n<\/ul>\n<h2>Impactos na Mobilidade Urbana em Alphaville<\/h2>\n<p>Os efeitos do tr\u00e2nsito congestionado v\u00e3o al\u00e9m do simples atraso; a mobilidade urbana \u00e9 fortemente afetada, resultando em uma s\u00e9rie de consequ\u00eancias negativas para os motoristas e moradores:<\/p>\n<ul>\n<li><strong>Aumento do Estresse:<\/strong> O tempo excessivo spendido no tr\u00e2nsito gera impaci\u00eancia e estresse nos motoristas, prejudicando a sa\u00fade mental.<\/li>\n<li><strong>Perda de Tempo:<\/strong> Diariamente, muitos motoristas enfrentam longas esperas, o que consome valiosas horas de suas vidas.<\/li>\n<li><strong>Polui\u00e7\u00e3o do Ar:<\/strong> O aumento do tempo em que os ve\u00edculos ficam parados gera maior emiss\u00e3o de poluentes, acarretando problemas ambientais e de sa\u00fade p\u00fablica.<\/li>\n<\/ul>\n<h2>Resultados da Enquete: O Que os Motoristas Pensam<\/h2>\n<p>A pesquisa revelou que n\u00e3o apenas o tr\u00e1fego \u00e9 um problema. A seguran\u00e7a tamb\u00e9m foi mencionada por 11% dos participantes; ainda assim, a prioridade absoluta \u00e9 a mobilidade. Os cidad\u00e3os demonstram um desejo urgente de melhorias significativas nas condi\u00e7\u00f5es de tr\u00e1fego.<\/p>\n<p>Esse sentimento reflete uma necessidade de di\u00e1logo cont\u00ednuo entre a popula\u00e7\u00e3o e as autoridades locais, buscando solu\u00e7\u00f5es eficazes que possam trazer melhorias a curto, m\u00e9dio e longo prazo.<\/p>\n<h2>Obras e Melhorias: O Que Est\u00e1 Sendo Feito?<\/h2>\n<p>Em resposta aos problemas de congestionamento, as prefeituras de Barueri e Santana de Parna\u00edba est\u00e3o investindo em projetos de mobilidade urbana. Entre as iniciativas incluem-se:<\/p>\n<ul>\n<li><strong>Ponte Ch\u00e1caras Marco:<\/strong> Um projeto que visa unir o bairro Ch\u00e1caras Marco em Barueri com a Via Parque em Santana de Parna\u00edba, facilitando o fluxo de ve\u00edculos.<\/li>\n<li><strong>Duplica\u00e7\u00e3o da Estrada Bela Vista:<\/strong> Em Santana de Parna\u00edba, a duplica\u00e7\u00e3o visa aumentar a capacidade de tr\u00e2nsito na regi\u00e3o.<\/li>\n<li><strong>Ampla Melhoria na Avenida Yojiro Takaoka:<\/strong> Recentemente ampliada, essa avenida \u00e9 uma das principais art\u00e9rias de Alphaville, crucial para a mobilidade.<\/li>\n<\/ul>\n<h2>A Influ\u00eancia dos Congestionamentos na Rotina<\/h2>\n<p>Os congestionamentos constantes afetam a vida cotidiana dos moradores, tornando as atividades di\u00e1rias mais desafiadoras. A dificuldade em se deslocar impacta n\u00e3o apenas o trabalho, mas tamb\u00e9m compromete tempo para lazer e conviv\u00eancia familiar.<\/p>\n<h2>Expectativas para a Mobilidade em 2026<\/h2>\n<p>A previs\u00e3o para os pr\u00f3ximos anos aponta para tentativas de melhorias estruturais significativas. Com um olhar voltado para a tecnologia, espera-se que solu\u00e7\u00f5es como o projeto Smart+ em Santana de Parna\u00edba, que utiliza tecnologia e intelig\u00eancia artificial, possam contribuir para otimizar a mobilidade.<\/p>\n<h2>A Rela\u00e7\u00e3o entre Tr\u00e2nsito e Seguran\u00e7a na Regi\u00e3o<\/h2>\n<p>A seguran\u00e7a nas ruas de Alphaville est\u00e1 diretamente ligada \u00e0 efic\u00e1cia na gest\u00e3o do tr\u00e2nsito. A administra\u00e7\u00e3o municipal est\u00e1 ciente desse ponto e busca implementar a\u00e7\u00f5es que visem n\u00e3o s\u00f3 a melhoria no tr\u00e1fego, mas tamb\u00e9m um aumento na seguran\u00e7a dos motoristas e pedestres.<\/p>\n<p>As respostas dos motoristas aos desafios de tr\u00e2nsito com a seguran\u00e7a demonstram a necessidade de uma abordagem integrada que una esses dois aspectos.<\/p>\n<h2>O Papel das Prefeituras nas Solu\u00e7\u00f5es de Tr\u00e2nsito<\/h2>\n<p>As prefeituras s\u00e3o fundamentais na implementa\u00e7\u00e3o de melhorias de tr\u00e2nsito. Al\u00e9m das obras j\u00e1 descritas, a colabora\u00e7\u00e3o entre Barueri e Santana de Parna\u00edba \u00e9 crucial para a cria\u00e7\u00e3o de um tr\u00e2nsito mais fluido e seguro, atrav\u00e9s do planejamento e execu\u00e7\u00e3o de projetos que favore\u00e7am a mobilidade.<\/p>\n<h2>O Futuro do Tr\u00e2nsito em Alphaville: O Que Esperar?<\/h2>\n<p>Com a continuidade das obras e a implementa\u00e7\u00e3o de projetos que visem a melhoria na mobilidade urbana, espera-se que nos pr\u00f3ximos anos Alphaville se torne um lugar mais acess\u00edvel e menos congestionado. Monitora\u00e7\u00e3o constante e as respostas proativas das autoridades locais ser\u00e3o essenciais para alcan\u00e7ar essa meta.<\/p>\n","protected":false},"excerpt":{"rendered":"<p>Tr\u00e2nsito em Alphaville se destaca como o principal problema entre motoristas, revelando um cen\u00e1rio preocupante.<\/p>\n","protected":false},"author":1,"featured_media":6351,"comment_status":"open","ping_status":"open","sticky":false,"template":"","format":"standard","meta":{"footnotes":""},"categories":[5],"tags":[],"class_list":["post-6352","post","type-post","status-publish","format-standard","has-post-thumbnail","hentry","category-noticias","has_thumb"],"yoast_head":"<!-- This site is optimized with the Yoast SEO plugin v26.4 - https:\/\/yoast.com\/wordpress\/plugins\/seo\/ -->\n<title>86% dos motoristas apontam tr\u00e2nsito como principal problema de Alphaville em 2026 | Guia Comercial de Alphaville SP<\/title>\n<meta name=\"robots\" content=\"index, follow, max-snippet:-1, max-image-preview:large, max-video-preview:-1\" \/>\n<link rel=\"canonical\" href=\"https:\/\/www.encontraalphaville.com.br\/guia\/86-dos-motoristas-apontam-transito-como-principal-problema-de-alphaville-em-2026\/\" \/>\n<meta property=\"og:locale\" content=\"pt_BR\" \/>\n<meta property=\"og:type\" content=\"article\" \/>\n<meta property=\"og:title\" content=\"86% dos motoristas apontam tr\u00e2nsito como principal problema de Alphaville em 2026 | Guia Comercial de Alphaville SP\" \/>\n<meta property=\"og:description\" content=\"Tr\u00e2nsito em Alphaville se destaca como o principal problema entre motoristas, revelando um cen\u00e1rio preocupante.\" \/>\n<meta property=\"og:url\" content=\"https:\/\/www.encontraalphaville.com.br\/guia\/86-dos-motoristas-apontam-transito-como-principal-problema-de-alphaville-em-2026\/\" \/>\n<meta property=\"og:site_name\" content=\"Guia Comercial de Alphaville SP\" \/>\n<meta property=\"article:published_time\" content=\"2026-02-07T15:07:39+00:00\" \/>\n<meta property=\"og:image\" content=\"https:\/\/www.encontraalphaville.com.br\/guia\/wp-content\/uploads\/2026\/02\/86-dos-motoristas-apontam-transito-como-principal-problema-de-alphaville-em-2026.webp\" \/>\n<meta name=\"author\" content=\"Encontra Alphaville\" \/>\n<meta name=\"twitter:card\" content=\"summary_large_image\" \/>\n<meta name=\"twitter:label1\" content=\"Escrito por\" \/>\n\t<meta name=\"twitter:data1\" content=\"Encontra Alphaville\" \/>\n\t<meta name=\"twitter:label2\" content=\"Est. tempo de leitura\" \/>\n\t<meta name=\"twitter:data2\" content=\"4 minutos\" \/>\n<script type=\"application\/ld+json\" class=\"yoast-schema-graph\">{\"@context\":\"https:\/\/schema.org\",\"@graph\":[{\"@type\":\"WebPage\",\"@id\":\"https:\/\/www.encontraalphaville.com.br\/guia\/86-dos-motoristas-apontam-transito-como-principal-problema-de-alphaville-em-2026\/\",\"url\":\"https:\/\/www.encontraalphaville.com.br\/guia\/86-dos-motoristas-apontam-transito-como-principal-problema-de-alphaville-em-2026\/\",\"name\":\"86% dos motoristas apontam tr\u00e2nsito como principal problema de Alphaville em 2026 | Guia Comercial de Alphaville SP\",\"isPartOf\":{\"@id\":\"https:\/\/www.encontraalphaville.com.br\/guia\/#website\"},\"primaryImageOfPage\":{\"@id\":\"https:\/\/www.encontraalphaville.com.br\/guia\/86-dos-motoristas-apontam-transito-como-principal-problema-de-alphaville-em-2026\/#primaryimage\"},\"image\":{\"@id\":\"https:\/\/www.encontraalphaville.com.br\/guia\/86-dos-motoristas-apontam-transito-como-principal-problema-de-alphaville-em-2026\/#primaryimage\"},\"thumbnailUrl\":\"https:\/\/www.encontraalphaville.com.br\/guia\/wp-content\/uploads\/2026\/02\/86-dos-motoristas-apontam-transito-como-principal-problema-de-alphaville-em-2026.webp\",\"datePublished\":\"2026-02-07T15:07:39+00:00\",\"author\":{\"@id\":\"https:\/\/www.encontraalphaville.com.br\/guia\/#\/schema\/person\/a48592ba2de82cdaeeef25afa1c4bc6a\"},\"inLanguage\":\"pt-BR\",\"potentialAction\":[{\"@type\":\"ReadAction\",\"target\":[\"https:\/\/www.encontraalphaville.com.br\/guia\/86-dos-motoristas-apontam-transito-como-principal-problema-de-alphaville-em-2026\/\"]}]},{\"@type\":\"ImageObject\",\"inLanguage\":\"pt-BR\",\"@id\":\"https:\/\/www.encontraalphaville.com.br\/guia\/86-dos-motoristas-apontam-transito-como-principal-problema-de-alphaville-em-2026\/#primaryimage\",\"url\":\"https:\/\/www.encontraalphaville.com.br\/guia\/wp-content\/uploads\/2026\/02\/86-dos-motoristas-apontam-transito-como-principal-problema-de-alphaville-em-2026.webp\",\"contentUrl\":\"https:\/\/www.encontraalphaville.com.br\/guia\/wp-content\/uploads\/2026\/02\/86-dos-motoristas-apontam-transito-como-principal-problema-de-alphaville-em-2026.webp\",\"width\":280,\"height\":280,\"caption\":\"tr\u00e2nsito em Alphaville\"},{\"@type\":\"WebSite\",\"@id\":\"https:\/\/www.encontraalphaville.com.br\/guia\/#website\",\"url\":\"https:\/\/www.encontraalphaville.com.br\/guia\/\",\"name\":\"Guia Comercial de Alphaville SP\",\"description\":\"ENCONTRA ALPHAVILLE - O guia comercial de neg\u00f3cios e empresas, cultura e divers\u00e3o no bairro de Alphaville. Feito 100% para voc\u00ea morador!\",\"potentialAction\":[{\"@type\":\"SearchAction\",\"target\":{\"@type\":\"EntryPoint\",\"urlTemplate\":\"https:\/\/www.encontraalphaville.com.br\/guia\/?s={search_term_string}\"},\"query-input\":{\"@type\":\"PropertyValueSpecification\",\"valueRequired\":true,\"valueName\":\"search_term_string\"}}],\"inLanguage\":\"pt-BR\"},{\"@type\":\"Person\",\"@id\":\"https:\/\/www.encontraalphaville.com.br\/guia\/#\/schema\/person\/a48592ba2de82cdaeeef25afa1c4bc6a\",\"name\":\"Encontra Alphaville\",\"image\":{\"@type\":\"ImageObject\",\"inLanguage\":\"pt-BR\",\"@id\":\"https:\/\/www.encontraalphaville.com.br\/guia\/#\/schema\/person\/image\/\",\"url\":\"https:\/\/secure.gravatar.com\/avatar\/c50c17820bcf322f0a8fd6b110b8c0918141409dc69076470f6fca5fee70a5d4?s=96&d=mm&r=g\",\"contentUrl\":\"https:\/\/secure.gravatar.com\/avatar\/c50c17820bcf322f0a8fd6b110b8c0918141409dc69076470f6fca5fee70a5d4?s=96&d=mm&r=g\",\"caption\":\"Encontra Alphaville\"},\"url\":\"https:\/\/www.encontraalphaville.com.br\/guia\/author\/encontraalphaville\/\"}]}<\/script>\n<!-- \/ Yoast SEO plugin. -->","yoast_head_json":{"title":"86% dos motoristas apontam tr\u00e2nsito como principal problema de Alphaville em 2026 | Guia Comercial de Alphaville SP","robots":{"index":"index","follow":"follow","max-snippet":"max-snippet:-1","max-image-preview":"max-image-preview:large","max-video-preview":"max-video-preview:-1"},"canonical":"https:\/\/www.encontraalphaville.com.br\/guia\/86-dos-motoristas-apontam-transito-como-principal-problema-de-alphaville-em-2026\/","og_locale":"pt_BR","og_type":"article","og_title":"86% dos motoristas apontam tr\u00e2nsito como principal problema de Alphaville em 2026 | Guia Comercial de Alphaville SP","og_description":"Tr\u00e2nsito em Alphaville se destaca como o principal problema entre motoristas, revelando um cen\u00e1rio preocupante.","og_url":"https:\/\/www.encontraalphaville.com.br\/guia\/86-dos-motoristas-apontam-transito-como-principal-problema-de-alphaville-em-2026\/","og_site_name":"Guia Comercial de Alphaville SP","article_published_time":"2026-02-07T15:07:39+00:00","og_image":[{"url":"https:\/\/www.encontraalphaville.com.br\/guia\/wp-content\/uploads\/2026\/02\/86-dos-motoristas-apontam-transito-como-principal-problema-de-alphaville-em-2026.webp","type":"","width":"","height":""}],"author":"Encontra Alphaville","twitter_card":"summary_large_image","twitter_misc":{"Escrito por":"Encontra Alphaville","Est. tempo de leitura":"4 minutos"},"schema":{"@context":"https:\/\/schema.org","@graph":[{"@type":"WebPage","@id":"https:\/\/www.encontraalphaville.com.br\/guia\/86-dos-motoristas-apontam-transito-como-principal-problema-de-alphaville-em-2026\/","url":"https:\/\/www.encontraalphaville.com.br\/guia\/86-dos-motoristas-apontam-transito-como-principal-problema-de-alphaville-em-2026\/","name":"86% dos motoristas apontam tr\u00e2nsito como principal problema de Alphaville em 2026 | Guia Comercial de Alphaville SP","isPartOf":{"@id":"https:\/\/www.encontraalphaville.com.br\/guia\/#website"},"primaryImageOfPage":{"@id":"https:\/\/www.encontraalphaville.com.br\/guia\/86-dos-motoristas-apontam-transito-como-principal-problema-de-alphaville-em-2026\/#primaryimage"},"image":{"@id":"https:\/\/www.encontraalphaville.com.br\/guia\/86-dos-motoristas-apontam-transito-como-principal-problema-de-alphaville-em-2026\/#primaryimage"},"thumbnailUrl":"https:\/\/www.encontraalphaville.com.br\/guia\/wp-content\/uploads\/2026\/02\/86-dos-motoristas-apontam-transito-como-principal-problema-de-alphaville-em-2026.webp","datePublished":"2026-02-07T15:07:39+00:00","author":{"@id":"https:\/\/www.encontraalphaville.com.br\/guia\/#\/schema\/person\/a48592ba2de82cdaeeef25afa1c4bc6a"},"inLanguage":"pt-BR","potentialAction":[{"@type":"ReadAction","target":["https:\/\/www.encontraalphaville.com.br\/guia\/86-dos-motoristas-apontam-transito-como-principal-problema-de-alphaville-em-2026\/"]}]},{"@type":"ImageObject","inLanguage":"pt-BR","@id":"https:\/\/www.encontraalphaville.com.br\/guia\/86-dos-motoristas-apontam-transito-como-principal-problema-de-alphaville-em-2026\/#primaryimage","url":"https:\/\/www.encontraalphaville.com.br\/guia\/wp-content\/uploads\/2026\/02\/86-dos-motoristas-apontam-transito-como-principal-problema-de-alphaville-em-2026.webp","contentUrl":"https:\/\/www.encontraalphaville.com.br\/guia\/wp-content\/uploads\/2026\/02\/86-dos-motoristas-apontam-transito-como-principal-problema-de-alphaville-em-2026.webp","width":280,"height":280,"caption":"tr\u00e2nsito em Alphaville"},{"@type":"WebSite","@id":"https:\/\/www.encontraalphaville.com.br\/guia\/#website","url":"https:\/\/www.encontraalphaville.com.br\/guia\/","name":"Guia Comercial de Alphaville SP","description":"ENCONTRA ALPHAVILLE - O guia comercial de neg\u00f3cios e empresas, cultura e divers\u00e3o no bairro de Alphaville. Feito 100% para voc\u00ea morador!","potentialAction":[{"@type":"SearchAction","target":{"@type":"EntryPoint","urlTemplate":"https:\/\/www.encontraalphaville.com.br\/guia\/?s={search_term_string}"},"query-input":{"@type":"PropertyValueSpecification","valueRequired":true,"valueName":"search_term_string"}}],"inLanguage":"pt-BR"},{"@type":"Person","@id":"https:\/\/www.encontraalphaville.com.br\/guia\/#\/schema\/person\/a48592ba2de82cdaeeef25afa1c4bc6a","name":"Encontra Alphaville","image":{"@type":"ImageObject","inLanguage":"pt-BR","@id":"https:\/\/www.encontraalphaville.com.br\/guia\/#\/schema\/person\/image\/","url":"https:\/\/secure.gravatar.com\/avatar\/c50c17820bcf322f0a8fd6b110b8c0918141409dc69076470f6fca5fee70a5d4?s=96&d=mm&r=g","contentUrl":"https:\/\/secure.gravatar.com\/avatar\/c50c17820bcf322f0a8fd6b110b8c0918141409dc69076470f6fca5fee70a5d4?s=96&d=mm&r=g","caption":"Encontra Alphaville"},"url":"https:\/\/www.encontraalphaville.com.br\/guia\/author\/encontraalphaville\/"}]}},"_links":{"self":[{"href":"https:\/\/www.encontraalphaville.com.br\/guia\/wp-json\/wp\/v2\/posts\/6352","targetHints":{"allow":["GET"]}}],"collection":[{"href":"https:\/\/www.encontraalphaville.com.br\/guia\/wp-json\/wp\/v2\/posts"}],"about":[{"href":"https:\/\/www.encontraalphaville.com.br\/guia\/wp-json\/wp\/v2\/types\/post"}],"author":[{"embeddable":true,"href":"https:\/\/www.encontraalphaville.com.br\/guia\/wp-json\/wp\/v2\/users\/1"}],"replies":[{"embeddable":true,"href":"https:\/\/www.encontraalphaville.com.br\/guia\/wp-json\/wp\/v2\/comments?post=6352"}],"version-history":[{"count":0,"href":"https:\/\/www.encontraalphaville.com.br\/guia\/wp-json\/wp\/v2\/posts\/6352\/revisions"}],"wp:featuredmedia":[{"embeddable":true,"href":"https:\/\/www.encontraalphaville.com.br\/guia\/wp-json\/wp\/v2\/media\/6351"}],"wp:attachment":[{"href":"https:\/\/www.encontraalphaville.com.br\/guia\/wp-json\/wp\/v2\/media?parent=6352"}],"wp:term":[{"taxonomy":"category","embeddable":true,"href":"https:\/\/www.encontraalphaville.com.br\/guia\/wp-json\/wp\/v2\/categories?post=6352"},{"taxonomy":"post_tag","embeddable":true,"href":"https:\/\/www.encontraalphaville.com.br\/guia\/wp-json\/wp\/v2\/tags?post=6352"}],"curies":[{"name":"wp","href":"https:\/\/api.w.org\/{rel}","templated":true}]}}