{"id":6348,"date":"2026-02-06T11:58:53","date_gmt":"2026-02-06T14:58:53","guid":{"rendered":"https:\/\/www.encontraalphaville.com.br\/guia\/moda-inclusiva-criada-por-mae-de-alphaville-chega-ao-brasil\/"},"modified":"2026-02-06T11:58:53","modified_gmt":"2026-02-06T14:58:53","slug":"moda-inclusiva-criada-por-mae-de-alphaville-chega-ao-brasil","status":"publish","type":"post","link":"https:\/\/www.encontraalphaville.com.br\/guia\/moda-inclusiva-criada-por-mae-de-alphaville-chega-ao-brasil\/","title":{"rendered":"Moda inclusiva criada por m\u00e3e de Alphaville chega ao Brasil"},"content":{"rendered":"<h2>A Hist\u00f3ria por Tr\u00e1s do Projeto Monami<\/h2>\n<p>A marca Monami foi idealizada por Mona Camargo, uma produtora cultural natural de Alphaville, que decidiu criar uma linha de camisetas que aborda a quest\u00e3o da inclus\u00e3o de pessoas diagnosticadas com Transtorno do Espectro Autista (TEA). A motiva\u00e7\u00e3o de Mona para o projeto decorreu de sua pr\u00f3pria experi\u00eancia como m\u00e3e de Salvador, seu filho, que foi diagnosticado com TEA em 2020. Desde ent\u00e3o, essa jornada trouxe \u00e0 tona a necessidade urgente de oferecer apoio e divulgar informa\u00e7\u00f5es sobre o autismo.<\/p>\n<p>Ap\u00f3s viver em Portugal por mais de dez anos e experimentar diversas dificuldades relacionadas \u00e0 aceita\u00e7\u00e3o e inclus\u00e3o, em 2021, Mona lan\u00e7ou sua primeira cole\u00e7\u00e3o de camisetas em Lisboa, focando em mensagens de apoio e conscientiza\u00e7\u00e3o. Atrav\u00e9s do Monami, ela n\u00e3o somente busca celebrar a diversidade, mas tamb\u00e9m dar voz a quest\u00f5es que muitas vezes ficam em sil\u00eancio, como a sa\u00fade mental das m\u00e3es e o suporte a mulheres em situa\u00e7\u00f5es vulner\u00e1veis.<\/p>\n<h2>A Import\u00e2ncia da Inclus\u00e3o no Mundo da Moda<\/h2>\n<p>A moda inclusiva \u00e9 essencial para criar um ambiente mais acolhedor e respeitoso para todos. Ao promover a aceita\u00e7\u00e3o de diferentes corpos e identidades, a ind\u00fastria da moda pode desempenhar um papel transformador na sociedade. Monami se destaca neste aspecto, pois incorpora valores de inclus\u00e3o e empoderamento em suas pe\u00e7as.<\/p>\n<p><img decoding=\"async\" src=\"https:\/\/www.encontraalphaville.com.br\/guia\/wp-content\/uploads\/2026\/02\/moda-inclusiva-criada-por-mae-de-alphaville-chega-ao-brasil.webp\" alt=\"moda inclusiva\" loading=\"lazy\" \/><\/p>\n<p>As cole\u00e7\u00f5es da Monami s\u00e3o n\u00e3o apenas uma forma de express\u00e3o, mas tamb\u00e9m um meio para abrir di\u00e1logos sobre t\u00f3picos importantes, como a aceita\u00e7\u00e3o do autismo. Esse movimento \u00e9 vital para derrubar estigmas e preconceitos, mostrando que a diversidade deve ser celebrada, n\u00e3o apenas tolerada.<\/p>\n<h2>Camisetas com Mensagens Poderosas<\/h2>\n<p>Um dos principais atrativos das camisetas Monami \u00e9 a inclus\u00e3o de frases impactantes que tocam em quest\u00f5es relevantes. A primeira cole\u00e7\u00e3o apresenta a frase &#8220;M\u00e3e At\u00edpica&#8221;, simbolizando a luta e o orgulho das m\u00e3es que cuidam de crian\u00e7as com autismo. Esta escolha representa n\u00e3o apenas uma declara\u00e7\u00e3o de empoderamento, mas tamb\u00e9m funciona como um convite para que as pessoas que as usam se sintam fortalecidas e conectadas com uma causa maior.<\/p>\n<p>Essas mensagens visam n\u00e3o s\u00f3 sensibilizar o p\u00fablico, mas tamb\u00e9m encorajar uma mudan\u00e7a de mentalidade. Ao usar essas camisetas, os consumidores se tornam porta-vozes de uma causa importante e ajudam a ampliar a visibilidade sobre o autismo e a inclus\u00e3o no cotidiano.<\/p>\n<h2>Como a Moda Pode Impactar a Sa\u00fade Mental<\/h2>\n<p>A moda \u00e9 mais do que est\u00e9tica; ela pode influenciar significativamente a sa\u00fade mental das pessoas. Para muitas m\u00e3es e cuidadores de crian\u00e7as com TEA, a representa\u00e7\u00e3o e o reconhecimento s\u00e3o frequentemente escassos. Atrav\u00e9s da Monami, Mona Camargo oferece uma plataforma que n\u00e3o s\u00f3 traz \u00e0 tona a quest\u00e3o do autismo, mas tamb\u00e9m valida as experi\u00eancias de in\u00fameras fam\u00edlias.<\/p>\n<p>Vestir-se com uma mensagem que ressoe com suas hist\u00f3rias pode ser um poderoso ato de afirma\u00e7\u00e3o para aqueles que vivem a realidade do autismo diariamente. A mentalidade de que a moda deve ser acess\u00edvel e inclusiva pode ajudar a gerar um senso de pertencimento e comunidade, essencial para o bem-estar emocional.<\/p>\n<h2>M\u00e3es Empoderadas: O Papel das Mulheres no Projeto<\/h2>\n<p>Um dos pilares do projeto Monami \u00e9 a promo\u00e7\u00e3o do empoderamento feminino. As camisetas s\u00e3o confeccionadas por mulheres que pertencem a coletivos sociais, tais como Retece e C.U.P.I.N.S., ligadas ao Instituto Ecotece. Este aspecto destaca a import\u00e2ncia de apoiar e elevar a voz de mulheres em situa\u00e7\u00f5es de vulnerabilidade social, mostrando que a moda pode ser uma for\u00e7a para a mudan\u00e7a.<\/p>\n<p>Essas colabora\u00e7\u00f5es t\u00eam como objetivo n\u00e3o apenas apoiar a gera\u00e7\u00e3o de renda, mas tamb\u00e9m criar uma rede de solidariedade entre mulheres que compartilham experi\u00eancias similares. O empoderamento feminino, especialmente em contextos sociais desafiadores, \u00e9 um fator crucial para a constru\u00e7\u00e3o de uma sociedade mais justa e igualit\u00e1ria.<\/p>\n<h2>Parcerias e Colabora\u00e7\u00f5es com Coletivos Sociais<\/h2>\n<p>A for\u00e7a do projeto Monami \u00e9 amplificada pela colabora\u00e7\u00e3o com diversas iniciativas sociais. A atua\u00e7\u00e3o conjunta com coletivos como Retece e C.U.P.I.N.S. \u00e9 fundamental para a execu\u00e7\u00e3o do projeto, focando em sustentabilidade e economia solid\u00e1ria. Essas parcerias n\u00e3o apenas oferecem suporte fora do ambiente familiar, mas tamb\u00e9m facilitam o acesso a recursos e treinamento para as mulheres envolvidas.<\/p>\n<p>Ao trabalhar com essas organiza\u00e7\u00f5es, o Monami consegue criar um ciclo sustent\u00e1vel que beneficia a todos os envolvidos. O impacto das parcerias n\u00e3o se limita apenas \u00e0 produ\u00e7\u00e3o das camisetas, mas se expande para a conscientiza\u00e7\u00e3o sobre diversas quest\u00f5es sociais e ambientais.<\/p>\n<h2>O Lan\u00e7amento e o Alcance do Monami no Brasil<\/h2>\n<p>Ap\u00f3s o sucesso em Portugal, o projeto Monami foi introduzido no Brasil durante a Feira na Rosenbaum, localizada em Pinheiros, S\u00e3o Paulo. Essa entrada no mercado brasileiro marca um passo significativo, ampliando a visibilidade e acessibilidade das camisetas inclusivas. O alcance do projeto \u00e9 um testemunho do anseio por moda que combata estigmas e promova a inclus\u00e3o.<\/p>\n<p>As camisetas est\u00e3o agora dispon\u00edveis em Alphaville, refor\u00e7ando o compromisso de Mona Camargo em trazer uma mensagem de esperan\u00e7a e apoio para sua comunidade. O Ser e o vestir-se com prop\u00f3sito transforma o ato cotidiano de se vestir em uma afirma\u00e7\u00e3o de identidade.<\/p>\n<h2>Conscientizando sobre o Transtorno do Espectro Autista<\/h2>\n<p>A conscientiza\u00e7\u00e3o sobre o TEA \u00e9 uma das miss\u00f5es centrais do Monami. Atrav\u00e9s das camisetas e das mensagens que elas carregam, o projeto busca educar a popula\u00e7\u00e3o, quebrar preconceitos e incentivar um di\u00e1logo aberto sobre o autismo. Essa abordagem \u00e9 essencial para que mais pessoas compreendam as nuances e desafios enfrentados por aqueles diagnosticados com o transtorno.<\/p>\n<p>Al\u00e9m disso, ao promover eventos comunit\u00e1rios e a\u00e7\u00f5es de sensibiliza\u00e7\u00e3o, o Monami cria uma plataforma para que fam\u00edlias e apoiadores possam compartilhar experi\u00eancias e informa\u00e7\u00f5es, fortalecendo uma rede de apoio m\u00fatua.<\/p>\n<h2>Sustentabilidade e Moda: Uma Combina\u00e7\u00e3o Necess\u00e1ria<\/h2>\n<p>A sustentabilidade \u00e9 um conceito que permeia todas as etapas do projeto Monami. Desde a escolha de materiais at\u00e9 as parcerias estabelecidas, a preocupa\u00e7\u00e3o em minimizar o impacto ambiental \u00e9 sempre uma prioridade. O uso de t\u00e9cnicas de produ\u00e7\u00e3o sustent\u00e1veis e a promo\u00e7\u00e3o da economia solid\u00e1ria s\u00e3o abordagens centrais que garantem que o projeto n\u00e3o apenas vise a inclus\u00e3o social, mas tamb\u00e9m a preserva\u00e7\u00e3o do meio ambiente.<\/p>\n<p>A combina\u00e7\u00e3o de moda e sustentabilidade \u00e9 uma necessidade premente em nossa sociedade atual, pois a ind\u00fastria da moda frequentemente enfrenta cr\u00edticas pela sua pegada ambiental. A Monami se posiciona como um exemplo a ser seguido, integrando esses valores em sua ess\u00eancia.<\/p>\n<h2>O Futuro da Moda Inclusiva e Seus Desafios<\/h2>\n<p>Enquanto o projeto Monami continua a crescer e se expandir, os desafios da moda inclusiva persistem. A necessidade de maior conscientiza\u00e7\u00e3o sobre a diversidade e a inclus\u00e3o se faz mais urgente do que nunca. Como parte desse movimento, o Monami tem como objetivo continuar promovendo suas mensagens e suas camisetas, buscando sempre um espa\u00e7o mais inclusivo para todos.<\/p>\n<p>\u00c9 fundamental que mais marcas reconhe\u00e7am a import\u00e2ncia da inclus\u00e3o e da representa\u00e7\u00e3o no mundo da moda. Com isso, a Monami se compromete a n\u00e3o apenas se estabelecer como um s\u00edmbolo de esperan\u00e7a e apoio, mas tamb\u00e9m a inspirar mudan\u00e7as em larga escala. Ao se unir a outras iniciativas, a marca pode desempenhar um papel significativo na transforma\u00e7\u00e3o da ind\u00fastria da moda.<\/p>\n","protected":false},"excerpt":{"rendered":"<p>Moda inclusiva traz mensagens de apoio e empoderamento para m\u00e3es de crian\u00e7as com TEA.<\/p>\n","protected":false},"author":1,"featured_media":6347,"comment_status":"open","ping_status":"open","sticky":false,"template":"","format":"standard","meta":{"footnotes":""},"categories":[5],"tags":[],"class_list":["post-6348","post","type-post","status-publish","format-standard","has-post-thumbnail","hentry","category-noticias","has_thumb"],"yoast_head":"<!-- This site is optimized with the Yoast SEO plugin v26.4 - https:\/\/yoast.com\/wordpress\/plugins\/seo\/ -->\n<title>Moda inclusiva criada por m\u00e3e de Alphaville chega ao Brasil | Guia Comercial de Alphaville SP<\/title>\n<meta name=\"robots\" content=\"index, follow, max-snippet:-1, max-image-preview:large, max-video-preview:-1\" \/>\n<link rel=\"canonical\" href=\"https:\/\/www.encontraalphaville.com.br\/guia\/moda-inclusiva-criada-por-mae-de-alphaville-chega-ao-brasil\/\" \/>\n<meta property=\"og:locale\" content=\"pt_BR\" \/>\n<meta property=\"og:type\" content=\"article\" \/>\n<meta property=\"og:title\" content=\"Moda inclusiva criada por m\u00e3e de Alphaville chega ao Brasil | Guia Comercial de Alphaville SP\" \/>\n<meta property=\"og:description\" content=\"Moda inclusiva traz mensagens de apoio e empoderamento para m\u00e3es de crian\u00e7as com TEA.\" \/>\n<meta property=\"og:url\" content=\"https:\/\/www.encontraalphaville.com.br\/guia\/moda-inclusiva-criada-por-mae-de-alphaville-chega-ao-brasil\/\" \/>\n<meta property=\"og:site_name\" content=\"Guia Comercial de Alphaville SP\" \/>\n<meta property=\"article:published_time\" content=\"2026-02-06T14:58:53+00:00\" \/>\n<meta property=\"og:image\" content=\"https:\/\/www.encontraalphaville.com.br\/guia\/wp-content\/uploads\/2026\/02\/moda-inclusiva-criada-por-mae-de-alphaville-chega-ao-brasil.webp\" \/>\n<meta name=\"author\" content=\"Encontra Alphaville\" \/>\n<meta name=\"twitter:card\" content=\"summary_large_image\" \/>\n<meta name=\"twitter:label1\" content=\"Escrito por\" \/>\n\t<meta name=\"twitter:data1\" content=\"Encontra Alphaville\" \/>\n\t<meta name=\"twitter:label2\" content=\"Est. tempo de leitura\" \/>\n\t<meta name=\"twitter:data2\" content=\"7 minutos\" \/>\n<script type=\"application\/ld+json\" class=\"yoast-schema-graph\">{\"@context\":\"https:\/\/schema.org\",\"@graph\":[{\"@type\":\"WebPage\",\"@id\":\"https:\/\/www.encontraalphaville.com.br\/guia\/moda-inclusiva-criada-por-mae-de-alphaville-chega-ao-brasil\/\",\"url\":\"https:\/\/www.encontraalphaville.com.br\/guia\/moda-inclusiva-criada-por-mae-de-alphaville-chega-ao-brasil\/\",\"name\":\"Moda inclusiva criada por m\u00e3e de Alphaville chega ao Brasil | Guia Comercial de Alphaville SP\",\"isPartOf\":{\"@id\":\"https:\/\/www.encontraalphaville.com.br\/guia\/#website\"},\"primaryImageOfPage\":{\"@id\":\"https:\/\/www.encontraalphaville.com.br\/guia\/moda-inclusiva-criada-por-mae-de-alphaville-chega-ao-brasil\/#primaryimage\"},\"image\":{\"@id\":\"https:\/\/www.encontraalphaville.com.br\/guia\/moda-inclusiva-criada-por-mae-de-alphaville-chega-ao-brasil\/#primaryimage\"},\"thumbnailUrl\":\"https:\/\/www.encontraalphaville.com.br\/guia\/wp-content\/uploads\/2026\/02\/moda-inclusiva-criada-por-mae-de-alphaville-chega-ao-brasil.webp\",\"datePublished\":\"2026-02-06T14:58:53+00:00\",\"author\":{\"@id\":\"https:\/\/www.encontraalphaville.com.br\/guia\/#\/schema\/person\/a48592ba2de82cdaeeef25afa1c4bc6a\"},\"inLanguage\":\"pt-BR\",\"potentialAction\":[{\"@type\":\"ReadAction\",\"target\":[\"https:\/\/www.encontraalphaville.com.br\/guia\/moda-inclusiva-criada-por-mae-de-alphaville-chega-ao-brasil\/\"]}]},{\"@type\":\"ImageObject\",\"inLanguage\":\"pt-BR\",\"@id\":\"https:\/\/www.encontraalphaville.com.br\/guia\/moda-inclusiva-criada-por-mae-de-alphaville-chega-ao-brasil\/#primaryimage\",\"url\":\"https:\/\/www.encontraalphaville.com.br\/guia\/wp-content\/uploads\/2026\/02\/moda-inclusiva-criada-por-mae-de-alphaville-chega-ao-brasil.webp\",\"contentUrl\":\"https:\/\/www.encontraalphaville.com.br\/guia\/wp-content\/uploads\/2026\/02\/moda-inclusiva-criada-por-mae-de-alphaville-chega-ao-brasil.webp\",\"width\":280,\"height\":280,\"caption\":\"moda inclusiva\"},{\"@type\":\"WebSite\",\"@id\":\"https:\/\/www.encontraalphaville.com.br\/guia\/#website\",\"url\":\"https:\/\/www.encontraalphaville.com.br\/guia\/\",\"name\":\"Guia Comercial de Alphaville SP\",\"description\":\"ENCONTRA ALPHAVILLE - O guia comercial de neg\u00f3cios e empresas, cultura e divers\u00e3o no bairro de Alphaville. Feito 100% para voc\u00ea morador!\",\"potentialAction\":[{\"@type\":\"SearchAction\",\"target\":{\"@type\":\"EntryPoint\",\"urlTemplate\":\"https:\/\/www.encontraalphaville.com.br\/guia\/?s={search_term_string}\"},\"query-input\":{\"@type\":\"PropertyValueSpecification\",\"valueRequired\":true,\"valueName\":\"search_term_string\"}}],\"inLanguage\":\"pt-BR\"},{\"@type\":\"Person\",\"@id\":\"https:\/\/www.encontraalphaville.com.br\/guia\/#\/schema\/person\/a48592ba2de82cdaeeef25afa1c4bc6a\",\"name\":\"Encontra Alphaville\",\"image\":{\"@type\":\"ImageObject\",\"inLanguage\":\"pt-BR\",\"@id\":\"https:\/\/www.encontraalphaville.com.br\/guia\/#\/schema\/person\/image\/\",\"url\":\"https:\/\/secure.gravatar.com\/avatar\/c50c17820bcf322f0a8fd6b110b8c0918141409dc69076470f6fca5fee70a5d4?s=96&d=mm&r=g\",\"contentUrl\":\"https:\/\/secure.gravatar.com\/avatar\/c50c17820bcf322f0a8fd6b110b8c0918141409dc69076470f6fca5fee70a5d4?s=96&d=mm&r=g\",\"caption\":\"Encontra Alphaville\"},\"url\":\"https:\/\/www.encontraalphaville.com.br\/guia\/author\/encontraalphaville\/\"}]}<\/script>\n<!-- \/ Yoast SEO plugin. -->","yoast_head_json":{"title":"Moda inclusiva criada por m\u00e3e de Alphaville chega ao Brasil | Guia Comercial de Alphaville SP","robots":{"index":"index","follow":"follow","max-snippet":"max-snippet:-1","max-image-preview":"max-image-preview:large","max-video-preview":"max-video-preview:-1"},"canonical":"https:\/\/www.encontraalphaville.com.br\/guia\/moda-inclusiva-criada-por-mae-de-alphaville-chega-ao-brasil\/","og_locale":"pt_BR","og_type":"article","og_title":"Moda inclusiva criada por m\u00e3e de Alphaville chega ao Brasil | Guia Comercial de Alphaville SP","og_description":"Moda inclusiva traz mensagens de apoio e empoderamento para m\u00e3es de crian\u00e7as com TEA.","og_url":"https:\/\/www.encontraalphaville.com.br\/guia\/moda-inclusiva-criada-por-mae-de-alphaville-chega-ao-brasil\/","og_site_name":"Guia Comercial de Alphaville SP","article_published_time":"2026-02-06T14:58:53+00:00","og_image":[{"url":"https:\/\/www.encontraalphaville.com.br\/guia\/wp-content\/uploads\/2026\/02\/moda-inclusiva-criada-por-mae-de-alphaville-chega-ao-brasil.webp","type":"","width":"","height":""}],"author":"Encontra Alphaville","twitter_card":"summary_large_image","twitter_misc":{"Escrito por":"Encontra Alphaville","Est. tempo de leitura":"7 minutos"},"schema":{"@context":"https:\/\/schema.org","@graph":[{"@type":"WebPage","@id":"https:\/\/www.encontraalphaville.com.br\/guia\/moda-inclusiva-criada-por-mae-de-alphaville-chega-ao-brasil\/","url":"https:\/\/www.encontraalphaville.com.br\/guia\/moda-inclusiva-criada-por-mae-de-alphaville-chega-ao-brasil\/","name":"Moda inclusiva criada por m\u00e3e de Alphaville chega ao Brasil | Guia Comercial de Alphaville SP","isPartOf":{"@id":"https:\/\/www.encontraalphaville.com.br\/guia\/#website"},"primaryImageOfPage":{"@id":"https:\/\/www.encontraalphaville.com.br\/guia\/moda-inclusiva-criada-por-mae-de-alphaville-chega-ao-brasil\/#primaryimage"},"image":{"@id":"https:\/\/www.encontraalphaville.com.br\/guia\/moda-inclusiva-criada-por-mae-de-alphaville-chega-ao-brasil\/#primaryimage"},"thumbnailUrl":"https:\/\/www.encontraalphaville.com.br\/guia\/wp-content\/uploads\/2026\/02\/moda-inclusiva-criada-por-mae-de-alphaville-chega-ao-brasil.webp","datePublished":"2026-02-06T14:58:53+00:00","author":{"@id":"https:\/\/www.encontraalphaville.com.br\/guia\/#\/schema\/person\/a48592ba2de82cdaeeef25afa1c4bc6a"},"inLanguage":"pt-BR","potentialAction":[{"@type":"ReadAction","target":["https:\/\/www.encontraalphaville.com.br\/guia\/moda-inclusiva-criada-por-mae-de-alphaville-chega-ao-brasil\/"]}]},{"@type":"ImageObject","inLanguage":"pt-BR","@id":"https:\/\/www.encontraalphaville.com.br\/guia\/moda-inclusiva-criada-por-mae-de-alphaville-chega-ao-brasil\/#primaryimage","url":"https:\/\/www.encontraalphaville.com.br\/guia\/wp-content\/uploads\/2026\/02\/moda-inclusiva-criada-por-mae-de-alphaville-chega-ao-brasil.webp","contentUrl":"https:\/\/www.encontraalphaville.com.br\/guia\/wp-content\/uploads\/2026\/02\/moda-inclusiva-criada-por-mae-de-alphaville-chega-ao-brasil.webp","width":280,"height":280,"caption":"moda inclusiva"},{"@type":"WebSite","@id":"https:\/\/www.encontraalphaville.com.br\/guia\/#website","url":"https:\/\/www.encontraalphaville.com.br\/guia\/","name":"Guia Comercial de Alphaville SP","description":"ENCONTRA ALPHAVILLE - O guia comercial de neg\u00f3cios e empresas, cultura e divers\u00e3o no bairro de Alphaville. Feito 100% para voc\u00ea morador!","potentialAction":[{"@type":"SearchAction","target":{"@type":"EntryPoint","urlTemplate":"https:\/\/www.encontraalphaville.com.br\/guia\/?s={search_term_string}"},"query-input":{"@type":"PropertyValueSpecification","valueRequired":true,"valueName":"search_term_string"}}],"inLanguage":"pt-BR"},{"@type":"Person","@id":"https:\/\/www.encontraalphaville.com.br\/guia\/#\/schema\/person\/a48592ba2de82cdaeeef25afa1c4bc6a","name":"Encontra Alphaville","image":{"@type":"ImageObject","inLanguage":"pt-BR","@id":"https:\/\/www.encontraalphaville.com.br\/guia\/#\/schema\/person\/image\/","url":"https:\/\/secure.gravatar.com\/avatar\/c50c17820bcf322f0a8fd6b110b8c0918141409dc69076470f6fca5fee70a5d4?s=96&d=mm&r=g","contentUrl":"https:\/\/secure.gravatar.com\/avatar\/c50c17820bcf322f0a8fd6b110b8c0918141409dc69076470f6fca5fee70a5d4?s=96&d=mm&r=g","caption":"Encontra Alphaville"},"url":"https:\/\/www.encontraalphaville.com.br\/guia\/author\/encontraalphaville\/"}]}},"_links":{"self":[{"href":"https:\/\/www.encontraalphaville.com.br\/guia\/wp-json\/wp\/v2\/posts\/6348","targetHints":{"allow":["GET"]}}],"collection":[{"href":"https:\/\/www.encontraalphaville.com.br\/guia\/wp-json\/wp\/v2\/posts"}],"about":[{"href":"https:\/\/www.encontraalphaville.com.br\/guia\/wp-json\/wp\/v2\/types\/post"}],"author":[{"embeddable":true,"href":"https:\/\/www.encontraalphaville.com.br\/guia\/wp-json\/wp\/v2\/users\/1"}],"replies":[{"embeddable":true,"href":"https:\/\/www.encontraalphaville.com.br\/guia\/wp-json\/wp\/v2\/comments?post=6348"}],"version-history":[{"count":0,"href":"https:\/\/www.encontraalphaville.com.br\/guia\/wp-json\/wp\/v2\/posts\/6348\/revisions"}],"wp:featuredmedia":[{"embeddable":true,"href":"https:\/\/www.encontraalphaville.com.br\/guia\/wp-json\/wp\/v2\/media\/6347"}],"wp:attachment":[{"href":"https:\/\/www.encontraalphaville.com.br\/guia\/wp-json\/wp\/v2\/media?parent=6348"}],"wp:term":[{"taxonomy":"category","embeddable":true,"href":"https:\/\/www.encontraalphaville.com.br\/guia\/wp-json\/wp\/v2\/categories?post=6348"},{"taxonomy":"post_tag","embeddable":true,"href":"https:\/\/www.encontraalphaville.com.br\/guia\/wp-json\/wp\/v2\/tags?post=6348"}],"curies":[{"name":"wp","href":"https:\/\/api.w.org\/{rel}","templated":true}]}}