{"id":6299,"date":"2026-01-27T12:06:30","date_gmt":"2026-01-27T15:06:30","guid":{"rendered":"https:\/\/www.encontraalphaville.com.br\/guia\/advogado-que-tentou-fugir-com-porsche-roubada-tem-liberdade-provisoria\/"},"modified":"2026-01-27T12:06:30","modified_gmt":"2026-01-27T15:06:30","slug":"advogado-que-tentou-fugir-com-porsche-roubada-tem-liberdade-provisoria","status":"publish","type":"post","link":"https:\/\/www.encontraalphaville.com.br\/guia\/advogado-que-tentou-fugir-com-porsche-roubada-tem-liberdade-provisoria\/","title":{"rendered":"Advogado que tentou fugir com Porsche roubada tem liberdade provis\u00f3ria"},"content":{"rendered":"<h2>O que levou \u00e0 pris\u00e3o do advogado?<\/h2>\n<p>O advogado Frederico Muniz Ferreira foi detido no dia 22 de janeiro de 2026, em Barueri, estado de S\u00e3o Paulo, ap\u00f3s tentar escapar da pol\u00edcia dirigindo um Porsche que havia sido roubado. A abordagem policial ocorreu durante uma opera\u00e7\u00e3o de rotina, quando a Pol\u00edcia Militar percebeu que o ve\u00edculo em quest\u00e3o apresentava ind\u00edcios de irregularidade.<\/p>\n<h2>O papel das c\u00e2meras de seguran\u00e7a<\/h2>\n<p>Duas c\u00e2meras de seguran\u00e7a posicionadas em vias p\u00fablicas capturaram imagens da fuga do advogado em alta velocidade, revelando sua condu\u00e7\u00e3o imprudente. Em um dos registros, \u00e9 poss\u00edvel notar que ele ultrapassou pela contram\u00e3o em uma zona onde tal manobra \u00e9 proibida, aumentando ainda mais a gravidade da situa\u00e7\u00e3o. Essas grava\u00e7\u00f5es foram fundamentais para a identifica\u00e7\u00e3o da a\u00e7\u00e3o criminosa, corroborando as alega\u00e7\u00f5es da pol\u00edcia sobre a origem il\u00edcita do ve\u00edculo.<\/p>\n<h2>Medidas cautelares impostas pela Justi\u00e7a<\/h2>\n<p>Ap\u00f3s a deten\u00e7\u00e3o, o advogado passou por uma audi\u00eancia de cust\u00f3dia no Tribunal de Justi\u00e7a de S\u00e3o Paulo, onde a liberdade provis\u00f3ria foi concedida sob diversas condi\u00e7\u00f5es. O juiz imp\u00f4s medidas cautelares que incluem:<\/p>\n<p><img decoding=\"async\" src=\"https:\/\/www.encontraalphaville.com.br\/guia\/wp-content\/uploads\/2026\/01\/advogado-que-tentou-fugir-com-porsche-roubada-tem-liberdade-provisoria.webp\" alt=\"advogado que tentou fugir com Porsche roubada\" loading=\"lazy\" \/><\/p>\n<ul>\n<li><strong>Comparecimento mensal em ju\u00edzo:<\/strong> O advogado deve se apresentar mensalmente ao tribunal para justificar suas atividades.<\/li>\n<li><strong>Atualiza\u00e7\u00e3o de endere\u00e7o:<\/strong> Ele deve informar quaisquer mudan\u00e7as de endere\u00e7o \u00e0 Vara respons\u00e1vel.<\/li>\n<li><strong>Proibi\u00e7\u00e3o de aus\u00eancias prolongadas:<\/strong> \u00c9 vedado ao advogado se ausentar da comarca onde reside por mais de oito dias sem autoriza\u00e7\u00e3o judicial.<\/li>\n<li><strong>Recolhimento domiciliar noturno:<\/strong> O condenado deve permanecer em casa durante a noite, das 22h \u00e0s 6h, e tamb\u00e9m em dias de folga.<\/li>\n<\/ul>\n<h2>Condi\u00e7\u00f5es da liberdade provis\u00f3ria<\/h2>\n<p>Para garantir a liberdade provis\u00f3ria, o pagamento de uma fian\u00e7a foi determinado, correspondente a 50 sal\u00e1rios m\u00ednimos. O valor estipulado busca assegurar que o advogado respeite as medidas cautelares e n\u00e3o tente evadir-se novamente. A imposi\u00e7\u00e3o de tais condi\u00e7\u00f5es visa prevenir que o indiv\u00edduo aproveite a situa\u00e7\u00e3o de liberdade para potencialmente repetir a infra\u00e7\u00e3o ou se evadir da justi\u00e7a.<\/p>\n<h2>O que diz a legisla\u00e7\u00e3o sobre fian\u00e7a?<\/h2>\n<p>A fian\u00e7a \u00e9 um instrumento previsto na legisla\u00e7\u00e3o brasileira que tem como objetivo assegurar o comparecimento do r\u00e9u em ju\u00edzo e o cumprimento das obriga\u00e7\u00f5es impostas pela Justi\u00e7a. A sua fixa\u00e7\u00e3o deve levar em considera\u00e7\u00e3o a gravidade da infra\u00e7\u00e3o, a condi\u00e7\u00e3o econ\u00f4mica do acusado e outros fatores relevantes que podem influenciar a decis\u00e3o de fuga. No caso do advogado, a quantia estipulada pelo juiz reflete a seriedade das acusa\u00e7\u00f5es contra ele.<\/p>\n<h2>Aspectos da fuga com ve\u00edculo roubado<\/h2>\n<p>O Porsche envolvido no incidente, um modelo Taycan h\u00edbrido, foi identificado como um produto de roubo ocorrido no Rio de Janeiro. A pol\u00edcia constatou adultera\u00e7\u00f5es nas placas e no chassi do autom\u00f3vel. O roubo estava associado a um boletim registrado em mar\u00e7o de 2025, e a deten\u00e7\u00e3o do advogado ocorreu ap\u00f3s uma breve persegui\u00e7\u00e3o que pode ter colocado outros motoristas em risco.<\/p>\n<h2>Investiga\u00e7\u00f5es sobre o advogado<\/h2>\n<p>A Pol\u00edcia Civil de S\u00e3o Paulo segue investigando as circunst\u00e2ncias em torno do caso. Inicialmente, surgiram especula\u00e7\u00f5es de que Frederico Muniz Ferreira poderia ter v\u00ednculos com o PCC, uma das mais not\u00f3rias organiza\u00e7\u00f5es criminosas do Brasil. Durante a abordagem, objetos de valor como um rel\u00f3gio Rolex, um telefone celular, pulseiras de ouro e treze ampolas de anabolizantes foram apreendidos, levantando d\u00favidas sobre poss\u00edveis atividades il\u00edcitas al\u00e9m da tentativa de fuga.<\/p>\n<h2>A repercuss\u00e3o na m\u00eddia<\/h2>\n<p>A situa\u00e7\u00e3o teve ampla cobertura pela imprensa, com diversos meios de comunica\u00e7\u00e3o, incluindo a CNN Brasil, reportando os detalhes da opera\u00e7\u00e3o policial e da subsequente defesa do advogado. A notoriedade do caso n\u00e3o apenas destaca a quest\u00e3o da criminalidade associada a ve\u00edculos de luxo, mas tamb\u00e9m levanta discuss\u00f5es sobre a \u00e9tica na profiss\u00e3o de advogado e o impacto de a\u00e7\u00f5es individuais sobre a percep\u00e7\u00e3o p\u00fablica da classe.<\/p>\n<h2>An\u00e1lise da decis\u00e3o judicial<\/h2>\n<p>A liberdade provis\u00f3ria concedida ao advogado gerou debates entre juristas e a sociedade em geral. Alguns especialistas argumentam que a decis\u00e3o reflete uma pr\u00e1tica comum do sistema judicial brasileiro, que busca equilibrar os direitos do acusador e do acusado. Outros, no entanto, criticam a concess\u00e3o da liberdade em casos de crimes considerados graves, temendo que isso possa enviar uma mensagem errada sobre a impunidade.<\/p>\n<h2>Implica\u00e7\u00f5es legais para o advogado<\/h2>\n<p>As a\u00e7\u00f5es de Frederico Muniz Ferreira n\u00e3o s\u00f3 resultaram em repercuss\u00e3o midi\u00e1tica, mas tamb\u00e9m em potenciais consequ\u00eancias legais a longo prazo. A liga\u00e7\u00e3o com um crime de roubo e a tentativa de fuga podem acarretar san\u00e7\u00f5es severas que v\u00e3o desde a perda do direito de exercer a advocacia at\u00e9 penas de pris\u00e3o efetivas. A evolu\u00e7\u00e3o do caso ser\u00e1 acompanhada de perto, tanto pelas institui\u00e7\u00f5es legais como pela sociedade, que aguarda um desfecho que possa servir de exemplo para situa\u00e7\u00f5es semelhantes.<\/p>\n","protected":false},"excerpt":{"rendered":"<p>Advogado que fugiu com Porsche roubada agora est\u00e1 em liberdade provis\u00f3ria.<\/p>\n","protected":false},"author":1,"featured_media":6298,"comment_status":"open","ping_status":"open","sticky":false,"template":"","format":"standard","meta":{"footnotes":""},"categories":[5],"tags":[],"class_list":["post-6299","post","type-post","status-publish","format-standard","has-post-thumbnail","hentry","category-noticias","has_thumb"],"yoast_head":"<!-- This site is optimized with the Yoast SEO plugin v26.4 - https:\/\/yoast.com\/wordpress\/plugins\/seo\/ -->\n<title>Advogado que tentou fugir com Porsche roubada tem liberdade provis\u00f3ria | Guia Comercial de Alphaville SP<\/title>\n<meta name=\"robots\" content=\"index, follow, max-snippet:-1, max-image-preview:large, max-video-preview:-1\" \/>\n<link rel=\"canonical\" href=\"https:\/\/www.encontraalphaville.com.br\/guia\/advogado-que-tentou-fugir-com-porsche-roubada-tem-liberdade-provisoria\/\" \/>\n<meta property=\"og:locale\" content=\"pt_BR\" \/>\n<meta property=\"og:type\" content=\"article\" \/>\n<meta property=\"og:title\" content=\"Advogado que tentou fugir com Porsche roubada tem liberdade provis\u00f3ria | Guia Comercial de Alphaville SP\" \/>\n<meta property=\"og:description\" content=\"Advogado que fugiu com Porsche roubada agora est\u00e1 em liberdade provis\u00f3ria.\" \/>\n<meta property=\"og:url\" content=\"https:\/\/www.encontraalphaville.com.br\/guia\/advogado-que-tentou-fugir-com-porsche-roubada-tem-liberdade-provisoria\/\" \/>\n<meta property=\"og:site_name\" content=\"Guia Comercial de Alphaville SP\" \/>\n<meta property=\"article:published_time\" content=\"2026-01-27T15:06:30+00:00\" \/>\n<meta property=\"og:image\" content=\"https:\/\/www.encontraalphaville.com.br\/guia\/wp-content\/uploads\/2026\/01\/advogado-que-tentou-fugir-com-porsche-roubada-tem-liberdade-provisoria.webp\" \/>\n<meta name=\"author\" content=\"Encontra Alphaville\" \/>\n<meta name=\"twitter:card\" content=\"summary_large_image\" \/>\n<meta name=\"twitter:label1\" content=\"Escrito por\" \/>\n\t<meta name=\"twitter:data1\" content=\"Encontra Alphaville\" \/>\n\t<meta name=\"twitter:label2\" content=\"Est. tempo de leitura\" \/>\n\t<meta name=\"twitter:data2\" content=\"4 minutos\" \/>\n<script type=\"application\/ld+json\" class=\"yoast-schema-graph\">{\"@context\":\"https:\/\/schema.org\",\"@graph\":[{\"@type\":\"WebPage\",\"@id\":\"https:\/\/www.encontraalphaville.com.br\/guia\/advogado-que-tentou-fugir-com-porsche-roubada-tem-liberdade-provisoria\/\",\"url\":\"https:\/\/www.encontraalphaville.com.br\/guia\/advogado-que-tentou-fugir-com-porsche-roubada-tem-liberdade-provisoria\/\",\"name\":\"Advogado que tentou fugir com Porsche roubada tem liberdade provis\u00f3ria | Guia Comercial de Alphaville SP\",\"isPartOf\":{\"@id\":\"https:\/\/www.encontraalphaville.com.br\/guia\/#website\"},\"primaryImageOfPage\":{\"@id\":\"https:\/\/www.encontraalphaville.com.br\/guia\/advogado-que-tentou-fugir-com-porsche-roubada-tem-liberdade-provisoria\/#primaryimage\"},\"image\":{\"@id\":\"https:\/\/www.encontraalphaville.com.br\/guia\/advogado-que-tentou-fugir-com-porsche-roubada-tem-liberdade-provisoria\/#primaryimage\"},\"thumbnailUrl\":\"https:\/\/www.encontraalphaville.com.br\/guia\/wp-content\/uploads\/2026\/01\/advogado-que-tentou-fugir-com-porsche-roubada-tem-liberdade-provisoria.webp\",\"datePublished\":\"2026-01-27T15:06:30+00:00\",\"author\":{\"@id\":\"https:\/\/www.encontraalphaville.com.br\/guia\/#\/schema\/person\/a48592ba2de82cdaeeef25afa1c4bc6a\"},\"inLanguage\":\"pt-BR\",\"potentialAction\":[{\"@type\":\"ReadAction\",\"target\":[\"https:\/\/www.encontraalphaville.com.br\/guia\/advogado-que-tentou-fugir-com-porsche-roubada-tem-liberdade-provisoria\/\"]}]},{\"@type\":\"ImageObject\",\"inLanguage\":\"pt-BR\",\"@id\":\"https:\/\/www.encontraalphaville.com.br\/guia\/advogado-que-tentou-fugir-com-porsche-roubada-tem-liberdade-provisoria\/#primaryimage\",\"url\":\"https:\/\/www.encontraalphaville.com.br\/guia\/wp-content\/uploads\/2026\/01\/advogado-que-tentou-fugir-com-porsche-roubada-tem-liberdade-provisoria.webp\",\"contentUrl\":\"https:\/\/www.encontraalphaville.com.br\/guia\/wp-content\/uploads\/2026\/01\/advogado-que-tentou-fugir-com-porsche-roubada-tem-liberdade-provisoria.webp\",\"width\":280,\"height\":280,\"caption\":\"advogado que tentou fugir com Porsche roubada\"},{\"@type\":\"WebSite\",\"@id\":\"https:\/\/www.encontraalphaville.com.br\/guia\/#website\",\"url\":\"https:\/\/www.encontraalphaville.com.br\/guia\/\",\"name\":\"Guia Comercial de Alphaville SP\",\"description\":\"ENCONTRA ALPHAVILLE - O guia comercial de neg\u00f3cios e empresas, cultura e divers\u00e3o no bairro de Alphaville. Feito 100% para voc\u00ea morador!\",\"potentialAction\":[{\"@type\":\"SearchAction\",\"target\":{\"@type\":\"EntryPoint\",\"urlTemplate\":\"https:\/\/www.encontraalphaville.com.br\/guia\/?s={search_term_string}\"},\"query-input\":{\"@type\":\"PropertyValueSpecification\",\"valueRequired\":true,\"valueName\":\"search_term_string\"}}],\"inLanguage\":\"pt-BR\"},{\"@type\":\"Person\",\"@id\":\"https:\/\/www.encontraalphaville.com.br\/guia\/#\/schema\/person\/a48592ba2de82cdaeeef25afa1c4bc6a\",\"name\":\"Encontra Alphaville\",\"image\":{\"@type\":\"ImageObject\",\"inLanguage\":\"pt-BR\",\"@id\":\"https:\/\/www.encontraalphaville.com.br\/guia\/#\/schema\/person\/image\/\",\"url\":\"https:\/\/secure.gravatar.com\/avatar\/c50c17820bcf322f0a8fd6b110b8c0918141409dc69076470f6fca5fee70a5d4?s=96&d=mm&r=g\",\"contentUrl\":\"https:\/\/secure.gravatar.com\/avatar\/c50c17820bcf322f0a8fd6b110b8c0918141409dc69076470f6fca5fee70a5d4?s=96&d=mm&r=g\",\"caption\":\"Encontra Alphaville\"},\"url\":\"https:\/\/www.encontraalphaville.com.br\/guia\/author\/encontraalphaville\/\"}]}<\/script>\n<!-- \/ Yoast SEO plugin. -->","yoast_head_json":{"title":"Advogado que tentou fugir com Porsche roubada tem liberdade provis\u00f3ria | Guia Comercial de Alphaville SP","robots":{"index":"index","follow":"follow","max-snippet":"max-snippet:-1","max-image-preview":"max-image-preview:large","max-video-preview":"max-video-preview:-1"},"canonical":"https:\/\/www.encontraalphaville.com.br\/guia\/advogado-que-tentou-fugir-com-porsche-roubada-tem-liberdade-provisoria\/","og_locale":"pt_BR","og_type":"article","og_title":"Advogado que tentou fugir com Porsche roubada tem liberdade provis\u00f3ria | Guia Comercial de Alphaville SP","og_description":"Advogado que fugiu com Porsche roubada agora est\u00e1 em liberdade provis\u00f3ria.","og_url":"https:\/\/www.encontraalphaville.com.br\/guia\/advogado-que-tentou-fugir-com-porsche-roubada-tem-liberdade-provisoria\/","og_site_name":"Guia Comercial de Alphaville SP","article_published_time":"2026-01-27T15:06:30+00:00","og_image":[{"url":"https:\/\/www.encontraalphaville.com.br\/guia\/wp-content\/uploads\/2026\/01\/advogado-que-tentou-fugir-com-porsche-roubada-tem-liberdade-provisoria.webp","type":"","width":"","height":""}],"author":"Encontra Alphaville","twitter_card":"summary_large_image","twitter_misc":{"Escrito por":"Encontra Alphaville","Est. tempo de leitura":"4 minutos"},"schema":{"@context":"https:\/\/schema.org","@graph":[{"@type":"WebPage","@id":"https:\/\/www.encontraalphaville.com.br\/guia\/advogado-que-tentou-fugir-com-porsche-roubada-tem-liberdade-provisoria\/","url":"https:\/\/www.encontraalphaville.com.br\/guia\/advogado-que-tentou-fugir-com-porsche-roubada-tem-liberdade-provisoria\/","name":"Advogado que tentou fugir com Porsche roubada tem liberdade provis\u00f3ria | Guia Comercial de Alphaville SP","isPartOf":{"@id":"https:\/\/www.encontraalphaville.com.br\/guia\/#website"},"primaryImageOfPage":{"@id":"https:\/\/www.encontraalphaville.com.br\/guia\/advogado-que-tentou-fugir-com-porsche-roubada-tem-liberdade-provisoria\/#primaryimage"},"image":{"@id":"https:\/\/www.encontraalphaville.com.br\/guia\/advogado-que-tentou-fugir-com-porsche-roubada-tem-liberdade-provisoria\/#primaryimage"},"thumbnailUrl":"https:\/\/www.encontraalphaville.com.br\/guia\/wp-content\/uploads\/2026\/01\/advogado-que-tentou-fugir-com-porsche-roubada-tem-liberdade-provisoria.webp","datePublished":"2026-01-27T15:06:30+00:00","author":{"@id":"https:\/\/www.encontraalphaville.com.br\/guia\/#\/schema\/person\/a48592ba2de82cdaeeef25afa1c4bc6a"},"inLanguage":"pt-BR","potentialAction":[{"@type":"ReadAction","target":["https:\/\/www.encontraalphaville.com.br\/guia\/advogado-que-tentou-fugir-com-porsche-roubada-tem-liberdade-provisoria\/"]}]},{"@type":"ImageObject","inLanguage":"pt-BR","@id":"https:\/\/www.encontraalphaville.com.br\/guia\/advogado-que-tentou-fugir-com-porsche-roubada-tem-liberdade-provisoria\/#primaryimage","url":"https:\/\/www.encontraalphaville.com.br\/guia\/wp-content\/uploads\/2026\/01\/advogado-que-tentou-fugir-com-porsche-roubada-tem-liberdade-provisoria.webp","contentUrl":"https:\/\/www.encontraalphaville.com.br\/guia\/wp-content\/uploads\/2026\/01\/advogado-que-tentou-fugir-com-porsche-roubada-tem-liberdade-provisoria.webp","width":280,"height":280,"caption":"advogado que tentou fugir com Porsche roubada"},{"@type":"WebSite","@id":"https:\/\/www.encontraalphaville.com.br\/guia\/#website","url":"https:\/\/www.encontraalphaville.com.br\/guia\/","name":"Guia Comercial de Alphaville SP","description":"ENCONTRA ALPHAVILLE - O guia comercial de neg\u00f3cios e empresas, cultura e divers\u00e3o no bairro de Alphaville. Feito 100% para voc\u00ea morador!","potentialAction":[{"@type":"SearchAction","target":{"@type":"EntryPoint","urlTemplate":"https:\/\/www.encontraalphaville.com.br\/guia\/?s={search_term_string}"},"query-input":{"@type":"PropertyValueSpecification","valueRequired":true,"valueName":"search_term_string"}}],"inLanguage":"pt-BR"},{"@type":"Person","@id":"https:\/\/www.encontraalphaville.com.br\/guia\/#\/schema\/person\/a48592ba2de82cdaeeef25afa1c4bc6a","name":"Encontra Alphaville","image":{"@type":"ImageObject","inLanguage":"pt-BR","@id":"https:\/\/www.encontraalphaville.com.br\/guia\/#\/schema\/person\/image\/","url":"https:\/\/secure.gravatar.com\/avatar\/c50c17820bcf322f0a8fd6b110b8c0918141409dc69076470f6fca5fee70a5d4?s=96&d=mm&r=g","contentUrl":"https:\/\/secure.gravatar.com\/avatar\/c50c17820bcf322f0a8fd6b110b8c0918141409dc69076470f6fca5fee70a5d4?s=96&d=mm&r=g","caption":"Encontra Alphaville"},"url":"https:\/\/www.encontraalphaville.com.br\/guia\/author\/encontraalphaville\/"}]}},"_links":{"self":[{"href":"https:\/\/www.encontraalphaville.com.br\/guia\/wp-json\/wp\/v2\/posts\/6299","targetHints":{"allow":["GET"]}}],"collection":[{"href":"https:\/\/www.encontraalphaville.com.br\/guia\/wp-json\/wp\/v2\/posts"}],"about":[{"href":"https:\/\/www.encontraalphaville.com.br\/guia\/wp-json\/wp\/v2\/types\/post"}],"author":[{"embeddable":true,"href":"https:\/\/www.encontraalphaville.com.br\/guia\/wp-json\/wp\/v2\/users\/1"}],"replies":[{"embeddable":true,"href":"https:\/\/www.encontraalphaville.com.br\/guia\/wp-json\/wp\/v2\/comments?post=6299"}],"version-history":[{"count":0,"href":"https:\/\/www.encontraalphaville.com.br\/guia\/wp-json\/wp\/v2\/posts\/6299\/revisions"}],"wp:featuredmedia":[{"embeddable":true,"href":"https:\/\/www.encontraalphaville.com.br\/guia\/wp-json\/wp\/v2\/media\/6298"}],"wp:attachment":[{"href":"https:\/\/www.encontraalphaville.com.br\/guia\/wp-json\/wp\/v2\/media?parent=6299"}],"wp:term":[{"taxonomy":"category","embeddable":true,"href":"https:\/\/www.encontraalphaville.com.br\/guia\/wp-json\/wp\/v2\/categories?post=6299"},{"taxonomy":"post_tag","embeddable":true,"href":"https:\/\/www.encontraalphaville.com.br\/guia\/wp-json\/wp\/v2\/tags?post=6299"}],"curies":[{"name":"wp","href":"https:\/\/api.w.org\/{rel}","templated":true}]}}