{"id":6297,"date":"2026-01-27T12:03:53","date_gmt":"2026-01-27T15:03:53","guid":{"rendered":"https:\/\/www.encontraalphaville.com.br\/guia\/sitio-do-carrocao-temporada-de-carnaval-reune-aventura-festas-e-acampamento-para-criancas-e-adolescentes\/"},"modified":"2026-01-27T12:03:53","modified_gmt":"2026-01-27T15:03:53","slug":"sitio-do-carrocao-temporada-de-carnaval-reune-aventura-festas-e-acampamento-para-criancas-e-adolescentes","status":"publish","type":"post","link":"https:\/\/www.encontraalphaville.com.br\/guia\/sitio-do-carrocao-temporada-de-carnaval-reune-aventura-festas-e-acampamento-para-criancas-e-adolescentes\/","title":{"rendered":"S\u00edtio do Carro\u00e7\u00e3o: temporada de Carnaval re\u00fane aventura, festas e acampamento para crian\u00e7as e adolescentes"},"content":{"rendered":"<h2>O que \u00e9 o S\u00edtio do Carro\u00e7\u00e3o?<\/h2>\n<p>O <strong>S\u00edtio do Carro\u00e7\u00e3o<\/strong> \u00e9 um espa\u00e7o reconhecido como um verdadeiro <strong>Resort Pedag\u00f3gico<\/strong> no Brasil. Ele combina divers\u00e3o e aprendizado em um ambiente prop\u00edcio para crian\u00e7as e adolescentes durante as f\u00e9rias escolares. Durante as temporadas tem\u00e1ticas, os participantes t\u00eam a oportunidade de usufruir de atividades diversificadas em um formato de acampamento, onde cada dia oferece novas experi\u00eancias, desafios e aventuras.<\/p>\n<h2>Atividades de Aventura e Explora\u00e7\u00e3o<\/h2>\n<p>No <strong>S\u00edtio do Carro\u00e7\u00e3o<\/strong>, os jovens se envolvem em uma variedade de atividades centradas na explora\u00e7\u00e3o e aventura. O objetivo \u00e9 estimular o contato com a natureza e favorecer o desenvolvimento de habilidades como trabalho em equipe e resolu\u00e7\u00e3o de problemas. Algumas das atividades incluem:<\/p>\n<ul>\n<li><strong>Labirintos e Cavernas:<\/strong> Desafios que envolvem a supera\u00e7\u00e3o de obst\u00e1culos em diversos terrenos.<\/li>\n<li><strong>Desafios Imersivos:<\/strong> Atividades que proporcionam uma experi\u00eancia aut\u00e9ntica de aventura, envolvendo elementos de ca\u00e7a ao tesouro.<\/li>\n<li><strong>Atividades ao Ar Livre:<\/strong> Miss\u00f5es e experi\u00eancias que incentivam a curiosidade e a descoberta.<\/li>\n<\/ul>\n<p>Um dos pontos altos \u00e9 a <strong>Trilha do Indiana Jones<\/strong>, onde os jovens atravessam um rio, saltando de pedra em pedra e buscando passagens secretas at\u00e9 chegar a uma refrescante cachoeira.<\/p>\n<p><img decoding=\"async\" src=\"https:\/\/www.encontraalphaville.com.br\/guia\/wp-content\/uploads\/2026\/01\/sitio-do-carrocao-temporada-de-carnaval-reune-aventura-festas-e-acampamento-para-criancas-e-adolesce.webp\" alt=\"Carnaval no S\u00edtio do Carro\u00e7\u00e3o\" loading=\"lazy\" \/><\/p>\n<h2>Programa\u00e7\u00e3o de Festas Tem\u00e1ticas<\/h2>\n<p>A temporada de Carnaval no <strong>S\u00edtio do Carro\u00e7\u00e3o<\/strong> \u00e9 repleta de festas animadas e tem\u00e1ticas que ocorrem \u00e0 noite. As festas s\u00e3o organizadas de maneira a criar um ambiente seguro e divertido, promovendo a intera\u00e7\u00e3o social entre os acampantes. Alguns dos eventos inclu\u00eddos s\u00e3o:<\/p>\n<ul>\n<li><strong>Micareta com Trio El\u00e9trico:<\/strong> Conta com m\u00fasica animada e muitas atividades em grupo.<\/li>\n<li><strong>Baile do Hava\u00ed:<\/strong> Realizado ao redor da piscina, com ilumina\u00e7\u00e3o especial, pista de dan\u00e7a e at\u00e9 um show pirot\u00e9cnico.<\/li>\n<li><strong>Festas Tem\u00e1ticas Variadas:<\/strong> Inclui festas \u00e0 fantasia, festas das cores e at\u00e9 uma festa country.<\/li>\n<\/ul>\n<h2>Divis\u00e3o de Idade para Atividades<\/h2>\n<p>A programa\u00e7\u00e3o do <strong>S\u00edtio do Carro\u00e7\u00e3o<\/strong> \u00e9 cuidadosamente estruturada de acordo com a faixa et\u00e1ria dos participantes, garantindo que cada grupo tenha experi\u00eancias apropriadas para seu n\u00edvel de desenvolvimento.<\/p>\n<h3>Modo Kids (5 a 9 anos)<\/h3>\n<ul>\n<li>Explora\u00e7\u00f5es guiadas por monitores experientes.<\/li>\n<li>Brincadeiras que estimulam a imagina\u00e7\u00e3o.<\/li>\n<li>Aventuras e fantasia em um ambiente seguro.<\/li>\n<\/ul>\n<h3>Modo Teens (10 a 16 anos)<\/h3>\n<ul>\n<li>Desafios f\u00edsicos que promovem a supera\u00e7\u00e3o pessoal.<\/li>\n<li>Atividades com maior adrenalina e entretenimento.<\/li>\n<li>Eventos e experi\u00eancias exclusivas que estimulam a intera\u00e7\u00e3o entre os adolescentes.<\/li>\n<\/ul>\n<h2>Transporte Inclu\u00eddo no Pacote<\/h2>\n<p>Os interessados em participar da temporada de Carnaval no <strong>S\u00edtio do Carro\u00e7\u00e3o<\/strong> precisam saber que o pacote inclui transporte. Um \u00f4nibus parte de Alphaville (SP) e leva os participantes at\u00e9 o local do acampamento, facilitando a log\u00edstica para as fam\u00edlias. Assim, os respons\u00e1veis devem apenas levar os jovens at\u00e9 o ponto de partida.<\/p>\n<h2>Valores e Pacotes do Acampamento<\/h2>\n<p>A temporada de Carnaval, que ocorre de <strong>14 a 20 de fevereiro<\/strong>, \u00e9 oferecida em um formato de pacote de acampamento. Os valores variam dependendo se a crian\u00e7a \u00e9 <strong>caloura (primeira vez)<\/strong> ou <strong>veterana<\/strong>, al\u00e9m de considerar a quantidade de irm\u00e3os inscritos.<\/p>\n<h3>Calouro \u2013 1\u00ba Filho (Primeira Participa\u00e7\u00e3o)<\/h3>\n<ul>\n<li><strong>\u00c0 vista:<\/strong> a partir de R$8.900<\/li>\n<li><strong>Parcelado em 10x:<\/strong> R$9.550<\/li>\n<\/ul>\n<h3>Calouro \u2013 2\u00ba Filho<\/h3>\n<ul>\n<li><strong>\u00c0 vista:<\/strong> a partir de R$8.290<\/li>\n<li><strong>Parcelado em 10x:<\/strong> R$8.900<\/li>\n<\/ul>\n<h3>Calouro \u2013 3\u00ba Filho<\/h3>\n<ul>\n<li><strong>\u00c0 vista:<\/strong> a partir de R$7.730<\/li>\n<li><strong>Parcelado em 10x:<\/strong> R$8.290<\/li>\n<\/ul>\n<p>O pacote oferece ainda cinco refei\u00e7\u00f5es di\u00e1rias, todas preparadas por nutricionistas, suporte m\u00e9dico 24 horas, hospedagem em acomoda\u00e7\u00f5es confort\u00e1veis com ar-condicionado e uma programa\u00e7\u00e3o cheia de atividades, jogos e festas.<\/p>\n<h2>Dicas para Participar do Carnaval<\/h2>\n<p>Se voc\u00ea est\u00e1 considerando inscrever seu filho ou filha, \u00e9 importante ter algumas dicas em mente:<\/p>\n<ul>\n<li>Prepare a crian\u00e7a explicando sobre o acampamento e o que pode esperar das atividades.<\/li>\n<li>Leve roupas apropriadas para aventuras ao ar livre, al\u00e9m de fantasias para as festas.<\/li>\n<li>Verifique a lista de itens necess\u00e1rios que o s\u00edtio pode fornecer antes da viagem.<\/li>\n<li>Encoraje a crian\u00e7a a fazer novas amizades e se envolver nas atividades propostas.<\/li>\n<\/ul>\n<h2>FAQ sobre a Temporada de Carnaval<\/h2>\n<p>Abaixo est\u00e3o algumas perguntas frequentes sobre a temporada de Carnaval no <strong>S\u00edtio do Carro\u00e7\u00e3o<\/strong>:<\/p>\n<ul>\n<li><strong>Quem pode participar?<\/strong> Crian\u00e7as e adolescentes de <strong>5 a 16 anos<\/strong>.<\/li>\n<li><strong>Quando acontece a temporada atual?<\/strong> De <strong>14 a 20 de fevereiro<\/strong>, durante o Carnaval.<\/li>\n<li><strong>H\u00e1 divis\u00e3o por idade?<\/strong> Sim, a programa\u00e7\u00e3o \u00e9 separada entre <strong>Kids (5 a 9 anos)<\/strong> e <strong>Teens (10 a 16 anos).<\/strong><\/li>\n<li><strong>O transporte est\u00e1 inclu\u00eddo?<\/strong> Sim, os \u00f4nibus saem de <strong>Alphaville (SP)<\/strong>.<\/li>\n<li><strong>Quais tipos de atividades fazem parte da programa\u00e7\u00e3o?<\/strong> As atividades incluem explora\u00e7\u00f5es, trilhas, desafios, festas tem\u00e1ticas e atividades em grupo ao ar livre.<\/li>\n<\/ul>\n<h2>Experi\u00eancias de Acampamento<\/h2>\n<p>Os participantes do acampamento no <strong>S\u00edtio do Carro\u00e7\u00e3o<\/strong> t\u00eam a chance de vivenciar um ambiente diferente, onde fazem amizades, aprendem novas habilidades e desplugam-se da tecnologia. A intera\u00e7\u00e3o social, junto com a pr\u00e1tica de esportes e atividades ao ar livre, contribui para um desenvolvimento saud\u00e1vel e divertido. Cada dia no acampamento \u00e9 uma nova oportunidade para os jovens explorarem, aprenderem e se divertirem de maneira significativa.<\/p>\n<h2>Por que Escolher o S\u00edtio do Carro\u00e7\u00e3o?<\/h2>\n<p>O <strong>S\u00edtio do Carro\u00e7\u00e3o<\/strong> se destaca por sua proposta de unir educa\u00e7\u00e3o e divers\u00e3o, criando um espa\u00e7o onde crian\u00e7as e adolescentes podem crescer e se desenvolver em um ambiente seguro. As atividades planejadas promovem o aprendizado atrav\u00e9s da pr\u00e1tica e do entretenimento, fazendo deste local uma excelente escolha para um acampamento de f\u00e9rias. Al\u00e9m disso, a estrutura do s\u00edtio \u00e9 adaptada para oferecer conforto e seguran\u00e7a aos seus visitantes, assegurando uma experi\u00eancia inesquec\u00edvel durante o Carnaval.<\/p>\n","protected":false},"excerpt":{"rendered":"<p>Carnaval no S\u00edtio do Carro\u00e7\u00e3o traz divers\u00e3o, aventura e experi\u00eancias imperd\u00edveis para crian\u00e7as e adolescentes.<\/p>\n","protected":false},"author":1,"featured_media":6296,"comment_status":"open","ping_status":"open","sticky":false,"template":"","format":"standard","meta":{"footnotes":""},"categories":[5],"tags":[],"class_list":["post-6297","post","type-post","status-publish","format-standard","has-post-thumbnail","hentry","category-noticias","has_thumb"],"yoast_head":"<!-- This site is optimized with the Yoast SEO plugin v26.4 - https:\/\/yoast.com\/wordpress\/plugins\/seo\/ -->\n<title>S\u00edtio do Carro\u00e7\u00e3o: temporada de Carnaval re\u00fane aventura, festas e acampamento para crian\u00e7as e adolescentes | Guia Comercial de Alphaville SP<\/title>\n<meta name=\"robots\" content=\"index, follow, max-snippet:-1, max-image-preview:large, max-video-preview:-1\" \/>\n<link rel=\"canonical\" href=\"https:\/\/www.encontraalphaville.com.br\/guia\/sitio-do-carrocao-temporada-de-carnaval-reune-aventura-festas-e-acampamento-para-criancas-e-adolescentes\/\" \/>\n<meta property=\"og:locale\" content=\"pt_BR\" \/>\n<meta property=\"og:type\" content=\"article\" \/>\n<meta property=\"og:title\" content=\"S\u00edtio do Carro\u00e7\u00e3o: temporada de Carnaval re\u00fane aventura, festas e acampamento para crian\u00e7as e adolescentes | Guia Comercial de Alphaville SP\" \/>\n<meta property=\"og:description\" content=\"Carnaval no S\u00edtio do Carro\u00e7\u00e3o traz divers\u00e3o, aventura e experi\u00eancias imperd\u00edveis para crian\u00e7as e adolescentes.\" \/>\n<meta property=\"og:url\" content=\"https:\/\/www.encontraalphaville.com.br\/guia\/sitio-do-carrocao-temporada-de-carnaval-reune-aventura-festas-e-acampamento-para-criancas-e-adolescentes\/\" \/>\n<meta property=\"og:site_name\" content=\"Guia Comercial de Alphaville SP\" \/>\n<meta property=\"article:published_time\" content=\"2026-01-27T15:03:53+00:00\" \/>\n<meta property=\"og:image\" content=\"https:\/\/www.encontraalphaville.com.br\/guia\/wp-content\/uploads\/2026\/01\/sitio-do-carrocao-temporada-de-carnaval-reune-aventura-festas-e-acampamento-para-criancas-e-adolesce.webp\" \/>\n<meta name=\"author\" content=\"Encontra Alphaville\" \/>\n<meta name=\"twitter:card\" content=\"summary_large_image\" \/>\n<meta name=\"twitter:label1\" content=\"Escrito por\" \/>\n\t<meta name=\"twitter:data1\" content=\"Encontra Alphaville\" \/>\n\t<meta name=\"twitter:label2\" content=\"Est. tempo de leitura\" \/>\n\t<meta name=\"twitter:data2\" content=\"5 minutos\" \/>\n<script type=\"application\/ld+json\" class=\"yoast-schema-graph\">{\"@context\":\"https:\/\/schema.org\",\"@graph\":[{\"@type\":\"WebPage\",\"@id\":\"https:\/\/www.encontraalphaville.com.br\/guia\/sitio-do-carrocao-temporada-de-carnaval-reune-aventura-festas-e-acampamento-para-criancas-e-adolescentes\/\",\"url\":\"https:\/\/www.encontraalphaville.com.br\/guia\/sitio-do-carrocao-temporada-de-carnaval-reune-aventura-festas-e-acampamento-para-criancas-e-adolescentes\/\",\"name\":\"S\u00edtio do Carro\u00e7\u00e3o: temporada de Carnaval re\u00fane aventura, festas e acampamento para crian\u00e7as e adolescentes | Guia Comercial de Alphaville SP\",\"isPartOf\":{\"@id\":\"https:\/\/www.encontraalphaville.com.br\/guia\/#website\"},\"primaryImageOfPage\":{\"@id\":\"https:\/\/www.encontraalphaville.com.br\/guia\/sitio-do-carrocao-temporada-de-carnaval-reune-aventura-festas-e-acampamento-para-criancas-e-adolescentes\/#primaryimage\"},\"image\":{\"@id\":\"https:\/\/www.encontraalphaville.com.br\/guia\/sitio-do-carrocao-temporada-de-carnaval-reune-aventura-festas-e-acampamento-para-criancas-e-adolescentes\/#primaryimage\"},\"thumbnailUrl\":\"https:\/\/www.encontraalphaville.com.br\/guia\/wp-content\/uploads\/2026\/01\/sitio-do-carrocao-temporada-de-carnaval-reune-aventura-festas-e-acampamento-para-criancas-e-adolesce.webp\",\"datePublished\":\"2026-01-27T15:03:53+00:00\",\"author\":{\"@id\":\"https:\/\/www.encontraalphaville.com.br\/guia\/#\/schema\/person\/a48592ba2de82cdaeeef25afa1c4bc6a\"},\"inLanguage\":\"pt-BR\",\"potentialAction\":[{\"@type\":\"ReadAction\",\"target\":[\"https:\/\/www.encontraalphaville.com.br\/guia\/sitio-do-carrocao-temporada-de-carnaval-reune-aventura-festas-e-acampamento-para-criancas-e-adolescentes\/\"]}]},{\"@type\":\"ImageObject\",\"inLanguage\":\"pt-BR\",\"@id\":\"https:\/\/www.encontraalphaville.com.br\/guia\/sitio-do-carrocao-temporada-de-carnaval-reune-aventura-festas-e-acampamento-para-criancas-e-adolescentes\/#primaryimage\",\"url\":\"https:\/\/www.encontraalphaville.com.br\/guia\/wp-content\/uploads\/2026\/01\/sitio-do-carrocao-temporada-de-carnaval-reune-aventura-festas-e-acampamento-para-criancas-e-adolesce.webp\",\"contentUrl\":\"https:\/\/www.encontraalphaville.com.br\/guia\/wp-content\/uploads\/2026\/01\/sitio-do-carrocao-temporada-de-carnaval-reune-aventura-festas-e-acampamento-para-criancas-e-adolesce.webp\",\"width\":280,\"height\":280,\"caption\":\"Carnaval no S\u00edtio do Carro\u00e7\u00e3o\"},{\"@type\":\"WebSite\",\"@id\":\"https:\/\/www.encontraalphaville.com.br\/guia\/#website\",\"url\":\"https:\/\/www.encontraalphaville.com.br\/guia\/\",\"name\":\"Guia Comercial de Alphaville SP\",\"description\":\"ENCONTRA ALPHAVILLE - O guia comercial de neg\u00f3cios e empresas, cultura e divers\u00e3o no bairro de Alphaville. Feito 100% para voc\u00ea morador!\",\"potentialAction\":[{\"@type\":\"SearchAction\",\"target\":{\"@type\":\"EntryPoint\",\"urlTemplate\":\"https:\/\/www.encontraalphaville.com.br\/guia\/?s={search_term_string}\"},\"query-input\":{\"@type\":\"PropertyValueSpecification\",\"valueRequired\":true,\"valueName\":\"search_term_string\"}}],\"inLanguage\":\"pt-BR\"},{\"@type\":\"Person\",\"@id\":\"https:\/\/www.encontraalphaville.com.br\/guia\/#\/schema\/person\/a48592ba2de82cdaeeef25afa1c4bc6a\",\"name\":\"Encontra Alphaville\",\"image\":{\"@type\":\"ImageObject\",\"inLanguage\":\"pt-BR\",\"@id\":\"https:\/\/www.encontraalphaville.com.br\/guia\/#\/schema\/person\/image\/\",\"url\":\"https:\/\/secure.gravatar.com\/avatar\/c50c17820bcf322f0a8fd6b110b8c0918141409dc69076470f6fca5fee70a5d4?s=96&d=mm&r=g\",\"contentUrl\":\"https:\/\/secure.gravatar.com\/avatar\/c50c17820bcf322f0a8fd6b110b8c0918141409dc69076470f6fca5fee70a5d4?s=96&d=mm&r=g\",\"caption\":\"Encontra Alphaville\"},\"url\":\"https:\/\/www.encontraalphaville.com.br\/guia\/author\/encontraalphaville\/\"}]}<\/script>\n<!-- \/ Yoast SEO plugin. -->","yoast_head_json":{"title":"S\u00edtio do Carro\u00e7\u00e3o: temporada de Carnaval re\u00fane aventura, festas e acampamento para crian\u00e7as e adolescentes | Guia Comercial de Alphaville SP","robots":{"index":"index","follow":"follow","max-snippet":"max-snippet:-1","max-image-preview":"max-image-preview:large","max-video-preview":"max-video-preview:-1"},"canonical":"https:\/\/www.encontraalphaville.com.br\/guia\/sitio-do-carrocao-temporada-de-carnaval-reune-aventura-festas-e-acampamento-para-criancas-e-adolescentes\/","og_locale":"pt_BR","og_type":"article","og_title":"S\u00edtio do Carro\u00e7\u00e3o: temporada de Carnaval re\u00fane aventura, festas e acampamento para crian\u00e7as e adolescentes | Guia Comercial de Alphaville SP","og_description":"Carnaval no S\u00edtio do Carro\u00e7\u00e3o traz divers\u00e3o, aventura e experi\u00eancias imperd\u00edveis para crian\u00e7as e adolescentes.","og_url":"https:\/\/www.encontraalphaville.com.br\/guia\/sitio-do-carrocao-temporada-de-carnaval-reune-aventura-festas-e-acampamento-para-criancas-e-adolescentes\/","og_site_name":"Guia Comercial de Alphaville SP","article_published_time":"2026-01-27T15:03:53+00:00","og_image":[{"url":"https:\/\/www.encontraalphaville.com.br\/guia\/wp-content\/uploads\/2026\/01\/sitio-do-carrocao-temporada-de-carnaval-reune-aventura-festas-e-acampamento-para-criancas-e-adolesce.webp","type":"","width":"","height":""}],"author":"Encontra Alphaville","twitter_card":"summary_large_image","twitter_misc":{"Escrito por":"Encontra Alphaville","Est. tempo de leitura":"5 minutos"},"schema":{"@context":"https:\/\/schema.org","@graph":[{"@type":"WebPage","@id":"https:\/\/www.encontraalphaville.com.br\/guia\/sitio-do-carrocao-temporada-de-carnaval-reune-aventura-festas-e-acampamento-para-criancas-e-adolescentes\/","url":"https:\/\/www.encontraalphaville.com.br\/guia\/sitio-do-carrocao-temporada-de-carnaval-reune-aventura-festas-e-acampamento-para-criancas-e-adolescentes\/","name":"S\u00edtio do Carro\u00e7\u00e3o: temporada de Carnaval re\u00fane aventura, festas e acampamento para crian\u00e7as e adolescentes | Guia Comercial de Alphaville SP","isPartOf":{"@id":"https:\/\/www.encontraalphaville.com.br\/guia\/#website"},"primaryImageOfPage":{"@id":"https:\/\/www.encontraalphaville.com.br\/guia\/sitio-do-carrocao-temporada-de-carnaval-reune-aventura-festas-e-acampamento-para-criancas-e-adolescentes\/#primaryimage"},"image":{"@id":"https:\/\/www.encontraalphaville.com.br\/guia\/sitio-do-carrocao-temporada-de-carnaval-reune-aventura-festas-e-acampamento-para-criancas-e-adolescentes\/#primaryimage"},"thumbnailUrl":"https:\/\/www.encontraalphaville.com.br\/guia\/wp-content\/uploads\/2026\/01\/sitio-do-carrocao-temporada-de-carnaval-reune-aventura-festas-e-acampamento-para-criancas-e-adolesce.webp","datePublished":"2026-01-27T15:03:53+00:00","author":{"@id":"https:\/\/www.encontraalphaville.com.br\/guia\/#\/schema\/person\/a48592ba2de82cdaeeef25afa1c4bc6a"},"inLanguage":"pt-BR","potentialAction":[{"@type":"ReadAction","target":["https:\/\/www.encontraalphaville.com.br\/guia\/sitio-do-carrocao-temporada-de-carnaval-reune-aventura-festas-e-acampamento-para-criancas-e-adolescentes\/"]}]},{"@type":"ImageObject","inLanguage":"pt-BR","@id":"https:\/\/www.encontraalphaville.com.br\/guia\/sitio-do-carrocao-temporada-de-carnaval-reune-aventura-festas-e-acampamento-para-criancas-e-adolescentes\/#primaryimage","url":"https:\/\/www.encontraalphaville.com.br\/guia\/wp-content\/uploads\/2026\/01\/sitio-do-carrocao-temporada-de-carnaval-reune-aventura-festas-e-acampamento-para-criancas-e-adolesce.webp","contentUrl":"https:\/\/www.encontraalphaville.com.br\/guia\/wp-content\/uploads\/2026\/01\/sitio-do-carrocao-temporada-de-carnaval-reune-aventura-festas-e-acampamento-para-criancas-e-adolesce.webp","width":280,"height":280,"caption":"Carnaval no S\u00edtio do Carro\u00e7\u00e3o"},{"@type":"WebSite","@id":"https:\/\/www.encontraalphaville.com.br\/guia\/#website","url":"https:\/\/www.encontraalphaville.com.br\/guia\/","name":"Guia Comercial de Alphaville SP","description":"ENCONTRA ALPHAVILLE - O guia comercial de neg\u00f3cios e empresas, cultura e divers\u00e3o no bairro de Alphaville. Feito 100% para voc\u00ea morador!","potentialAction":[{"@type":"SearchAction","target":{"@type":"EntryPoint","urlTemplate":"https:\/\/www.encontraalphaville.com.br\/guia\/?s={search_term_string}"},"query-input":{"@type":"PropertyValueSpecification","valueRequired":true,"valueName":"search_term_string"}}],"inLanguage":"pt-BR"},{"@type":"Person","@id":"https:\/\/www.encontraalphaville.com.br\/guia\/#\/schema\/person\/a48592ba2de82cdaeeef25afa1c4bc6a","name":"Encontra Alphaville","image":{"@type":"ImageObject","inLanguage":"pt-BR","@id":"https:\/\/www.encontraalphaville.com.br\/guia\/#\/schema\/person\/image\/","url":"https:\/\/secure.gravatar.com\/avatar\/c50c17820bcf322f0a8fd6b110b8c0918141409dc69076470f6fca5fee70a5d4?s=96&d=mm&r=g","contentUrl":"https:\/\/secure.gravatar.com\/avatar\/c50c17820bcf322f0a8fd6b110b8c0918141409dc69076470f6fca5fee70a5d4?s=96&d=mm&r=g","caption":"Encontra Alphaville"},"url":"https:\/\/www.encontraalphaville.com.br\/guia\/author\/encontraalphaville\/"}]}},"_links":{"self":[{"href":"https:\/\/www.encontraalphaville.com.br\/guia\/wp-json\/wp\/v2\/posts\/6297","targetHints":{"allow":["GET"]}}],"collection":[{"href":"https:\/\/www.encontraalphaville.com.br\/guia\/wp-json\/wp\/v2\/posts"}],"about":[{"href":"https:\/\/www.encontraalphaville.com.br\/guia\/wp-json\/wp\/v2\/types\/post"}],"author":[{"embeddable":true,"href":"https:\/\/www.encontraalphaville.com.br\/guia\/wp-json\/wp\/v2\/users\/1"}],"replies":[{"embeddable":true,"href":"https:\/\/www.encontraalphaville.com.br\/guia\/wp-json\/wp\/v2\/comments?post=6297"}],"version-history":[{"count":0,"href":"https:\/\/www.encontraalphaville.com.br\/guia\/wp-json\/wp\/v2\/posts\/6297\/revisions"}],"wp:featuredmedia":[{"embeddable":true,"href":"https:\/\/www.encontraalphaville.com.br\/guia\/wp-json\/wp\/v2\/media\/6296"}],"wp:attachment":[{"href":"https:\/\/www.encontraalphaville.com.br\/guia\/wp-json\/wp\/v2\/media?parent=6297"}],"wp:term":[{"taxonomy":"category","embeddable":true,"href":"https:\/\/www.encontraalphaville.com.br\/guia\/wp-json\/wp\/v2\/categories?post=6297"},{"taxonomy":"post_tag","embeddable":true,"href":"https:\/\/www.encontraalphaville.com.br\/guia\/wp-json\/wp\/v2\/tags?post=6297"}],"curies":[{"name":"wp","href":"https:\/\/api.w.org\/{rel}","templated":true}]}}