{"id":6259,"date":"2026-01-18T12:04:37","date_gmt":"2026-01-18T15:04:37","guid":{"rendered":"https:\/\/www.encontraalphaville.com.br\/guia\/andre-valadao-assume-igreja-batista-da-lagoinha-alphaville\/"},"modified":"2026-01-18T12:04:37","modified_gmt":"2026-01-18T15:04:37","slug":"andre-valadao-assume-igreja-batista-da-lagoinha-alphaville","status":"publish","type":"post","link":"https:\/\/www.encontraalphaville.com.br\/guia\/andre-valadao-assume-igreja-batista-da-lagoinha-alphaville\/","title":{"rendered":"Andr\u00e9 Valad\u00e3o assume Igreja Batista da Lagoinha Alphaville"},"content":{"rendered":"<h2>Uma Nova Era na Dire\u00e7\u00e3o<\/h2>\n<p>A lideran\u00e7a de uma igreja \u00e9 uma responsabilidade imensa que envolve n\u00e3o apenas administrar uma congrega\u00e7\u00e3o, mas tamb\u00e9m servir como guia espiritual e influencer da comunidade. Recentemente, Andr\u00e9 Valad\u00e3o assumiu a lideran\u00e7a da Igreja Batista da Lagoinha em Alphaville, S\u00e3o Paulo, uma mudan\u00e7a que promete revitalizar e trazer novos ventos para a congrega\u00e7\u00e3o. Com um hist\u00f3rico marcado por seu carisma e forte conex\u00e3o com os fi\u00e9is, Valad\u00e3o \u00e9 uma figura amplamente reconhecida no meio gospel, sendo n\u00e3o apenas pastor, mas tamb\u00e9m cantor e compositor de m\u00fasicas que t\u00eam tocado a vida de milhares de pessoas. Sua chegada \u00e0 Lagoinha Alphaville \u00e9 vista como um marco que poder\u00e1 influenciar positivamente tanto os frequentadores da igreja quanto a comunidade ao redor.<\/p>\n<p>O an\u00fancio de sua nova posi\u00e7\u00e3o n\u00e3o apenas gerou entusiasmo entre os membros da igreja, mas tamb\u00e9m chamou a aten\u00e7\u00e3o de muitos l\u00edderes religiosos e seguidores do movimento gospel. Ele utiliza suas redes sociais para comunicar a novidade, expressando a alegria de pastorear duas igrejas vibrantes, a Lagoinha em Alphaville e a Lagoinha Orlando Church, nos Estados Unidos. A vis\u00e3o de Valad\u00e3o abrange n\u00e3o s\u00f3 o \u00e2mbito nacional, mas tamb\u00e9m o internacional, refletindo um prop\u00f3sito de expans\u00e3o e conectividade espiritual.<\/p>\n<h2>Valad\u00e3o e sua Conex\u00e3o Internacional<\/h2>\n<p>Andr\u00e9 Valad\u00e3o, ao longo de sua trajet\u00f3ria, consolidou uma conex\u00e3o significativa com o p\u00fablico gospel n\u00e3o s\u00f3 no Brasil, mas tamb\u00e9m em diversas partes do mundo, especialmente nos Estados Unidos. Sua igreja em Orlando \u00e9 um exemplo dessa expans\u00e3o, que visa criar um espa\u00e7o inclusivo para os brasileiros que se encontram fora do pa\u00eds, mas tamb\u00e9m para qualquer pessoa que busca a espiritualidade em uma comunidade acolhedora.<\/p>\n<p><img decoding=\"async\" src=\"https:\/\/www.encontraalphaville.com.br\/guia\/wp-content\/uploads\/2026\/01\/andre-valadao-assume-igreja-batista-da-lagoinha-alphaville.webp\" alt=\"Andr\u00e9 Valad\u00e3o assume Igreja Batista da Lagoinha Alphaville\" loading=\"lazy\" \/><\/p>\n<p>A habilidade de Valad\u00e3o de alcan\u00e7ar e tocar diversas culturas \u00e9 um fator importante em sua lideran\u00e7a. Ele frequentemente fala sobre a import\u00e2ncia de ser uma voz de positividade e esperan\u00e7a, n\u00e3o apenas na m\u00fasica que comp\u00f5e, mas tamb\u00e9m nas mensagens que compartilha em seus cultos. Essa conex\u00e3o internacional tamb\u00e9m se reflete em colaborar com outros minist\u00e9rios e influenciadores, promovendo um interc\u00e2mbio cultural e espiritual que beneficia todos os envolvidos.<\/p>\n<p>Essa vis\u00e3o internacional permite que a Igreja Lagoinha alcance um n\u00famero bem maior de pessoas, integrando-as \u00e0 vis\u00e3o de um Cristo que transcende fronteiras e se faz presente nas diversidades culturais. Valad\u00e3o est\u00e1 constantemente buscando maneiras de envolver os fi\u00e9is em diferentes cidades e pa\u00edses, mostrando que a f\u00e9 pode unificar e transformar vidas.<\/p>\n<h2>Os Cultos na Lagoinha Alphaville<\/h2>\n<p>Os cultos na Igreja Batista da Lagoinha em Alphaville atraem uma multid\u00e3o ansiosa por experi\u00eancias espirituais profundas. Com cultos programados tr\u00eas vezes por semana, nas quintas-feiras e domingos, o espa\u00e7o se torna um ponto de encontro para a comunidade que busca mais do que apenas uma conex\u00e3o espiritual, mas tamb\u00e9m um local de acolhimento e amizade.<\/p>\n<p>A estrutura da igreja \u00e9 moderna e bem equipada, proporcionando um ambiente calmo e inspirador para adora\u00e7\u00e3o. Valad\u00e3o tem enfatizado a import\u00e2ncia de criar um ambiente que favore\u00e7a a express\u00e3o livre de adora\u00e7\u00e3o, algo que se reflete n\u00e3o apenas nas liturgias, mas tamb\u00e9m na forma como a m\u00fasica \u00e9 integrada durante os cultos. Sua experi\u00eancia como m\u00fasico \u00e9 uma adi\u00e7\u00e3o valiosa, pois ele sabe como a m\u00fasica pode impactar o esp\u00edrito humano e criar uma atmosfera de rever\u00eancia e alegria.<\/p>\n<p>Al\u00e9m dos cultos regulares, a igreja tamb\u00e9m oferece eventos especiais, encontros tem\u00e1ticos e workshops que abordam temas relevantes para a vida cotidiana dos fi\u00e9is. Essa din\u00e2mica ativa n\u00e3o apenas enriquece a experi\u00eancia dos membros, mas tamb\u00e9m incentiva a participa\u00e7\u00e3o da comunidade em geral, independentemente da denomina\u00e7\u00e3o religiosa que possam seguir.<\/p>\n<h2>O Impacto da Lideran\u00e7a de Valad\u00e3o<\/h2>\n<p>O impacto da lideran\u00e7a de Andr\u00e9 Valad\u00e3o na Igreja Batista da Lagoinha em Alphaville \u00e9 vis\u00edvel n\u00e3o apenas nas pr\u00e1ticas da igreja, mas tamb\u00e9m na vida dos membros. A nova abordagem de lideran\u00e7a traz um sentido renovado de esperan\u00e7a e motiva\u00e7\u00e3o para a congrega\u00e7\u00e3o, al\u00e9m de incentivar os fi\u00e9is a se envolverem na comunidade al\u00e9m das paredes da igreja.<\/p>\n<p>Valad\u00e3o encoraja a participa\u00e7\u00e3o dos membros em a\u00e7\u00f5es sociais, promovendo iniciativas que buscam ajudar os necessitados, como arrecada\u00e7\u00f5es para institui\u00e7\u00f5es de caridade e apoio a grupos vulner\u00e1veis. Essa preocupa\u00e7\u00e3o com o pr\u00f3ximo \u00e9 uma extens\u00e3o natural de sua mensagem de amor e compaix\u00e3o, que \u00e9 central em sua prega\u00e7\u00e3o e reflex\u00e3o sobre a vida crist\u00e3.<\/p>\n<p>Al\u00e9m disso, a lideran\u00e7a de Valad\u00e3o atrai novos membros, especialmente os jovens, que veem na sua abordagem uma forma moderna e acess\u00edvel de viver a f\u00e9. Isso resulta em uma atmosfera vibrante dentro da igreja, onde a energia jovem pode ser sentida e a troca de experi\u00eancias \u00e9 apreciada. A possibilidade de olhar para a vida espiritual com diversidade e inova\u00e7\u00e3o, atrav\u00e9s da lideran\u00e7a de Valad\u00e3o, refor\u00e7a a relev\u00e2ncia da igreja na sociedade contempor\u00e2nea.<\/p>\n<h2>As Expectativas da Comunidade<\/h2>\n<p>A comunidade em torno da Lagoinha Alphaville tem grandes expectativas em rela\u00e7\u00e3o ao que esta nova fase trar\u00e1. Membros antigos est\u00e3o empolgados com as novas ideias que Valad\u00e3o tem promovido e os novos fi\u00e9is veem nele uma figura de continuidade e transforma\u00e7\u00e3o. \u00c9 uma oportunidade para a igreja se reinventar e se adaptar aos novos tempos sem perder suas ra\u00edzes.<\/p>\n<p>Ao mesmo tempo, a comunidade tamb\u00e9m espera que a lideran\u00e7a de Valad\u00e3o traga uma renova\u00e7\u00e3o espiritual e enrique\u00e7a as experi\u00eancias vividas nas celebra\u00e7\u00f5es. As pessoas querem sentir que suas necessidades espirituais e emocionais est\u00e3o sendo atendidas, e o pastor tem demonstrado interesse em ouvir e interagir diretamente com seus membros, refor\u00e7ando essa conex\u00e3o.<\/p>\n<p>Essa expectativa tem alimentado um sentido de unidade e prop\u00f3sito, onde todos est\u00e3o ansiosos por um futuro positivo, entendendo que a f\u00e9 pode ser um ponto central de transforma\u00e7\u00e3o na vida das pessoas e da comunidade. Dessa forma, a Lagoinha Alphaville se posiciona como um farol de esperan\u00e7a e amor em tempos que muitas vezes podem ser desafiadores.<\/p>\n<h2>Cultos e Eventos Especializados<\/h2>\n<p>Al\u00e9m dos cultos regulares, a Lagoinha em Alphaville se dedica a promover eventos especializados que s\u00e3o proje\u00e7\u00f5es comunit\u00e1rias e de crescimento espiritual. A ideia \u00e9 recriar experi\u00eancias que v\u00e3o al\u00e9m do culto tradicional, permitindo que a comunidade se conecte em m\u00faltiplos n\u00edveis.<\/p>\n<p>Estes eventos frequentemente incluem confer\u00eancias, workshops de lideran\u00e7a, retiros espirituais e at\u00e9 encontros de adora\u00e7\u00e3o, onde pessoas de todas as idades podem se reunir para crescer em espiritualidade e conhecimento. Valad\u00e3o entende que a diversidade de atividades limita a estagna\u00e7\u00e3o e promove a vitalidade espiritual na congrega\u00e7\u00e3o.<\/p>\n<p>Essas atividades s\u00e3o planejadas com o intuito de enriquecer a vida espiritual dos participantes. O pastor, junto com sua equipe, busca sempre trazer convidados especiais, como outros pastores influentes, m\u00fasica ao vivo de artistas gospel renomados e oradores motivacionais, que podem compartilhar mensagens edificantes.<\/p>\n<p>A intera\u00e7\u00e3o e a inclus\u00e3o nessas atividades trazem novas oportunidades de aprendizado e crescimento, al\u00e9m de fortalecer la\u00e7os comunit\u00e1rios, gerando um espa\u00e7o onde os jovens, adultos e crian\u00e7as podem se sentir a vontade para expressar sua f\u00e9 e compartilhar experi\u00eancias. Essa abordagem, sem d\u00favida, refor\u00e7a a identidade da igreja como um centro pulsante de f\u00e9 e a\u00e7\u00e3o.<\/p>\n<h2>Mensagem de Esperan\u00e7a e Renova\u00e7\u00e3o<\/h2>\n<p>Uma das principais mensagens que Andr\u00e9 Valad\u00e3o transmite em seus cultos e eventos \u00e9 a de esperan\u00e7a e renova\u00e7\u00e3o. Em uma era em que as dificuldades parecem ser mais evidentes, a palavra de esperan\u00e7a se torna essencial. Seus discursos frequentemente abordam temas como resili\u00eancia, f\u00e9 e a capacidade de recome\u00e7ar, elementos fundamentais que inspiram a congrega\u00e7\u00e3o a nunca perder a esperan\u00e7a.<\/p>\n<p>Valad\u00e3o utiliza exemplos pr\u00e1ticos de sua vida pessoal e minist\u00e9rio para mostrar que mesmo diante das dificuldades, a f\u00e9 pode ser um pilar que nos sustenta. Ele encoraja seus seguidores a confiarem em Deus, independente da situa\u00e7\u00e3o que estejam vivendo, e ressalta que sempre h\u00e1 uma luz no fim do t\u00fanel. Esta mensagem de esperan\u00e7a se torna um b\u00e1lsamo para muitos que atravessam momentos dif\u00edceis, tornando a congrega\u00e7\u00e3o um local de ref\u00fagio e fortalecimento.<\/p>\n<p>Al\u00e9m disso, ele promove a ideia de que a mudan\u00e7a \u00e9 poss\u00edvel e que todos t\u00eam a capacidade de transformar suas vidas por meio de f\u00e9 e a\u00e7\u00f5es concretas. Seja por meio de uma m\u00fasica, uma mensagem poderosa ou um gesto de bondade, Valad\u00e3o visa inspirar cada membro da igreja e da comunidade a ser a mudan\u00e7a que desejam ver no mundo.<\/p>\n<h2>O Futuro das Igrejas Lagoinha<\/h2>\n<p>O futuro das Igrejas Lagoinha promete ser brilhante sob a lideran\u00e7a de Andr\u00e9 Valad\u00e3o. A uni\u00e3o de for\u00e7as entre as congrega\u00e7\u00f5es brasileiras e americanas representa uma oportunidade \u00fanica para ampliar a dissemina\u00e7\u00e3o da mensagem crist\u00e3. Atrav\u00e9s de esfor\u00e7os conjuntos, as igrejas podem criar um verdadeiro movimento de transforma\u00e7\u00e3o social e espiritual que transcende fronteiras.<\/p>\n<p>A continuidade do trabalho mission\u00e1rio, o desenvolvimento de novos minist\u00e9rios e a implementa\u00e7\u00e3o de programas sociais s\u00e3o apenas algumas das iniciativas que podem surgir dessa uni\u00e3o. A esperan\u00e7a de Valad\u00e3o \u00e9 que as duas congrega\u00e7\u00f5es possam trabalhar em harmonia, compartilhando conhecimentos e experi\u00eancias que enriquecer\u00e3o a vida de seus membros e comunidades ao redor.<\/p>\n<p>Com a vis\u00e3o de uma igreja que n\u00e3o apenas abrange a espiritualidade, mas tamb\u00e9m a responsabilidade social, o futuro se desenha com novas possibilidades. As Igrejas Lagoinha podem se tornar refer\u00eancia de a\u00e7\u00e3o coletiva e transforma\u00e7\u00e3o, e Valad\u00e3o certamente tem um papel central nesse processo. O comprometimento com a verdade e o amor incondicional vai ressoar al\u00e9m das paredes da igreja, impactando significativamente as vidas ao redor.<\/p>\n<h2>Desafios e Oportunidades<\/h2>\n<p>Ser l\u00edder de uma igreja grande e diversificada como a Lagoinha implica em uma s\u00e9rie de desafios, mas tamb\u00e9m em uma gama de oportunidades. \u00c0 medida que Valad\u00e3o ascende em sua nova fun\u00e7\u00e3o, ele precisar\u00e1 lidar com as particularidades e demandas de uma congrega\u00e7\u00e3o que anseia por inova\u00e7\u00e3o e aten\u00e7\u00e3o.<\/p>\n<p>Os desafios incluem, mas n\u00e3o se limitam, \u00e0 necessidade de manter unidade entre os membros com diferentes expectativas e vis\u00f5es. H\u00e1 tamb\u00e9m o desafio de ser relevante em um mundo cada vez mais c\u00e9tico e ocupado, onde a espiritualidade muitas vezes pode ser relegada a segundo plano. No entanto, ao mesmo tempo, isso se transforma em uma oportunidade magn\u00edfica para Valad\u00e3o mostrar sua capacidade de dialogar e criar uma aproxima\u00e7\u00e3o inovadora com o p\u00fablico.<\/p>\n<p>Outro desafio que o pastor poder\u00e1 enfrentar \u00e9 a adapta\u00e7\u00e3o \u00e0s novas gera\u00e7\u00f5es que t\u00eam um contato diferente com a f\u00e9, muitas vezes influenciadas por quest\u00f5es sociais e culturais contempor\u00e2neas. A capacidade de conectar-se com esses jovens e oferecer um espa\u00e7o seguro e acolhedor para eles ser\u00e1 fundamental para a continuidade da presen\u00e7a da igreja na comunidade.<\/p>\n<p>A resposta a esses desafios tamb\u00e9m poder\u00e1 estimular um crescimento pessoal e espiritual dentro da congrega\u00e7\u00e3o. Valad\u00e3o mais uma vez ter\u00e1 a oportunidade de desenvolver uma lideran\u00e7a inclusiva e aberta, disposta a ouvir e agir conforme as necessidades do grupo. Essa flexibilidade pode se transformar em um diferencial que ir\u00e1 destacar a Lagoinha entre as outras igrejas e comunidades.<\/p>\n<h2>Uma Reflex\u00e3o sobre a Lideran\u00e7a Religiosa<\/h2>\n<p>A lideran\u00e7a religiosa em sua ess\u00eancia \u00e9 uma voca\u00e7\u00e3o, um chamado que vai al\u00e9m da simples condu\u00e7\u00e3o administrativa de uma igreja. \u00c9 sobre ser um agente de mudan\u00e7a, um orientador espiritual e um exemplo vivo de f\u00e9 e compaix\u00e3o. Andr\u00e9 Valad\u00e3o, ao assumir a Igreja Batista da Lagoinha em Alphaville, representa essa vis\u00e3o de lideran\u00e7a que busca impactar as vidas ao redor de maneira positiva e significativa.<\/p>\n<p>Ao administrar as suas responsabilidades tanto no Brasil como nos Estados Unidos, Valad\u00e3o n\u00e3o s\u00f3 se coloca na linha de frente do movimento gospel, mas tamb\u00e9m serve de inspira\u00e7\u00e3o para outros l\u00edderes. Sua jornada nos ensina que a verdadeira lideran\u00e7a \u00e9 constru\u00edda sobre valores como amor, integridade e servi\u00e7o.<\/p>\n<p>Por fim, a reflex\u00e3o sobre lideran\u00e7a nos lembra que, ao guiar outros, um l\u00edder tamb\u00e9m deve estar disposto a aprender e a se adaptar \u00e0s mudan\u00e7as. A capacidade de evoluir, de ouvir as necessidades do seu povo e de ajustar suas abordagens de acordo, \u00e9 o que distingue um bom l\u00edder de um grande l\u00edder.<\/p>\n<p>Assim, o futuro da Igreja Batista da Lagoinha e, por extens\u00e3o, do movimento gospel no Brasil, pode estar em boas m\u00e3os sob a lideran\u00e7a de Andr\u00e9 Valad\u00e3o. Ele traz consigo uma vis\u00e3o renovada e um cora\u00e7\u00e3o disposto a servir, com a certeza de que grandes coisas est\u00e3o por vir.<\/p>\n","protected":false},"excerpt":{"rendered":"<p>Andr\u00e9 Valad\u00e3o traz mudan\u00e7as significativas para a Igreja Batista da Lagoinha.<\/p>\n","protected":false},"author":1,"featured_media":6258,"comment_status":"open","ping_status":"open","sticky":false,"template":"","format":"standard","meta":{"footnotes":""},"categories":[5],"tags":[],"class_list":["post-6259","post","type-post","status-publish","format-standard","has-post-thumbnail","hentry","category-noticias","has_thumb"],"yoast_head":"<!-- This site is optimized with the Yoast SEO plugin v26.4 - https:\/\/yoast.com\/wordpress\/plugins\/seo\/ -->\n<title>Andr\u00e9 Valad\u00e3o assume Igreja Batista da Lagoinha Alphaville | Guia Comercial de Alphaville SP<\/title>\n<meta name=\"robots\" content=\"index, follow, max-snippet:-1, max-image-preview:large, max-video-preview:-1\" \/>\n<link rel=\"canonical\" href=\"https:\/\/www.encontraalphaville.com.br\/guia\/andre-valadao-assume-igreja-batista-da-lagoinha-alphaville\/\" \/>\n<meta property=\"og:locale\" content=\"pt_BR\" \/>\n<meta property=\"og:type\" content=\"article\" \/>\n<meta property=\"og:title\" content=\"Andr\u00e9 Valad\u00e3o assume Igreja Batista da Lagoinha Alphaville | Guia Comercial de Alphaville SP\" \/>\n<meta property=\"og:description\" content=\"Andr\u00e9 Valad\u00e3o traz mudan\u00e7as significativas para a Igreja Batista da Lagoinha.\" \/>\n<meta property=\"og:url\" content=\"https:\/\/www.encontraalphaville.com.br\/guia\/andre-valadao-assume-igreja-batista-da-lagoinha-alphaville\/\" \/>\n<meta property=\"og:site_name\" content=\"Guia Comercial de Alphaville SP\" \/>\n<meta property=\"article:published_time\" content=\"2026-01-18T15:04:37+00:00\" \/>\n<meta property=\"og:image\" content=\"https:\/\/www.encontraalphaville.com.br\/guia\/wp-content\/uploads\/2026\/01\/andre-valadao-assume-igreja-batista-da-lagoinha-alphaville.webp\" \/>\n<meta name=\"author\" content=\"Encontra Alphaville\" \/>\n<meta name=\"twitter:card\" content=\"summary_large_image\" \/>\n<meta name=\"twitter:label1\" content=\"Escrito por\" \/>\n\t<meta name=\"twitter:data1\" content=\"Encontra Alphaville\" \/>\n\t<meta name=\"twitter:label2\" content=\"Est. tempo de leitura\" \/>\n\t<meta name=\"twitter:data2\" content=\"11 minutos\" \/>\n<script type=\"application\/ld+json\" class=\"yoast-schema-graph\">{\"@context\":\"https:\/\/schema.org\",\"@graph\":[{\"@type\":\"WebPage\",\"@id\":\"https:\/\/www.encontraalphaville.com.br\/guia\/andre-valadao-assume-igreja-batista-da-lagoinha-alphaville\/\",\"url\":\"https:\/\/www.encontraalphaville.com.br\/guia\/andre-valadao-assume-igreja-batista-da-lagoinha-alphaville\/\",\"name\":\"Andr\u00e9 Valad\u00e3o assume Igreja Batista da Lagoinha Alphaville | Guia Comercial de Alphaville SP\",\"isPartOf\":{\"@id\":\"https:\/\/www.encontraalphaville.com.br\/guia\/#website\"},\"primaryImageOfPage\":{\"@id\":\"https:\/\/www.encontraalphaville.com.br\/guia\/andre-valadao-assume-igreja-batista-da-lagoinha-alphaville\/#primaryimage\"},\"image\":{\"@id\":\"https:\/\/www.encontraalphaville.com.br\/guia\/andre-valadao-assume-igreja-batista-da-lagoinha-alphaville\/#primaryimage\"},\"thumbnailUrl\":\"https:\/\/www.encontraalphaville.com.br\/guia\/wp-content\/uploads\/2026\/01\/andre-valadao-assume-igreja-batista-da-lagoinha-alphaville.webp\",\"datePublished\":\"2026-01-18T15:04:37+00:00\",\"author\":{\"@id\":\"https:\/\/www.encontraalphaville.com.br\/guia\/#\/schema\/person\/a48592ba2de82cdaeeef25afa1c4bc6a\"},\"inLanguage\":\"pt-BR\",\"potentialAction\":[{\"@type\":\"ReadAction\",\"target\":[\"https:\/\/www.encontraalphaville.com.br\/guia\/andre-valadao-assume-igreja-batista-da-lagoinha-alphaville\/\"]}]},{\"@type\":\"ImageObject\",\"inLanguage\":\"pt-BR\",\"@id\":\"https:\/\/www.encontraalphaville.com.br\/guia\/andre-valadao-assume-igreja-batista-da-lagoinha-alphaville\/#primaryimage\",\"url\":\"https:\/\/www.encontraalphaville.com.br\/guia\/wp-content\/uploads\/2026\/01\/andre-valadao-assume-igreja-batista-da-lagoinha-alphaville.webp\",\"contentUrl\":\"https:\/\/www.encontraalphaville.com.br\/guia\/wp-content\/uploads\/2026\/01\/andre-valadao-assume-igreja-batista-da-lagoinha-alphaville.webp\",\"width\":280,\"height\":280,\"caption\":\"Andr\u00e9 Valad\u00e3o assume Igreja Batista da Lagoinha Alphaville\"},{\"@type\":\"WebSite\",\"@id\":\"https:\/\/www.encontraalphaville.com.br\/guia\/#website\",\"url\":\"https:\/\/www.encontraalphaville.com.br\/guia\/\",\"name\":\"Guia Comercial de Alphaville SP\",\"description\":\"ENCONTRA ALPHAVILLE - O guia comercial de neg\u00f3cios e empresas, cultura e divers\u00e3o no bairro de Alphaville. Feito 100% para voc\u00ea morador!\",\"potentialAction\":[{\"@type\":\"SearchAction\",\"target\":{\"@type\":\"EntryPoint\",\"urlTemplate\":\"https:\/\/www.encontraalphaville.com.br\/guia\/?s={search_term_string}\"},\"query-input\":{\"@type\":\"PropertyValueSpecification\",\"valueRequired\":true,\"valueName\":\"search_term_string\"}}],\"inLanguage\":\"pt-BR\"},{\"@type\":\"Person\",\"@id\":\"https:\/\/www.encontraalphaville.com.br\/guia\/#\/schema\/person\/a48592ba2de82cdaeeef25afa1c4bc6a\",\"name\":\"Encontra Alphaville\",\"image\":{\"@type\":\"ImageObject\",\"inLanguage\":\"pt-BR\",\"@id\":\"https:\/\/www.encontraalphaville.com.br\/guia\/#\/schema\/person\/image\/\",\"url\":\"https:\/\/secure.gravatar.com\/avatar\/c50c17820bcf322f0a8fd6b110b8c0918141409dc69076470f6fca5fee70a5d4?s=96&d=mm&r=g\",\"contentUrl\":\"https:\/\/secure.gravatar.com\/avatar\/c50c17820bcf322f0a8fd6b110b8c0918141409dc69076470f6fca5fee70a5d4?s=96&d=mm&r=g\",\"caption\":\"Encontra Alphaville\"},\"url\":\"https:\/\/www.encontraalphaville.com.br\/guia\/author\/encontraalphaville\/\"}]}<\/script>\n<!-- \/ Yoast SEO plugin. -->","yoast_head_json":{"title":"Andr\u00e9 Valad\u00e3o assume Igreja Batista da Lagoinha Alphaville | Guia Comercial de Alphaville SP","robots":{"index":"index","follow":"follow","max-snippet":"max-snippet:-1","max-image-preview":"max-image-preview:large","max-video-preview":"max-video-preview:-1"},"canonical":"https:\/\/www.encontraalphaville.com.br\/guia\/andre-valadao-assume-igreja-batista-da-lagoinha-alphaville\/","og_locale":"pt_BR","og_type":"article","og_title":"Andr\u00e9 Valad\u00e3o assume Igreja Batista da Lagoinha Alphaville | Guia Comercial de Alphaville SP","og_description":"Andr\u00e9 Valad\u00e3o traz mudan\u00e7as significativas para a Igreja Batista da Lagoinha.","og_url":"https:\/\/www.encontraalphaville.com.br\/guia\/andre-valadao-assume-igreja-batista-da-lagoinha-alphaville\/","og_site_name":"Guia Comercial de Alphaville SP","article_published_time":"2026-01-18T15:04:37+00:00","og_image":[{"url":"https:\/\/www.encontraalphaville.com.br\/guia\/wp-content\/uploads\/2026\/01\/andre-valadao-assume-igreja-batista-da-lagoinha-alphaville.webp","type":"","width":"","height":""}],"author":"Encontra Alphaville","twitter_card":"summary_large_image","twitter_misc":{"Escrito por":"Encontra Alphaville","Est. tempo de leitura":"11 minutos"},"schema":{"@context":"https:\/\/schema.org","@graph":[{"@type":"WebPage","@id":"https:\/\/www.encontraalphaville.com.br\/guia\/andre-valadao-assume-igreja-batista-da-lagoinha-alphaville\/","url":"https:\/\/www.encontraalphaville.com.br\/guia\/andre-valadao-assume-igreja-batista-da-lagoinha-alphaville\/","name":"Andr\u00e9 Valad\u00e3o assume Igreja Batista da Lagoinha Alphaville | Guia Comercial de Alphaville SP","isPartOf":{"@id":"https:\/\/www.encontraalphaville.com.br\/guia\/#website"},"primaryImageOfPage":{"@id":"https:\/\/www.encontraalphaville.com.br\/guia\/andre-valadao-assume-igreja-batista-da-lagoinha-alphaville\/#primaryimage"},"image":{"@id":"https:\/\/www.encontraalphaville.com.br\/guia\/andre-valadao-assume-igreja-batista-da-lagoinha-alphaville\/#primaryimage"},"thumbnailUrl":"https:\/\/www.encontraalphaville.com.br\/guia\/wp-content\/uploads\/2026\/01\/andre-valadao-assume-igreja-batista-da-lagoinha-alphaville.webp","datePublished":"2026-01-18T15:04:37+00:00","author":{"@id":"https:\/\/www.encontraalphaville.com.br\/guia\/#\/schema\/person\/a48592ba2de82cdaeeef25afa1c4bc6a"},"inLanguage":"pt-BR","potentialAction":[{"@type":"ReadAction","target":["https:\/\/www.encontraalphaville.com.br\/guia\/andre-valadao-assume-igreja-batista-da-lagoinha-alphaville\/"]}]},{"@type":"ImageObject","inLanguage":"pt-BR","@id":"https:\/\/www.encontraalphaville.com.br\/guia\/andre-valadao-assume-igreja-batista-da-lagoinha-alphaville\/#primaryimage","url":"https:\/\/www.encontraalphaville.com.br\/guia\/wp-content\/uploads\/2026\/01\/andre-valadao-assume-igreja-batista-da-lagoinha-alphaville.webp","contentUrl":"https:\/\/www.encontraalphaville.com.br\/guia\/wp-content\/uploads\/2026\/01\/andre-valadao-assume-igreja-batista-da-lagoinha-alphaville.webp","width":280,"height":280,"caption":"Andr\u00e9 Valad\u00e3o assume Igreja Batista da Lagoinha Alphaville"},{"@type":"WebSite","@id":"https:\/\/www.encontraalphaville.com.br\/guia\/#website","url":"https:\/\/www.encontraalphaville.com.br\/guia\/","name":"Guia Comercial de Alphaville SP","description":"ENCONTRA ALPHAVILLE - O guia comercial de neg\u00f3cios e empresas, cultura e divers\u00e3o no bairro de Alphaville. Feito 100% para voc\u00ea morador!","potentialAction":[{"@type":"SearchAction","target":{"@type":"EntryPoint","urlTemplate":"https:\/\/www.encontraalphaville.com.br\/guia\/?s={search_term_string}"},"query-input":{"@type":"PropertyValueSpecification","valueRequired":true,"valueName":"search_term_string"}}],"inLanguage":"pt-BR"},{"@type":"Person","@id":"https:\/\/www.encontraalphaville.com.br\/guia\/#\/schema\/person\/a48592ba2de82cdaeeef25afa1c4bc6a","name":"Encontra Alphaville","image":{"@type":"ImageObject","inLanguage":"pt-BR","@id":"https:\/\/www.encontraalphaville.com.br\/guia\/#\/schema\/person\/image\/","url":"https:\/\/secure.gravatar.com\/avatar\/c50c17820bcf322f0a8fd6b110b8c0918141409dc69076470f6fca5fee70a5d4?s=96&d=mm&r=g","contentUrl":"https:\/\/secure.gravatar.com\/avatar\/c50c17820bcf322f0a8fd6b110b8c0918141409dc69076470f6fca5fee70a5d4?s=96&d=mm&r=g","caption":"Encontra Alphaville"},"url":"https:\/\/www.encontraalphaville.com.br\/guia\/author\/encontraalphaville\/"}]}},"_links":{"self":[{"href":"https:\/\/www.encontraalphaville.com.br\/guia\/wp-json\/wp\/v2\/posts\/6259","targetHints":{"allow":["GET"]}}],"collection":[{"href":"https:\/\/www.encontraalphaville.com.br\/guia\/wp-json\/wp\/v2\/posts"}],"about":[{"href":"https:\/\/www.encontraalphaville.com.br\/guia\/wp-json\/wp\/v2\/types\/post"}],"author":[{"embeddable":true,"href":"https:\/\/www.encontraalphaville.com.br\/guia\/wp-json\/wp\/v2\/users\/1"}],"replies":[{"embeddable":true,"href":"https:\/\/www.encontraalphaville.com.br\/guia\/wp-json\/wp\/v2\/comments?post=6259"}],"version-history":[{"count":0,"href":"https:\/\/www.encontraalphaville.com.br\/guia\/wp-json\/wp\/v2\/posts\/6259\/revisions"}],"wp:featuredmedia":[{"embeddable":true,"href":"https:\/\/www.encontraalphaville.com.br\/guia\/wp-json\/wp\/v2\/media\/6258"}],"wp:attachment":[{"href":"https:\/\/www.encontraalphaville.com.br\/guia\/wp-json\/wp\/v2\/media?parent=6259"}],"wp:term":[{"taxonomy":"category","embeddable":true,"href":"https:\/\/www.encontraalphaville.com.br\/guia\/wp-json\/wp\/v2\/categories?post=6259"},{"taxonomy":"post_tag","embeddable":true,"href":"https:\/\/www.encontraalphaville.com.br\/guia\/wp-json\/wp\/v2\/tags?post=6259"}],"curies":[{"name":"wp","href":"https:\/\/api.w.org\/{rel}","templated":true}]}}