{"id":6233,"date":"2026-01-14T12:02:57","date_gmt":"2026-01-14T15:02:57","guid":{"rendered":"https:\/\/www.encontraalphaville.com.br\/guia\/nx-zero-se-pronuncia-apos-baixista-comentar-em-post-de-lula-nao-apoiamos-falas-antidemocraticas\/"},"modified":"2026-01-14T12:02:57","modified_gmt":"2026-01-14T15:02:57","slug":"nx-zero-se-pronuncia-apos-baixista-comentar-em-post-de-lula-nao-apoiamos-falas-antidemocraticas","status":"publish","type":"post","link":"https:\/\/www.encontraalphaville.com.br\/guia\/nx-zero-se-pronuncia-apos-baixista-comentar-em-post-de-lula-nao-apoiamos-falas-antidemocraticas\/","title":{"rendered":"NX Zero se pronuncia ap\u00f3s baixista comentar em post de Lula: &#8216;N\u00e3o apoiamos falas antidemocr\u00e1ticas&#8217;"},"content":{"rendered":"<h2>Contexto da Pol\u00eamica<\/h2>\n<p>A recente pol\u00eamica envolvendo a banda NX Zero e seu baixista Caco Grandino surgiu a partir de uma publica\u00e7\u00e3o do presidente Luiz In\u00e1cio Lula da Silva nas redes sociais. Lula publicou uma mensagem em resposta ao veto integral ao Projeto de Lei sobre a Dosimetria, o qual visava reduzir as penas de condenados pelos atos antidemocr\u00e1ticos ocorridos em 8 de janeiro de 2023. O baixista da banda, ao curtir e comentar com emojis de risada a postagem de Lula, despertou a indigna\u00e7\u00e3o de muitos cidad\u00e3os, que interpretaram seu comportamento como um apoio t\u00e1cito a posicionamentos pol\u00edticos controversos.<\/p>\n<p>A backlash em resposta ao gesto do m\u00fasico foi imediata e intensa, uma vez que a obra musical do NX Zero sempre foi associada a mensagens de liberdade e respeito. A repercuss\u00e3o nas redes sociais fez com que a situa\u00e7\u00e3o se transformasse rapidamente em um debate sobre o papel da m\u00fasica e dos artistas no contexto pol\u00edtico brasileiro. Para muitos f\u00e3s da banda, o ato de Caco foi considerado um desvio do que se espera de um artista que sempre se op\u00f4s \u00e0 censura e ao autoritarismo atrav\u00e9s de sua m\u00fasica.<\/p>\n<h2>Rea\u00e7\u00e3o de Caco Grandino<\/h2>\n<p>Ap\u00f3s a pol\u00eamica se espalhar, Caco Grandino percebeu a repercuss\u00e3o negativa e come\u00e7ou a receber in\u00fameras cr\u00edticas. O ator Yasser Yassine, que tamb\u00e9m \u00e9 delegado e pol\u00edtico, foi um dos primeiros a criticar publicamente a atitude do m\u00fasico, afirmando que o gesto de rir de uma situa\u00e7\u00e3o relacionada \u00e0 pol\u00edtica atual era uma &#8220;invers\u00e3o completa do que o g\u00eanero representa&#8221;. Caco, por sua vez, n\u00e3o se manifestou prontamente, mas a indigna\u00e7\u00e3o dos f\u00e3s e a press\u00e3o nas redes sociais se amplificaram.<\/p>\n<p><img decoding=\"async\" src=\"https:\/\/www.encontraalphaville.com.br\/guia\/wp-content\/uploads\/2026\/01\/nx-zero-se-pronuncia-apos-baixista-comentar-em-post-de-lula-nao-apoiamos-falas-antidemocraticas.webp\" alt=\"NX Zero se pronuncia ap\u00f3s baixista comentar em post de Lula\" loading=\"lazy\" \/><\/p>\n<p>Com os ecos da controv\u00e9rsia crescendo, era evidente que a situa\u00e7\u00e3o requereria uma resposta oficial por parte da banda. A press\u00e3o popular e os apelos dos seguidores foram fatores significativos que influenciaram a necessidade de um posicionamento institucional. O descontentamento p\u00fablico se refletia nas redes sociais, onde muitos f\u00e3s expressaram sua decep\u00e7\u00e3o com a postura do baixista.<\/p>\n<h2>Nota Oficial da Banda<\/h2>\n<p>Diante da crescente controv\u00e9rsia, a banda NX Zero divulgou uma nota oficial em suas redes sociais. O comunicado deixou claro que as opini\u00f5es expressas individualmente por seus integrantes n\u00e3o necessariamente representam o grupo como um todo. A banda reafirmou seu compromisso com a democracia e expressou que n\u00e3o apoiavam discursos antidemocr\u00e1ticos. O texto foi uma tentativa de minimizar os danos causados pela controversa a\u00e7\u00e3o do baixista e reafirmar os valores de liberdade e respeito que sempre foram centrais \u00e0 identidade da banda.<\/p>\n<p>A nota oficial enfatizou que a m\u00fasica do NX Zero busca ser uma plataforma de unidade e respeito, e que a individualidade das opini\u00f5es de seus integrantes deve ser entendida dentro desse quadro. Essa manifesta\u00e7\u00e3o serviu para alinhar o grupo ao seu p\u00fablico, que esperava um claro posicionamento contra pr\u00e1ticas e discursos considerados prejudiciais \u00e0 democracia.<\/p>\n<h2>Opini\u00f5es Divididas dos F\u00e3s<\/h2>\n<p>As rea\u00e7\u00f5es dos f\u00e3s ap\u00f3s a emiss\u00e3o da nota oficial foram amplamente variadas. Enquanto alguns apoiaram a postura da banda de se distanciar das opini\u00f5es pessoais de Caco, outros expressaram insatisfa\u00e7\u00e3o. Alguns seguidores demonstraram apoio ao baixista e criticaram a nota como uma forma de censura \u00e0 liberdade de express\u00e3o. Por outro lado, muitos f\u00e3s mostraram descontentamento com a atitude de Caco, sentindo-se tra\u00eddos por algu\u00e9m que deveria ser um porta-voz de mensagens de resist\u00eancia e uni\u00e3o como o NX Zero representa em sua m\u00fasica.<\/p>\n<p>As redes sociais tornaram-se um campo de batalha de opini\u00f5es, levando a um debate intenso. Alguns sugeriram que a banda deveria considerar substituir o baixista, enquanto outros defendiam que cada artista tem o direito de se expressar da maneira que desejar. A divis\u00e3o no p\u00fablico ilustra a complexidade de se posicionar politicamente como artista em um cen\u00e1rio t\u00e3o polarizado.<\/p>\n<h2>Compromisso do NX Zero com a Democracia<\/h2>\n<p>A import\u00e2ncia do compromisso da banda com a democracia n\u00e3o pode ser subestimada. O NX Zero tem uma trajet\u00f3ria que se entrela\u00e7a com os anseios e as lutas de diversas gera\u00e7\u00f5es de jovens brasileiros. Este compromisso \u00e9 vis\u00edvel em suas letras que frequentemente abordam quest\u00f5es de supera\u00e7\u00e3o, liberdade e respeito m\u00fatuo. A declara\u00e7\u00e3o de que n\u00e3o apoiam discursos antidemocr\u00e1ticos refor\u00e7a a imagem da banda como defensores da democracia, um valor fundamental no Brasil contempor\u00e2neo.<\/p>\n<p>O comprometimento com a democracia \u00e9 especialmente relevante em um momento em que o Brasil enfrenta conflitos pol\u00edticos e sociais. A m\u00fasica sempre foi uma ferramenta de express\u00e3o e resist\u00eancia, e para a nova gera\u00e7\u00e3o, bandas como NX Zero t\u00eam um papel importante em moldar a maneira como os jovens percebem e interagem com quest\u00f5es pol\u00edticas. Ao se opor a discursos antidemocr\u00e1ticos, NX Zero reafirma seu papel como agentes de mudan\u00e7a e conscientiza\u00e7\u00e3o.<\/p>\n<h2>Impacto nas Redes Sociais<\/h2>\n<p>A divis\u00e3o de opini\u00f5es ap\u00f3s o incidente teve um impacto significativo nas redes sociais. De um lado, os apoiadores da banda refor\u00e7aram sua lealdade, defendendo que a m\u00fasica \u00e9 uma forma de liberdade e que cada artista tem sua pr\u00f3pria vis\u00e3o. Do outro lado, muitos se sentiram decepcionados e criticaram a atitude de Caco Grandino, levando \u00e0 cria\u00e7\u00e3o de hashtags e discuss\u00f5es fervorosas nas redes. O uso das redes sociais para expressar opini\u00f5es e debater quest\u00f5es que envolvem figuras p\u00fablicas e artistas revela que, enquanto espa\u00e7o de diversidade de opini\u00f5es, tamb\u00e9m pode ser um terreno delicado quando opini\u00f5es pessoais se chocam com a expectativa coletiva.<\/p>\n<h2>A Hist\u00f3ria da Banda NX Zero<\/h2>\n<p>NX Zero \u00e9 uma das bandas mais ic\u00f4nicas do rock brasileiro, formada em 2001. Desde seu surgimento, a banda conquistou o cora\u00e7\u00e3o de muitos f\u00e3s com letras que tratam de amor, supera\u00e7\u00e3o e quest\u00f5es sociais relevantes. Ao longo dos anos, o grupo lan\u00e7ou diversos \u00e1lbuns que n\u00e3o apenas se tornaram sucessos nas paradas musicais, mas tamb\u00e9m se converteram em trilhas sonoras da vida de muitos jovens brasileiros. A conex\u00e3o emocional que os f\u00e3s t\u00eam com as m\u00fasicas da banda \u00e9 um dos pilares que fundamenta sua popularidade.<\/p>\n<p>Atrav\u00e9s de suas letras, o NX Zero se posiciona frequentemente em favor de valores que promovem a liberdade e a uni\u00e3o, criando uma identidade que ressoa com a juventude. Com o decorrer da carreira, a banda evoluiu, mas sempre manteve sua ess\u00eancia, abordando temas que refletem os desafios enfrentados pela sociedade.<\/p>\n<h2>Discursos Antidemocr\u00e1ticos na M\u00fasica<\/h2>\n<p>A m\u00fasica sempre desempenhou um papel importante na forma\u00e7\u00e3o da consci\u00eancia pol\u00edtica e social. Com a hist\u00f3ria marcada por censura e repress\u00e3o, o Brasil precisa de artistas dispostos a se manifestar contra pr\u00e1ticas antidemocr\u00e1ticas. O NX Zero, em sua ess\u00eancia, tem sido um forte defensor de valores democr\u00e1ticos e uma voz para a juventude que anseia por mudan\u00e7as.<\/p>\n<p>A postura contr\u00e1ria a discursos que promovem a divis\u00e3o e a intoler\u00e2ncia \u00e9 crucial, especialmente quando muitos artistas enfrentam press\u00e3o pol\u00edtica e social. A m\u00fasica, como forma de arte, deve ser um espa\u00e7o de di\u00e1logo e express\u00e3o livre, longe de influ\u00eancias que buscam silenciar vozes. Portanto, a luta da banda NX Zero contra a censura e a defesa da democracia tamb\u00e9m s\u00e3o reflexos de um contexto maior na sociedade brasileira.<\/p>\n<h2>Respostas do P\u00fablico<\/h2>\n<p>As respostas do p\u00fablico em rela\u00e7\u00e3o \u00e0 atua\u00e7\u00e3o de Caco Grandino e \u00e0 nota oficial de NX Zero foram mistas, como j\u00e1 mencionado. F\u00e3s expressando descontentamento atrav\u00e9s de cr\u00edticas e sugest\u00f5es de que ele deveria ser substitu\u00eddo mostram que a percep\u00e7\u00e3o do p\u00fablico pode mudar rapidamente com a atua\u00e7\u00e3o de figuras p\u00fablicas. Al\u00e9m disso, muitos jovens inseguros em rela\u00e7\u00e3o a seu posicionamento pol\u00edtico sentiram-se ainda mais confusos com a a\u00e7\u00e3o do m\u00fasico.<\/p>\n<p>Al\u00e9m das cr\u00edticas, houve veteranos de jogo que se manifestaram apoiando o direito do artista de se expressar livremente, mesmo que isso viesse a contrariar a posi\u00e7\u00e3o da banda. Essa diversidade de opini\u00f5es refor\u00e7a a complexidade de se lidar com quest\u00f5es sociais no mundo da m\u00fasica.<\/p>\n<h2>Futuro da Banda Ap\u00f3s a Controv\u00e9rsia<\/h2>\n<p>O futuro do NX Zero ap\u00f3s a controv\u00e9rsia ainda \u00e9 incerto, mas uma coisa \u00e9 clara: eles t\u00eam uma base de f\u00e3s leal que espera que a m\u00fasica continue a ser um canal de resist\u00eancia e voz para a juventude. A situa\u00e7\u00e3o atual pode ser um momento de reflex\u00e3o e reavalia\u00e7\u00e3o para todos os integrantes da banda, considerando a dire\u00e7\u00e3o que desejam seguir em termos de imagem p\u00fablica e mensagens em suas can\u00e7\u00f5es.<\/p>\n<p>Enquanto isso, o di\u00e1logo entre Caco Grandino e os f\u00e3s, bem como a intera\u00e7\u00e3o da banda nas redes sociais, ser\u00e3o cruciais para recuperar a confian\u00e7a e reafirmar o compromisso da banda com seus princ\u00edpios. O NX Zero sempre foi um espa\u00e7o de liberdade e uni\u00e3o, e a maneira como o grupo lida com esta situa\u00e7\u00e3o pode determinar n\u00e3o apenas a sua continuidade, mas tamb\u00e9m o impacto que a banda ter\u00e1 na cena musical e social brasileira nos pr\u00f3ximos anos.<\/p>\n","protected":false},"excerpt":{"rendered":"<p>NX Zero se pronuncia sobre fala de baixista e reafirma compromisso democr\u00e1tico.<\/p>\n","protected":false},"author":1,"featured_media":6232,"comment_status":"open","ping_status":"open","sticky":false,"template":"","format":"standard","meta":{"footnotes":""},"categories":[5],"tags":[],"class_list":["post-6233","post","type-post","status-publish","format-standard","has-post-thumbnail","hentry","category-noticias","has_thumb"],"yoast_head":"<!-- This site is optimized with the Yoast SEO plugin v26.4 - https:\/\/yoast.com\/wordpress\/plugins\/seo\/ -->\n<title>NX Zero se pronuncia ap\u00f3s baixista comentar em post de Lula: &#039;N\u00e3o apoiamos falas antidemocr\u00e1ticas&#039; | Guia Comercial de Alphaville SP<\/title>\n<meta name=\"robots\" content=\"index, follow, max-snippet:-1, max-image-preview:large, max-video-preview:-1\" \/>\n<link rel=\"canonical\" href=\"https:\/\/www.encontraalphaville.com.br\/guia\/nx-zero-se-pronuncia-apos-baixista-comentar-em-post-de-lula-nao-apoiamos-falas-antidemocraticas\/\" \/>\n<meta property=\"og:locale\" content=\"pt_BR\" \/>\n<meta property=\"og:type\" content=\"article\" \/>\n<meta property=\"og:title\" content=\"NX Zero se pronuncia ap\u00f3s baixista comentar em post de Lula: &#039;N\u00e3o apoiamos falas antidemocr\u00e1ticas&#039; | Guia Comercial de Alphaville SP\" \/>\n<meta property=\"og:description\" content=\"NX Zero se pronuncia sobre fala de baixista e reafirma compromisso democr\u00e1tico.\" \/>\n<meta property=\"og:url\" content=\"https:\/\/www.encontraalphaville.com.br\/guia\/nx-zero-se-pronuncia-apos-baixista-comentar-em-post-de-lula-nao-apoiamos-falas-antidemocraticas\/\" \/>\n<meta property=\"og:site_name\" content=\"Guia Comercial de Alphaville SP\" \/>\n<meta property=\"article:published_time\" content=\"2026-01-14T15:02:57+00:00\" \/>\n<meta property=\"og:image\" content=\"https:\/\/www.encontraalphaville.com.br\/guia\/wp-content\/uploads\/2026\/01\/nx-zero-se-pronuncia-apos-baixista-comentar-em-post-de-lula-nao-apoiamos-falas-antidemocraticas.webp\" \/>\n<meta name=\"author\" content=\"Encontra Alphaville\" \/>\n<meta name=\"twitter:card\" content=\"summary_large_image\" \/>\n<meta name=\"twitter:label1\" content=\"Escrito por\" \/>\n\t<meta name=\"twitter:data1\" content=\"Encontra Alphaville\" \/>\n\t<meta name=\"twitter:label2\" content=\"Est. tempo de leitura\" \/>\n\t<meta name=\"twitter:data2\" content=\"8 minutos\" \/>\n<script type=\"application\/ld+json\" class=\"yoast-schema-graph\">{\"@context\":\"https:\/\/schema.org\",\"@graph\":[{\"@type\":\"WebPage\",\"@id\":\"https:\/\/www.encontraalphaville.com.br\/guia\/nx-zero-se-pronuncia-apos-baixista-comentar-em-post-de-lula-nao-apoiamos-falas-antidemocraticas\/\",\"url\":\"https:\/\/www.encontraalphaville.com.br\/guia\/nx-zero-se-pronuncia-apos-baixista-comentar-em-post-de-lula-nao-apoiamos-falas-antidemocraticas\/\",\"name\":\"NX Zero se pronuncia ap\u00f3s baixista comentar em post de Lula: 'N\u00e3o apoiamos falas antidemocr\u00e1ticas' | Guia Comercial de Alphaville SP\",\"isPartOf\":{\"@id\":\"https:\/\/www.encontraalphaville.com.br\/guia\/#website\"},\"primaryImageOfPage\":{\"@id\":\"https:\/\/www.encontraalphaville.com.br\/guia\/nx-zero-se-pronuncia-apos-baixista-comentar-em-post-de-lula-nao-apoiamos-falas-antidemocraticas\/#primaryimage\"},\"image\":{\"@id\":\"https:\/\/www.encontraalphaville.com.br\/guia\/nx-zero-se-pronuncia-apos-baixista-comentar-em-post-de-lula-nao-apoiamos-falas-antidemocraticas\/#primaryimage\"},\"thumbnailUrl\":\"https:\/\/www.encontraalphaville.com.br\/guia\/wp-content\/uploads\/2026\/01\/nx-zero-se-pronuncia-apos-baixista-comentar-em-post-de-lula-nao-apoiamos-falas-antidemocraticas.webp\",\"datePublished\":\"2026-01-14T15:02:57+00:00\",\"author\":{\"@id\":\"https:\/\/www.encontraalphaville.com.br\/guia\/#\/schema\/person\/a48592ba2de82cdaeeef25afa1c4bc6a\"},\"inLanguage\":\"pt-BR\",\"potentialAction\":[{\"@type\":\"ReadAction\",\"target\":[\"https:\/\/www.encontraalphaville.com.br\/guia\/nx-zero-se-pronuncia-apos-baixista-comentar-em-post-de-lula-nao-apoiamos-falas-antidemocraticas\/\"]}]},{\"@type\":\"ImageObject\",\"inLanguage\":\"pt-BR\",\"@id\":\"https:\/\/www.encontraalphaville.com.br\/guia\/nx-zero-se-pronuncia-apos-baixista-comentar-em-post-de-lula-nao-apoiamos-falas-antidemocraticas\/#primaryimage\",\"url\":\"https:\/\/www.encontraalphaville.com.br\/guia\/wp-content\/uploads\/2026\/01\/nx-zero-se-pronuncia-apos-baixista-comentar-em-post-de-lula-nao-apoiamos-falas-antidemocraticas.webp\",\"contentUrl\":\"https:\/\/www.encontraalphaville.com.br\/guia\/wp-content\/uploads\/2026\/01\/nx-zero-se-pronuncia-apos-baixista-comentar-em-post-de-lula-nao-apoiamos-falas-antidemocraticas.webp\",\"width\":280,\"height\":280,\"caption\":\"NX Zero se pronuncia ap\u00f3s baixista comentar em post de Lula\"},{\"@type\":\"WebSite\",\"@id\":\"https:\/\/www.encontraalphaville.com.br\/guia\/#website\",\"url\":\"https:\/\/www.encontraalphaville.com.br\/guia\/\",\"name\":\"Guia Comercial de Alphaville SP\",\"description\":\"ENCONTRA ALPHAVILLE - O guia comercial de neg\u00f3cios e empresas, cultura e divers\u00e3o no bairro de Alphaville. Feito 100% para voc\u00ea morador!\",\"potentialAction\":[{\"@type\":\"SearchAction\",\"target\":{\"@type\":\"EntryPoint\",\"urlTemplate\":\"https:\/\/www.encontraalphaville.com.br\/guia\/?s={search_term_string}\"},\"query-input\":{\"@type\":\"PropertyValueSpecification\",\"valueRequired\":true,\"valueName\":\"search_term_string\"}}],\"inLanguage\":\"pt-BR\"},{\"@type\":\"Person\",\"@id\":\"https:\/\/www.encontraalphaville.com.br\/guia\/#\/schema\/person\/a48592ba2de82cdaeeef25afa1c4bc6a\",\"name\":\"Encontra Alphaville\",\"image\":{\"@type\":\"ImageObject\",\"inLanguage\":\"pt-BR\",\"@id\":\"https:\/\/www.encontraalphaville.com.br\/guia\/#\/schema\/person\/image\/\",\"url\":\"https:\/\/secure.gravatar.com\/avatar\/c50c17820bcf322f0a8fd6b110b8c0918141409dc69076470f6fca5fee70a5d4?s=96&d=mm&r=g\",\"contentUrl\":\"https:\/\/secure.gravatar.com\/avatar\/c50c17820bcf322f0a8fd6b110b8c0918141409dc69076470f6fca5fee70a5d4?s=96&d=mm&r=g\",\"caption\":\"Encontra Alphaville\"},\"url\":\"https:\/\/www.encontraalphaville.com.br\/guia\/author\/encontraalphaville\/\"}]}<\/script>\n<!-- \/ Yoast SEO plugin. -->","yoast_head_json":{"title":"NX Zero se pronuncia ap\u00f3s baixista comentar em post de Lula: 'N\u00e3o apoiamos falas antidemocr\u00e1ticas' | Guia Comercial de Alphaville SP","robots":{"index":"index","follow":"follow","max-snippet":"max-snippet:-1","max-image-preview":"max-image-preview:large","max-video-preview":"max-video-preview:-1"},"canonical":"https:\/\/www.encontraalphaville.com.br\/guia\/nx-zero-se-pronuncia-apos-baixista-comentar-em-post-de-lula-nao-apoiamos-falas-antidemocraticas\/","og_locale":"pt_BR","og_type":"article","og_title":"NX Zero se pronuncia ap\u00f3s baixista comentar em post de Lula: 'N\u00e3o apoiamos falas antidemocr\u00e1ticas' | Guia Comercial de Alphaville SP","og_description":"NX Zero se pronuncia sobre fala de baixista e reafirma compromisso democr\u00e1tico.","og_url":"https:\/\/www.encontraalphaville.com.br\/guia\/nx-zero-se-pronuncia-apos-baixista-comentar-em-post-de-lula-nao-apoiamos-falas-antidemocraticas\/","og_site_name":"Guia Comercial de Alphaville SP","article_published_time":"2026-01-14T15:02:57+00:00","og_image":[{"url":"https:\/\/www.encontraalphaville.com.br\/guia\/wp-content\/uploads\/2026\/01\/nx-zero-se-pronuncia-apos-baixista-comentar-em-post-de-lula-nao-apoiamos-falas-antidemocraticas.webp","type":"","width":"","height":""}],"author":"Encontra Alphaville","twitter_card":"summary_large_image","twitter_misc":{"Escrito por":"Encontra Alphaville","Est. tempo de leitura":"8 minutos"},"schema":{"@context":"https:\/\/schema.org","@graph":[{"@type":"WebPage","@id":"https:\/\/www.encontraalphaville.com.br\/guia\/nx-zero-se-pronuncia-apos-baixista-comentar-em-post-de-lula-nao-apoiamos-falas-antidemocraticas\/","url":"https:\/\/www.encontraalphaville.com.br\/guia\/nx-zero-se-pronuncia-apos-baixista-comentar-em-post-de-lula-nao-apoiamos-falas-antidemocraticas\/","name":"NX Zero se pronuncia ap\u00f3s baixista comentar em post de Lula: 'N\u00e3o apoiamos falas antidemocr\u00e1ticas' | Guia Comercial de Alphaville SP","isPartOf":{"@id":"https:\/\/www.encontraalphaville.com.br\/guia\/#website"},"primaryImageOfPage":{"@id":"https:\/\/www.encontraalphaville.com.br\/guia\/nx-zero-se-pronuncia-apos-baixista-comentar-em-post-de-lula-nao-apoiamos-falas-antidemocraticas\/#primaryimage"},"image":{"@id":"https:\/\/www.encontraalphaville.com.br\/guia\/nx-zero-se-pronuncia-apos-baixista-comentar-em-post-de-lula-nao-apoiamos-falas-antidemocraticas\/#primaryimage"},"thumbnailUrl":"https:\/\/www.encontraalphaville.com.br\/guia\/wp-content\/uploads\/2026\/01\/nx-zero-se-pronuncia-apos-baixista-comentar-em-post-de-lula-nao-apoiamos-falas-antidemocraticas.webp","datePublished":"2026-01-14T15:02:57+00:00","author":{"@id":"https:\/\/www.encontraalphaville.com.br\/guia\/#\/schema\/person\/a48592ba2de82cdaeeef25afa1c4bc6a"},"inLanguage":"pt-BR","potentialAction":[{"@type":"ReadAction","target":["https:\/\/www.encontraalphaville.com.br\/guia\/nx-zero-se-pronuncia-apos-baixista-comentar-em-post-de-lula-nao-apoiamos-falas-antidemocraticas\/"]}]},{"@type":"ImageObject","inLanguage":"pt-BR","@id":"https:\/\/www.encontraalphaville.com.br\/guia\/nx-zero-se-pronuncia-apos-baixista-comentar-em-post-de-lula-nao-apoiamos-falas-antidemocraticas\/#primaryimage","url":"https:\/\/www.encontraalphaville.com.br\/guia\/wp-content\/uploads\/2026\/01\/nx-zero-se-pronuncia-apos-baixista-comentar-em-post-de-lula-nao-apoiamos-falas-antidemocraticas.webp","contentUrl":"https:\/\/www.encontraalphaville.com.br\/guia\/wp-content\/uploads\/2026\/01\/nx-zero-se-pronuncia-apos-baixista-comentar-em-post-de-lula-nao-apoiamos-falas-antidemocraticas.webp","width":280,"height":280,"caption":"NX Zero se pronuncia ap\u00f3s baixista comentar em post de Lula"},{"@type":"WebSite","@id":"https:\/\/www.encontraalphaville.com.br\/guia\/#website","url":"https:\/\/www.encontraalphaville.com.br\/guia\/","name":"Guia Comercial de Alphaville SP","description":"ENCONTRA ALPHAVILLE - O guia comercial de neg\u00f3cios e empresas, cultura e divers\u00e3o no bairro de Alphaville. Feito 100% para voc\u00ea morador!","potentialAction":[{"@type":"SearchAction","target":{"@type":"EntryPoint","urlTemplate":"https:\/\/www.encontraalphaville.com.br\/guia\/?s={search_term_string}"},"query-input":{"@type":"PropertyValueSpecification","valueRequired":true,"valueName":"search_term_string"}}],"inLanguage":"pt-BR"},{"@type":"Person","@id":"https:\/\/www.encontraalphaville.com.br\/guia\/#\/schema\/person\/a48592ba2de82cdaeeef25afa1c4bc6a","name":"Encontra Alphaville","image":{"@type":"ImageObject","inLanguage":"pt-BR","@id":"https:\/\/www.encontraalphaville.com.br\/guia\/#\/schema\/person\/image\/","url":"https:\/\/secure.gravatar.com\/avatar\/c50c17820bcf322f0a8fd6b110b8c0918141409dc69076470f6fca5fee70a5d4?s=96&d=mm&r=g","contentUrl":"https:\/\/secure.gravatar.com\/avatar\/c50c17820bcf322f0a8fd6b110b8c0918141409dc69076470f6fca5fee70a5d4?s=96&d=mm&r=g","caption":"Encontra Alphaville"},"url":"https:\/\/www.encontraalphaville.com.br\/guia\/author\/encontraalphaville\/"}]}},"_links":{"self":[{"href":"https:\/\/www.encontraalphaville.com.br\/guia\/wp-json\/wp\/v2\/posts\/6233","targetHints":{"allow":["GET"]}}],"collection":[{"href":"https:\/\/www.encontraalphaville.com.br\/guia\/wp-json\/wp\/v2\/posts"}],"about":[{"href":"https:\/\/www.encontraalphaville.com.br\/guia\/wp-json\/wp\/v2\/types\/post"}],"author":[{"embeddable":true,"href":"https:\/\/www.encontraalphaville.com.br\/guia\/wp-json\/wp\/v2\/users\/1"}],"replies":[{"embeddable":true,"href":"https:\/\/www.encontraalphaville.com.br\/guia\/wp-json\/wp\/v2\/comments?post=6233"}],"version-history":[{"count":0,"href":"https:\/\/www.encontraalphaville.com.br\/guia\/wp-json\/wp\/v2\/posts\/6233\/revisions"}],"wp:featuredmedia":[{"embeddable":true,"href":"https:\/\/www.encontraalphaville.com.br\/guia\/wp-json\/wp\/v2\/media\/6232"}],"wp:attachment":[{"href":"https:\/\/www.encontraalphaville.com.br\/guia\/wp-json\/wp\/v2\/media?parent=6233"}],"wp:term":[{"taxonomy":"category","embeddable":true,"href":"https:\/\/www.encontraalphaville.com.br\/guia\/wp-json\/wp\/v2\/categories?post=6233"},{"taxonomy":"post_tag","embeddable":true,"href":"https:\/\/www.encontraalphaville.com.br\/guia\/wp-json\/wp\/v2\/tags?post=6233"}],"curies":[{"name":"wp","href":"https:\/\/api.w.org\/{rel}","templated":true}]}}