{"id":6225,"date":"2026-01-12T08:41:38","date_gmt":"2026-01-12T11:41:38","guid":{"rendered":"https:\/\/www.encontraalphaville.com.br\/guia\/convocacao-de-assembleia-geral-ordinaria\/"},"modified":"2026-01-12T08:41:38","modified_gmt":"2026-01-12T11:41:38","slug":"convocacao-de-assembleia-geral-ordinaria","status":"publish","type":"post","link":"https:\/\/www.encontraalphaville.com.br\/guia\/convocacao-de-assembleia-geral-ordinaria\/","title":{"rendered":"Convoca\u00e7\u00e3o de Assembleia Geral Ordin\u00e1ria"},"content":{"rendered":"<h2>Import\u00e2ncia da Assembleia Geral Ordin\u00e1ria<\/h2>\n<p>A Assembleia Geral Ordin\u00e1ria (AGO) \u00e9 uma das principais ferramentas de gest\u00e3o e participa\u00e7\u00e3o em qualquer associa\u00e7\u00e3o, incluindo as residenciais, como a Associa\u00e7\u00e3o Residencial Alphaville 2. Neste tipo de reuni\u00e3o, todos os membros t\u00eam a oportunidade de se reunir e discutir quest\u00f5es cruciais que afetam a comunidade. A AGO cumpre diversas fun\u00e7\u00f5es importantes, como a presta\u00e7\u00e3o de contas, aprova\u00e7\u00e3o de or\u00e7amentos e decis\u00f5es relacionadas \u00e0 administra\u00e7\u00e3o dos bens e servi\u00e7os da associa\u00e7\u00e3o.<\/p>\n<p>Uma das principais import\u00e2ncias dessa assembleia \u00e9 garantir a transpar\u00eancia nas a\u00e7\u00f5es da diretoria. Quando os membros t\u00eam acesso a relat\u00f3rios, balancetes e outras informa\u00e7\u00f5es relevantes, eles conseguem entender melhor como o recurso coletivo est\u00e1 sendo utilizado. A transpar\u00eancia ajuda a construir a confian\u00e7a entre os associados e a diretoria e garante que os interesses da comunidade sejam respeitados.<\/p>\n<p>Al\u00e9m disso, a AGO serve como um mecanismo democr\u00e1tico, onde cada membro tem o direito de voz e voto. Esse aspecto \u00e9 fundamental para fortalecer o engajamento dos associados e promover um senso de pertencimento. Os membros podem apresentar suas opini\u00f5es, propostas e cr\u00edticas, contribuindo assim para uma administra\u00e7\u00e3o mais eficaz e representativa.<\/p>\n<p><img decoding=\"async\" src=\"https:\/\/www.encontraalphaville.com.br\/guia\/wp-content\/uploads\/2026\/01\/convocacao-de-assembleia-geral-ordinaria.webp\" alt=\"Convoca\u00e7\u00e3o de Assembleia Geral Ordin\u00e1ria\" loading=\"lazy\" \/><\/p>\n<p>Outro ponto importante \u00e9 que a Assembleia Geral Ordin\u00e1ria pode promover a resolu\u00e7\u00e3o de conflitos. Muitas vezes, desentendimentos e insatisfa\u00e7\u00f5es podem surgir entre os membros. A realiza\u00e7\u00e3o regular dessa assembleia proporciona um espa\u00e7o formal para discutir essas quest\u00f5es, buscando solu\u00e7\u00f5es que satisfa\u00e7am a maioria.<\/p>\n<h2>Quem Pode Participar da Assembleia?<\/h2>\n<p>A participa\u00e7\u00e3o na Assembleia Geral Ordin\u00e1ria \u00e9 geralmente aberta a todos os membros da associa\u00e7\u00e3o. Na convoca\u00e7\u00e3o espec\u00edfica da Associa\u00e7\u00e3o Residencial Alphaville 2, essa abertura inclui titulares, compromiss\u00e1rios compradores, cession\u00e1rios e compromiss\u00e1rios de direitos sobre os im\u00f3veis localizados no Residencial. Essa diversidade de participantes enriquece o debate e garante que diferentes perspectivas sejam consideradas nas discuss\u00f5es.<\/p>\n<p>\u00c9 importante que os associados verifiquem se est\u00e3o em situa\u00e7\u00e3o regular junto \u00e0 associa\u00e7\u00e3o para poder participar efetivamente. Estar em dia com pagamentos de taxas ou impostos da associa\u00e7\u00e3o \u00e9 um requisito comum para votar e opinar nas delibera\u00e7\u00f5es. Em alguns casos, as regras podem prever a possibilidade da participa\u00e7\u00e3o de representantes, o que \u00e9 uma alternativa para aqueles que n\u00e3o podem estar presentes.<\/p>\n<p>A participa\u00e7\u00e3o n\u00e3o \u00e9 apenas um direito, mas tamb\u00e9m um dever c\u00edvico de todos os associados. Quando os moradores se envolvem ativamente nas decis\u00f5es da comunidade, eles ajudam a moldar o espa\u00e7o onde vivem, contribuindo para um ambiente mais harmonioso e colaborativo.<\/p>\n<h2>Data e Hora da Reuni\u00e3o<\/h2>\n<p>As Assembleias Gerais Ordin\u00e1rias t\u00eam datas e hor\u00e1rios pr\u00e9-estabelecidos, que devem ser divulgados com anteced\u00eancia. No caso da Associa\u00e7\u00e3o Residencial Alphaville 2, a reuni\u00e3o est\u00e1 marcada para o dia 03 de dezembro de 2025. A comunica\u00e7\u00e3o sobre a data e o hor\u00e1rio \u00e9 essencial para que todos os membros possam se organizar e comparecer.<\/p>\n<p>A convoca\u00e7\u00e3o geralmente \u00e9 feita por aviso pr\u00e9vio, que pode ser veiculado em ve\u00edculos de comunica\u00e7\u00e3o da associa\u00e7\u00e3o, como jornais, newsletters e plataformas digitais. \u00c9 importante que os moradores fiquem atentos a esses comunicados, para n\u00e3o perderem a oportunidade de participar.<\/p>\n<p>Caso um associado n\u00e3o consiga comparecer na primeira chamada, h\u00e1 uma segunda chamada marcada para 19h30. Essa flexibilidade permite que mais pessoas participem, aumentando a representatividade e a diversidade nas discuss\u00f5es. \u00c9 uma pr\u00e1tica comum que assegura maior envolvimento da comunidade, permitindo que os membros exp\u00f5em suas opini\u00f5es e preocupa\u00e7\u00f5es em um ambiente formal.<\/p>\n<h2>Local da Assembleia Geral<\/h2>\n<p>No caso da Assembl\u00e9ia Geral da Associa\u00e7\u00e3o Residencial Alphaville 2, o local designado \u00e9 a \u201cTenda Verde\u201d da \u00c1rea dos Lagos. A escolha do local \u00e9 fundamental para garantir um ambiente prop\u00edcio ao di\u00e1logo e \u00e0 colabora\u00e7\u00e3o. A disponibilidade de um espa\u00e7o adequado, como a Tenda Verde, que possivelmente conta com infraestrutura adequada, demonstra um comprometimento da administra\u00e7\u00e3o em realizar reuni\u00f5es acess\u00edveis e confort\u00e1veis aos associados.<\/p>\n<p>Al\u00e9m disso, a escolha de locais acess\u00edveis \u00e9 um aspecto importante para garantir que todos os moradores consigam participar. A acessibilidade n\u00e3o deve ser apenas f\u00edsica, mas tamb\u00e9m deve considerar a localiza\u00e7\u00e3o do espa\u00e7o em rela\u00e7\u00e3o aos bairros e \u00e0s comodidades de transporte p\u00fablico, para que todos possam chegar com facilidade.<\/p>\n<p>Ter um ambiente de encontro preparado e estruturado contribui para o sucesso da assembleia. A organiza\u00e7\u00e3o do espa\u00e7o, incluindo assentos e equipamentos de apresenta\u00e7\u00e3o, impacta diretamente na facilita\u00e7\u00e3o dos debates e na experi\u00eancia dos participantes, permitindo que todos sejam ouvidos e tenham voz nas discuss\u00f5es importantes.<\/p>\n<h2>Assuntos em Pauta para Discuss\u00e3o<\/h2>\n<p>A pauta da Assembleia Geral Ordin\u00e1ria \u00e9 fundamental, pois determina os t\u00f3picos que ser\u00e3o discutidos e as decis\u00f5es que ser\u00e3o tomadas. Ela pode incluir diversos assuntos, como presta\u00e7\u00e3o de contas, aprova\u00e7\u00e3o de or\u00e7amentos, sugest\u00f5es para melhorias na infraestrutura, entre outros. Ter uma agenda clara garante que o tempo da assembleia seja utilizado de maneira produtiva e que todos os t\u00f3picos relevantes sejam abordados.<\/p>\n<p>Um exemplo de assunto que pode estar em pauta \u00e9 a aprova\u00e7\u00e3o do balan\u00e7o financeiro do ano anterior. A an\u00e1lise das finan\u00e7as \u00e9 um tema sens\u00edvel, pois afeta diretamente a gest\u00e3o da associa\u00e7\u00e3o e a confian\u00e7a dos moradores na administra\u00e7\u00e3o. A apresenta\u00e7\u00e3o de gr\u00e1ficos, balancetes e relat\u00f3rios detalhados, apresentados pela diretoria, pode facilitar a compreens\u00e3o dos associados sobre a sa\u00fade financeira da associa\u00e7\u00e3o.<\/p>\n<p>Outro t\u00f3pico importante pode incluir propostas de melhorias na infraestrutura da comunidade. Sugest\u00f5es sobre a constru\u00e7\u00e3o de novas \u00e1reas de lazer, melhorias na seguran\u00e7a e manuten\u00e7\u00e3o de \u00e1reas comuns s\u00e3o essenciais para criar um ambiente que atenda \u00e0s necessidades dos moradores. Esse \u00e9 um espa\u00e7o onde os associados podem reivindicar o que consideram importante para a qualidade de vida na comunidade.<\/p>\n<p>Discuss\u00f5es sobre a taxa de condom\u00ednio tamb\u00e9m s\u00e3o prevalentes, pois s\u00e3o temas que afetam diretamente o or\u00e7amento familiar dos associados. \u00c9 fundamental que os membros da comunidade sejam convidados a debater e a sugerir alternativas para a defini\u00e7\u00e3o de taxas que sejam justas para todos, considerando os servi\u00e7os prestados e as necessidades coletivas.<\/p>\n<h2>Como Se Preparar para a Assembleia<\/h2>\n<p>Preparar-se adequadamente para a Assembleia Geral Ordin\u00e1ria pode fazer uma diferen\u00e7a significativa no seu envolvimento e no seu impacto nas discuss\u00f5es. Uma prepara\u00e7\u00e3o cuidadosa demonstra interesse e responsabilidade c\u00edvica. Aqui est\u00e3o algumas dicas de como os membros podem se preparar:<\/p>\n<ul>\n<li><strong>Leia a Convoca\u00e7\u00e3o:<\/strong> Fique atento \u00e0s informa\u00e7\u00f5es contidas na convoca\u00e7\u00e3o, como data, hor\u00e1rio e local. Al\u00e9m disso, familiarize-se com a pauta que ser\u00e1 discutida.<\/li>\n<li><strong>Estude os temas da pauta:<\/strong> Se algum assunto espec\u00edfico lhe interessa, pesquise mais sobre ele. Isso pode incluir ler relat\u00f3rios financeiros, estat\u00edsticas sobre a associa\u00e7\u00e3o ou propostas de melhorias.<\/li>\n<li><strong>Prepare suas perguntas e sugest\u00f5es:<\/strong> Anote suas d\u00favidas e o que deseja propor. Isso ajudar\u00e1 a articular suas ideias de forma clara e concisa durante a assembleia.<\/li>\n<li><strong>Converse com outros associados:<\/strong> Troque ideias com vizinhos ou amigos que tamb\u00e9m estejam residentes na comunidade. Juntas, as pessoas podem chegar a uma compreens\u00e3o maior dos desafios enfrentados e criar propostas de consenso.<\/li>\n<li><strong>Chegue cedo ao local:<\/strong> Chegar com anteced\u00eancia ajuda a garantir um bom lugar e tamb\u00e9m permite que voc\u00ea se familiarize com o ambiente, al\u00e9m de socializar com outros moradores antes do in\u00edcio da reuni\u00e3o.<\/li>\n<\/ul>\n<p>Esses passos acumulam-se para n\u00e3o s\u00f3 enriquecer a sua experi\u00eancia e a dos outros no evento, mas tamb\u00e9m para garantir um di\u00e1logo bic\u00f4modo e respeitoso, destacando a import\u00e2ncia do respeito em debates coletivos.<\/p>\n<h2>Direitos e Deveres dos Participantes<\/h2>\n<p>A participa\u00e7\u00e3o em uma Assembleia Geral Ordin\u00e1ria vem acompanhada de direitos e deveres. \u00c9 fundamental que todos os associados compreendam suas fun\u00e7\u00f5es. Dentre os direitos, destaca-se o direito de voz e voto, onde os membros podem expressar suas opini\u00f5es e tomar decis\u00f5es sobre assuntos em pauta.<\/p>\n<p>Al\u00e9m do direito de opinar e votar, tamb\u00e9m cabe aos associados o dever de respeitar as normas da assembleia. Isso inclui seguir a ordem estabelecida, ouvir os outros participantes, e manter um comportamento respeit\u00e1vel. Esse aspecto \u00e9 vital para que as reuni\u00f5es sejam produtivas e que todos se sintam \u00e0 vontade para compartilhar suas opini\u00f5es.<\/p>\n<p>Os associados tamb\u00e9m t\u00eam o dever de se manter informados sobre quest\u00f5es da associa\u00e7\u00e3o. Isso inclui estar a par das decis\u00f5es tomadas nas assembleias anteriores, entendendo suas implica\u00e7\u00f5es para a comunidade como um todo. O conhecimento das pautas discutidas e das decis\u00f5es finalizadas \u00e9 essencial para que cada membro possa participar ativamente e fazer valer sua voz nas assembleias subsequentes.<\/p>\n<p>Por \u00faltimo, \u00e9 dever dos participantes contribuir de forma construtiva para o debate. Isso n\u00e3o s\u00f3 se refere a promover seus pr\u00f3prios interesses, mas tamb\u00e9m considerar o bem-estar da comunidade como um todo, trabalhando para a uni\u00e3o e a coopera\u00e7\u00e3o entre os associados.<\/p>\n<h2>Impacto das Decis\u00f5es na Comunidade<\/h2>\n<p>As decis\u00f5es tomadas durante a Assembleia Geral Ordin\u00e1ria t\u00eam um impacto significativo na comunidade. Cada delibera\u00e7\u00e3o pode afetar a forma como a associa\u00e7\u00e3o \u00e9 gerida e o ambiente onde os associados vivem. Isso pode abranger desde quest\u00f5es financeiras at\u00e9 as condi\u00e7\u00f5es de seguran\u00e7a e manuten\u00e7\u00e3o das \u00e1reas comuns. Assim, cada membro tem a responsabilidade de ponderar suas decis\u00f5es e o potencial impacto a longo prazo que elas podem ter para todos.<\/p>\n<p>Por exemplo, a escolha de um novo prestador de servi\u00e7os para a manuten\u00e7\u00e3o das \u00e1reas comuns pode alterar a qualidade do servi\u00e7o prestado. Se a assembleia decide optar por um servi\u00e7o com custos mais baixo, isso poder\u00e1 impactar diretamente o cuidado e a qualidade de manuten\u00e7\u00e3o oferecida. Por outro lado, decis\u00f5es de investimento em seguran\u00e7a, como a instala\u00e7\u00e3o de c\u00e2meras ou contrata\u00e7\u00e3o de vigil\u00e2ncia, podem trazer uma sensa\u00e7\u00e3o de seguran\u00e7a maior aos moradores.<\/p>\n<p>Al\u00e9m disso, as decis\u00f5es financeiras podem ter um efeito direto sobre as taxas de condom\u00ednio, impactando o or\u00e7amento dom\u00e9stico de cada associado. Por isso, \u00e9 imperativo que as delibera\u00e7\u00f5es sejam abordadas com seriedade. As decis\u00f5es devem buscar sempre o equil\u00edbrio entre a viabilidade financeira, as necessidades da comunidade e o bem-estar geral.<\/p>\n<p>Por fim, o ambiente de di\u00e1logo constru\u00eddo pela AGO pode atuar como uma plataforma para resolver conflitos e promover a uni\u00e3o dentro da comunidade. Quando os moradores s\u00e3o ouvidos e suas preocupa\u00e7\u00f5es s\u00e3o levadas a s\u00e9rio, a qualidade da conviv\u00eancia geralmente melhora. Assim, decis\u00f5es que fomentam um ambiente participativo e respeitoso contribuem para a coes\u00e3o e a harmonia na sociedade.<\/p>\n<h2>Como Melhorar a Comunica\u00e7\u00e3o na Associa\u00e7\u00e3o<\/h2>\n<p>A comunica\u00e7\u00e3o \u00e9 um dos pilares centrais da boa conviv\u00eancia e efic\u00e1cia em reuni\u00f5es como a Assembleia Geral Ordin\u00e1ria. Melhorar a comunica\u00e7\u00e3o na associa\u00e7\u00e3o garante que todos os membros sejam informados e possam participar ativamente. Uma comunica\u00e7\u00e3o efetiva n\u00e3o apenas aumenta a transpar\u00eancia, mas tamb\u00e9m reduz mal-entendidos e descontentamentos entre os membros.<\/p>\n<p>Um primeiro passo para melhorar a comunica\u00e7\u00e3o \u00e9 utilizar m\u00faltiplos canais para disseminar informa\u00e7\u00f5es. Al\u00e9m da convoca\u00e7\u00e3o formal, a associa\u00e7\u00e3o pode utilizar grupos de WhatsApp, e-mails e plataformas digitais para garantir que todos sejam informados. Essa diversidade facilita que informa\u00e7\u00f5es cheguem mais rapidamente e com maior abrang\u00eancia.<\/p>\n<p>Outra pr\u00e1tica importante \u00e9 incentivar o feedback. Ao cultivar um ambiente aberto \u00e0 comunica\u00e7\u00e3o bidirecional, os associados se sentir\u00e3o mais \u00e0 vontade para expressar suas opini\u00f5es e sugest\u00f5es. Cria\u00e7\u00e3o de caixas de sugest\u00f5es e fomento de reuni\u00f5es informais podem ser boas t\u00e1ticas para elevar o di\u00e1logo e aprimorar a comunica\u00e7\u00e3o interna.<\/p>\n<p>Al\u00e9m disso, a transpar\u00eancia nas delibera\u00e7\u00f5es e decis\u00f5es deve ser garantida. Compartilhar resultados de assembleias anteriores e comunicar claramente o desdobramento de decis\u00f5es ajuda a manter todos na mesma p\u00e1gina. Informes regulares e relat\u00f3rios claros tamb\u00e9m s\u00e3o uma excelente maneira de assegurar que todos os membros estejam cientes das situa\u00e7\u00f5es que impactam a comunidade.<\/p>\n<h2>Pr\u00f3ximos Passos Ap\u00f3s a Assembleia<\/h2>\n<p>Ap\u00f3s a realiza\u00e7\u00e3o da Assembleia Geral Ordin\u00e1ria, os pr\u00f3ximos passos s\u00e3o cruciais para garantir que as decis\u00f5es tomadas sejam implementadas de maneira eficiente e eficaz. Assim que a assembleia terminar, a diretoria deve compilar as delibera\u00e7\u00f5es e formalizar as decis\u00f5es em um ata da reuni\u00e3o. Essa ata deve ser divulgada a todos os associados para garantir que todos estejam informados sobre o que foi decidido e as pr\u00f3ximas a\u00e7\u00f5es que devem ser tomadas.<\/p>\n<p>A implementa\u00e7\u00e3o das decis\u00f5es da assembleia deve ser feita de maneira \u00e1gil, especialmente quando se trata de melhorias e a\u00e7\u00f5es urgentes. Se a assembleia deliberou sobre quest\u00f5es de seguran\u00e7a, por exemplo, a\u00e7\u00e3o imediata e seguimento das decis\u00f5es s\u00e3o fundamentais para garantir a seguran\u00e7a dos moradores.<\/p>\n<p>\u00c9 tamb\u00e9m importante estabelecer um cronograma para a execu\u00e7\u00e3o das a\u00e7\u00f5es decididas na assembleia. Estabelecer respons\u00e1veis por cada tarefa e monitorar o progresso pode garantir que todos os pontos discutidos sejam abordados com aten\u00e7\u00e3o e que opera\u00e7\u00f5es n\u00e3o fiquem paradas. Entrar em contato com fornecedores e manter os associados atualizados sobre o andamento das iniciativas \u00e9 essencial.<\/p>\n<p>Por fim, a pr\u00f3xima assembleia deve ser planejada com anteced\u00eancia. Incentivar uma participa\u00e7\u00e3o cont\u00ednua e um engajamento ativo ser\u00e1 um foco constante at\u00e9 a realiza\u00e7\u00e3o da pr\u00f3xima reuni\u00e3o, pois o ciclo de feedback e comunica\u00e7\u00e3o nunca deve ser interrompido. A promo\u00e7\u00e3o de um ambiente aberto e colaborativo vai ajudar a construir uma comunidade mais unida e participativa ao longo do tempo.<\/p>\n","protected":false},"excerpt":{"rendered":"<p>Convoca\u00e7\u00e3o da Assembleia Geral Ordin\u00e1ria para discutir importantes decis\u00f5es no Residencial Alphaville 2.<\/p>\n","protected":false},"author":1,"featured_media":6224,"comment_status":"open","ping_status":"open","sticky":false,"template":"","format":"standard","meta":{"footnotes":""},"categories":[5],"tags":[],"class_list":["post-6225","post","type-post","status-publish","format-standard","has-post-thumbnail","hentry","category-noticias","has_thumb"],"yoast_head":"<!-- This site is optimized with the Yoast SEO plugin v26.4 - https:\/\/yoast.com\/wordpress\/plugins\/seo\/ -->\n<title>Convoca\u00e7\u00e3o de Assembleia Geral Ordin\u00e1ria | Guia Comercial de Alphaville SP<\/title>\n<meta name=\"robots\" content=\"index, follow, max-snippet:-1, max-image-preview:large, max-video-preview:-1\" \/>\n<link rel=\"canonical\" href=\"https:\/\/www.encontraalphaville.com.br\/guia\/convocacao-de-assembleia-geral-ordinaria\/\" \/>\n<meta property=\"og:locale\" content=\"pt_BR\" \/>\n<meta property=\"og:type\" content=\"article\" \/>\n<meta property=\"og:title\" content=\"Convoca\u00e7\u00e3o de Assembleia Geral Ordin\u00e1ria | Guia Comercial de Alphaville SP\" \/>\n<meta property=\"og:description\" content=\"Convoca\u00e7\u00e3o da Assembleia Geral Ordin\u00e1ria para discutir importantes decis\u00f5es no Residencial Alphaville 2.\" \/>\n<meta property=\"og:url\" content=\"https:\/\/www.encontraalphaville.com.br\/guia\/convocacao-de-assembleia-geral-ordinaria\/\" \/>\n<meta property=\"og:site_name\" content=\"Guia Comercial de Alphaville SP\" \/>\n<meta property=\"article:published_time\" content=\"2026-01-12T11:41:38+00:00\" \/>\n<meta property=\"og:image\" content=\"https:\/\/www.encontraalphaville.com.br\/guia\/wp-content\/uploads\/2026\/01\/convocacao-de-assembleia-geral-ordinaria.webp\" \/>\n<meta name=\"author\" content=\"Encontra Alphaville\" \/>\n<meta name=\"twitter:card\" content=\"summary_large_image\" \/>\n<meta name=\"twitter:label1\" content=\"Escrito por\" \/>\n\t<meta name=\"twitter:data1\" content=\"Encontra Alphaville\" \/>\n\t<meta name=\"twitter:label2\" content=\"Est. tempo de leitura\" \/>\n\t<meta name=\"twitter:data2\" content=\"12 minutos\" \/>\n<script type=\"application\/ld+json\" class=\"yoast-schema-graph\">{\"@context\":\"https:\/\/schema.org\",\"@graph\":[{\"@type\":\"WebPage\",\"@id\":\"https:\/\/www.encontraalphaville.com.br\/guia\/convocacao-de-assembleia-geral-ordinaria\/\",\"url\":\"https:\/\/www.encontraalphaville.com.br\/guia\/convocacao-de-assembleia-geral-ordinaria\/\",\"name\":\"Convoca\u00e7\u00e3o de Assembleia Geral Ordin\u00e1ria | Guia Comercial de Alphaville SP\",\"isPartOf\":{\"@id\":\"https:\/\/www.encontraalphaville.com.br\/guia\/#website\"},\"primaryImageOfPage\":{\"@id\":\"https:\/\/www.encontraalphaville.com.br\/guia\/convocacao-de-assembleia-geral-ordinaria\/#primaryimage\"},\"image\":{\"@id\":\"https:\/\/www.encontraalphaville.com.br\/guia\/convocacao-de-assembleia-geral-ordinaria\/#primaryimage\"},\"thumbnailUrl\":\"https:\/\/www.encontraalphaville.com.br\/guia\/wp-content\/uploads\/2026\/01\/convocacao-de-assembleia-geral-ordinaria.webp\",\"datePublished\":\"2026-01-12T11:41:38+00:00\",\"author\":{\"@id\":\"https:\/\/www.encontraalphaville.com.br\/guia\/#\/schema\/person\/a48592ba2de82cdaeeef25afa1c4bc6a\"},\"inLanguage\":\"pt-BR\",\"potentialAction\":[{\"@type\":\"ReadAction\",\"target\":[\"https:\/\/www.encontraalphaville.com.br\/guia\/convocacao-de-assembleia-geral-ordinaria\/\"]}]},{\"@type\":\"ImageObject\",\"inLanguage\":\"pt-BR\",\"@id\":\"https:\/\/www.encontraalphaville.com.br\/guia\/convocacao-de-assembleia-geral-ordinaria\/#primaryimage\",\"url\":\"https:\/\/www.encontraalphaville.com.br\/guia\/wp-content\/uploads\/2026\/01\/convocacao-de-assembleia-geral-ordinaria.webp\",\"contentUrl\":\"https:\/\/www.encontraalphaville.com.br\/guia\/wp-content\/uploads\/2026\/01\/convocacao-de-assembleia-geral-ordinaria.webp\",\"width\":320,\"height\":280,\"caption\":\"Convoca\u00e7\u00e3o de Assembleia Geral Ordin\u00e1ria\"},{\"@type\":\"WebSite\",\"@id\":\"https:\/\/www.encontraalphaville.com.br\/guia\/#website\",\"url\":\"https:\/\/www.encontraalphaville.com.br\/guia\/\",\"name\":\"Guia Comercial de Alphaville SP\",\"description\":\"ENCONTRA ALPHAVILLE - O guia comercial de neg\u00f3cios e empresas, cultura e divers\u00e3o no bairro de Alphaville. Feito 100% para voc\u00ea morador!\",\"potentialAction\":[{\"@type\":\"SearchAction\",\"target\":{\"@type\":\"EntryPoint\",\"urlTemplate\":\"https:\/\/www.encontraalphaville.com.br\/guia\/?s={search_term_string}\"},\"query-input\":{\"@type\":\"PropertyValueSpecification\",\"valueRequired\":true,\"valueName\":\"search_term_string\"}}],\"inLanguage\":\"pt-BR\"},{\"@type\":\"Person\",\"@id\":\"https:\/\/www.encontraalphaville.com.br\/guia\/#\/schema\/person\/a48592ba2de82cdaeeef25afa1c4bc6a\",\"name\":\"Encontra Alphaville\",\"image\":{\"@type\":\"ImageObject\",\"inLanguage\":\"pt-BR\",\"@id\":\"https:\/\/www.encontraalphaville.com.br\/guia\/#\/schema\/person\/image\/\",\"url\":\"https:\/\/secure.gravatar.com\/avatar\/c50c17820bcf322f0a8fd6b110b8c0918141409dc69076470f6fca5fee70a5d4?s=96&d=mm&r=g\",\"contentUrl\":\"https:\/\/secure.gravatar.com\/avatar\/c50c17820bcf322f0a8fd6b110b8c0918141409dc69076470f6fca5fee70a5d4?s=96&d=mm&r=g\",\"caption\":\"Encontra Alphaville\"},\"url\":\"https:\/\/www.encontraalphaville.com.br\/guia\/author\/encontraalphaville\/\"}]}<\/script>\n<!-- \/ Yoast SEO plugin. -->","yoast_head_json":{"title":"Convoca\u00e7\u00e3o de Assembleia Geral Ordin\u00e1ria | Guia Comercial de Alphaville SP","robots":{"index":"index","follow":"follow","max-snippet":"max-snippet:-1","max-image-preview":"max-image-preview:large","max-video-preview":"max-video-preview:-1"},"canonical":"https:\/\/www.encontraalphaville.com.br\/guia\/convocacao-de-assembleia-geral-ordinaria\/","og_locale":"pt_BR","og_type":"article","og_title":"Convoca\u00e7\u00e3o de Assembleia Geral Ordin\u00e1ria | Guia Comercial de Alphaville SP","og_description":"Convoca\u00e7\u00e3o da Assembleia Geral Ordin\u00e1ria para discutir importantes decis\u00f5es no Residencial Alphaville 2.","og_url":"https:\/\/www.encontraalphaville.com.br\/guia\/convocacao-de-assembleia-geral-ordinaria\/","og_site_name":"Guia Comercial de Alphaville SP","article_published_time":"2026-01-12T11:41:38+00:00","og_image":[{"url":"https:\/\/www.encontraalphaville.com.br\/guia\/wp-content\/uploads\/2026\/01\/convocacao-de-assembleia-geral-ordinaria.webp","type":"","width":"","height":""}],"author":"Encontra Alphaville","twitter_card":"summary_large_image","twitter_misc":{"Escrito por":"Encontra Alphaville","Est. tempo de leitura":"12 minutos"},"schema":{"@context":"https:\/\/schema.org","@graph":[{"@type":"WebPage","@id":"https:\/\/www.encontraalphaville.com.br\/guia\/convocacao-de-assembleia-geral-ordinaria\/","url":"https:\/\/www.encontraalphaville.com.br\/guia\/convocacao-de-assembleia-geral-ordinaria\/","name":"Convoca\u00e7\u00e3o de Assembleia Geral Ordin\u00e1ria | Guia Comercial de Alphaville SP","isPartOf":{"@id":"https:\/\/www.encontraalphaville.com.br\/guia\/#website"},"primaryImageOfPage":{"@id":"https:\/\/www.encontraalphaville.com.br\/guia\/convocacao-de-assembleia-geral-ordinaria\/#primaryimage"},"image":{"@id":"https:\/\/www.encontraalphaville.com.br\/guia\/convocacao-de-assembleia-geral-ordinaria\/#primaryimage"},"thumbnailUrl":"https:\/\/www.encontraalphaville.com.br\/guia\/wp-content\/uploads\/2026\/01\/convocacao-de-assembleia-geral-ordinaria.webp","datePublished":"2026-01-12T11:41:38+00:00","author":{"@id":"https:\/\/www.encontraalphaville.com.br\/guia\/#\/schema\/person\/a48592ba2de82cdaeeef25afa1c4bc6a"},"inLanguage":"pt-BR","potentialAction":[{"@type":"ReadAction","target":["https:\/\/www.encontraalphaville.com.br\/guia\/convocacao-de-assembleia-geral-ordinaria\/"]}]},{"@type":"ImageObject","inLanguage":"pt-BR","@id":"https:\/\/www.encontraalphaville.com.br\/guia\/convocacao-de-assembleia-geral-ordinaria\/#primaryimage","url":"https:\/\/www.encontraalphaville.com.br\/guia\/wp-content\/uploads\/2026\/01\/convocacao-de-assembleia-geral-ordinaria.webp","contentUrl":"https:\/\/www.encontraalphaville.com.br\/guia\/wp-content\/uploads\/2026\/01\/convocacao-de-assembleia-geral-ordinaria.webp","width":320,"height":280,"caption":"Convoca\u00e7\u00e3o de Assembleia Geral Ordin\u00e1ria"},{"@type":"WebSite","@id":"https:\/\/www.encontraalphaville.com.br\/guia\/#website","url":"https:\/\/www.encontraalphaville.com.br\/guia\/","name":"Guia Comercial de Alphaville SP","description":"ENCONTRA ALPHAVILLE - O guia comercial de neg\u00f3cios e empresas, cultura e divers\u00e3o no bairro de Alphaville. Feito 100% para voc\u00ea morador!","potentialAction":[{"@type":"SearchAction","target":{"@type":"EntryPoint","urlTemplate":"https:\/\/www.encontraalphaville.com.br\/guia\/?s={search_term_string}"},"query-input":{"@type":"PropertyValueSpecification","valueRequired":true,"valueName":"search_term_string"}}],"inLanguage":"pt-BR"},{"@type":"Person","@id":"https:\/\/www.encontraalphaville.com.br\/guia\/#\/schema\/person\/a48592ba2de82cdaeeef25afa1c4bc6a","name":"Encontra Alphaville","image":{"@type":"ImageObject","inLanguage":"pt-BR","@id":"https:\/\/www.encontraalphaville.com.br\/guia\/#\/schema\/person\/image\/","url":"https:\/\/secure.gravatar.com\/avatar\/c50c17820bcf322f0a8fd6b110b8c0918141409dc69076470f6fca5fee70a5d4?s=96&d=mm&r=g","contentUrl":"https:\/\/secure.gravatar.com\/avatar\/c50c17820bcf322f0a8fd6b110b8c0918141409dc69076470f6fca5fee70a5d4?s=96&d=mm&r=g","caption":"Encontra Alphaville"},"url":"https:\/\/www.encontraalphaville.com.br\/guia\/author\/encontraalphaville\/"}]}},"_links":{"self":[{"href":"https:\/\/www.encontraalphaville.com.br\/guia\/wp-json\/wp\/v2\/posts\/6225","targetHints":{"allow":["GET"]}}],"collection":[{"href":"https:\/\/www.encontraalphaville.com.br\/guia\/wp-json\/wp\/v2\/posts"}],"about":[{"href":"https:\/\/www.encontraalphaville.com.br\/guia\/wp-json\/wp\/v2\/types\/post"}],"author":[{"embeddable":true,"href":"https:\/\/www.encontraalphaville.com.br\/guia\/wp-json\/wp\/v2\/users\/1"}],"replies":[{"embeddable":true,"href":"https:\/\/www.encontraalphaville.com.br\/guia\/wp-json\/wp\/v2\/comments?post=6225"}],"version-history":[{"count":0,"href":"https:\/\/www.encontraalphaville.com.br\/guia\/wp-json\/wp\/v2\/posts\/6225\/revisions"}],"wp:featuredmedia":[{"embeddable":true,"href":"https:\/\/www.encontraalphaville.com.br\/guia\/wp-json\/wp\/v2\/media\/6224"}],"wp:attachment":[{"href":"https:\/\/www.encontraalphaville.com.br\/guia\/wp-json\/wp\/v2\/media?parent=6225"}],"wp:term":[{"taxonomy":"category","embeddable":true,"href":"https:\/\/www.encontraalphaville.com.br\/guia\/wp-json\/wp\/v2\/categories?post=6225"},{"taxonomy":"post_tag","embeddable":true,"href":"https:\/\/www.encontraalphaville.com.br\/guia\/wp-json\/wp\/v2\/tags?post=6225"}],"curies":[{"name":"wp","href":"https:\/\/api.w.org\/{rel}","templated":true}]}}