{"id":6219,"date":"2026-01-11T09:17:44","date_gmt":"2026-01-11T12:17:44","guid":{"rendered":"https:\/\/www.encontraalphaville.com.br\/guia\/estao-abertas-as-inscricoes-para-os-cursos-gratuitos-do-projeto-foco\/"},"modified":"2026-01-11T09:17:44","modified_gmt":"2026-01-11T12:17:44","slug":"estao-abertas-as-inscricoes-para-os-cursos-gratuitos-do-projeto-foco","status":"publish","type":"post","link":"https:\/\/www.encontraalphaville.com.br\/guia\/estao-abertas-as-inscricoes-para-os-cursos-gratuitos-do-projeto-foco\/","title":{"rendered":"Est\u00e3o abertas as inscri\u00e7\u00f5es para os cursos gratuitos do Projeto Foco"},"content":{"rendered":"<h2>Conhe\u00e7a o Projeto Foco da Prefeitura de Carapicu\u00edba<\/h2>\n<p>O <strong>Projeto Foco<\/strong> \u00e9 uma iniciativa da <strong>Prefeitura de Carapicu\u00edba<\/strong> que visa proporcionar oportunidades educacionais e culturais para crian\u00e7as e adolescentes na faixa et\u00e1ria de 8 a 17 anos. O objetivo principal deste projeto \u00e9 fomentar o desenvolvimento social, cultural e educacional dos jovens da cidade, oferecendo atividades que estimulam habilidades motoras, art\u00edsticas e cognitivas. Com a parceria da <strong>Associa\u00e7\u00e3o Foco<\/strong>, o projeto torna-se uma porta aberta para que muitos jovens possam explorar novas \u00e1reas de conhecimento e desenvolvimento pessoal.<\/p>\n<p>\u00c9 importante ressaltar que a educa\u00e7\u00e3o vai al\u00e9m do simples aprendizado em sala de aula. A inser\u00e7\u00e3o de atividades extracurriculares, como ballet, jiu-jitsu e teatro, permite que os jovens desenvolvam disciplina, coragem e criatividade. Al\u00e9m disso, o Projeto Foco tamb\u00e9m ajuda a integrar os jovens \u00e0 comunidade, promovendo um senso de pertencimento e cidadania.<\/p>\n<h2>Vagas Dispon\u00edveis para Crian\u00e7as e Adolescentes<\/h2>\n<p>O Projeto Foco oferece <strong>80 vagas gratuitas<\/strong> para crian\u00e7as e adolescentes com idades entre 8 e 17 anos. Essas vagas s\u00e3o uma excelente oportunidade para o desenvolvimento pessoal e social dos jovens, que poder\u00e3o participar de atividades diversificadas e aprender novas habilidades.<\/p>\n<p><img decoding=\"async\" src=\"https:\/\/www.encontraalphaville.com.br\/guia\/wp-content\/uploads\/2026\/01\/estao-abertas-as-inscricoes-para-os-cursos-gratuitos-do-projeto-foco.webp\" alt=\"cursos gratuitos Carapicu\u00edba\" loading=\"lazy\" \/><\/p>\n<p>As vagas s\u00e3o limitadas e, para garantir a participa\u00e7\u00e3o, os interessados devem se inscrever durante o per\u00edodo estipulado pela Prefeitura. Isso significa que \u00e9 essencial que os pais ou respons\u00e1veis fiquem atentos \u00e0s datas de inscri\u00e7\u00e3o e apresentem toda a documenta\u00e7\u00e3o necess\u00e1ria no ato da matr\u00edcula. Com um n\u00famero restrito de vagas, a concorr\u00eancia pode ser grande, tornando a antecipa\u00e7\u00e3o nas inscri\u00e7\u00f5es um fator importante.<\/p>\n<h2>Cursos Oferecidos no Projeto Foco<\/h2>\n<p>Os cursos dispon\u00edveis no Projeto Foco abrangem uma ampla gama de interesses, visando atender diferentes perfis de jovens. As op\u00e7\u00f5es incluem:<\/p>\n<ul>\n<li><strong>Ballet:<\/strong> Este curso n\u00e3o apenas ensina dan\u00e7a, mas tamb\u00e9m contribui para a flexibilidade e a disciplina dos alunos.<\/li>\n<li><strong>Jiu Jitsu:<\/strong> Uma arte marcial que promove n\u00e3o apenas a autodefesa, mas tamb\u00e9m valores como respeito e autocontrole.<\/li>\n<li><strong>Gin\u00e1stica Art\u00edstica:<\/strong> Focada em desenvolver for\u00e7a, agilidade e coordena\u00e7\u00e3o motora.<\/li>\n<li><strong>Futsal:<\/strong> Um esporte coletivo que ensina trabalho em equipe, respeito \u00e0s regras e fair play.<\/li>\n<li><strong>Pintura e Desenho:<\/strong> Cursos que estimulam a criatividade e a express\u00e3o art\u00edstica.<\/li>\n<li><strong>Teatro:<\/strong> Uma oportunidade para os jovens se expressarem e ganharem confian\u00e7a em suas habilidades de comunica\u00e7\u00e3o.<\/li>\n<li><strong>M\u00fasica:<\/strong> Oferecendo a chance de aprendizado de instrumentos e teoria musical, desenvolvendo talentos musicais.<\/li>\n<li><strong>Ingl\u00eas e Inform\u00e1tica:<\/strong> Cursos que preparam os jovens para um mundo cada vez mais globalizado e tecnol\u00f3gico.<\/li>\n<\/ul>\n<p>Com essa variedade de cursos, o Projeto Foco n\u00e3o apenas contribui para o desenvolvimento pessoal de cada aluno, mas tamb\u00e9m ajuda a preparar os jovens para desafios futuros, tanto em suas vidas pessoais quanto em suas vidas profissionais.<\/p>\n<h2>Como se Inscrever nos Cursos Gratuitos<\/h2>\n<p>As inscri\u00e7\u00f5es para os cursos do Projeto Foco devem ser realizadas <strong>presencialmente<\/strong> entre os dias 12 e 23 de janeiro. O hor\u00e1rio dispon\u00edvel para as inscri\u00e7\u00f5es \u00e9 das 9h \u00e0s 16h, de segunda a sexta-feira. Os locais de inscri\u00e7\u00e3o s\u00e3o:<\/p>\n<ul>\n<li>EMEF Prof. Argeu da Silveira Bueno &#8211; Avenida Presidente Tancredo de Almeida Neves, 860, Cohab V.<\/li>\n<li>EMEF Vereador Edegar Sim\u00f5es &#8211; Rua Mirassol, 85, Ariston.<\/li>\n<\/ul>\n<p>Os pais ou respons\u00e1veis devem levar toda a documenta\u00e7\u00e3o necess\u00e1ria para garantir a inscri\u00e7\u00e3o do jovem. A aten\u00e7\u00e3o aos prazos e \u00e0 localiza\u00e7\u00e3o das inscri\u00e7\u00f5es \u00e9 fundamental para garantir que os interessados possam efetivamente se matricular nos cursos oferecidos.<\/p>\n<h2>Documentos Necess\u00e1rios para a Inscri\u00e7\u00e3o<\/h2>\n<p>Para realizar a <strong>inscri\u00e7\u00e3o<\/strong> em um dos cursos do Projeto Foco, os respons\u00e1veis devem apresentar os seguintes documentos:<\/p>\n<ul>\n<li>Foto 3&#215;4 recente do aluno;<\/li>\n<li>RG ou Certid\u00e3o de Nascimento do aluno;<\/li>\n<li>RG da m\u00e3e ou respons\u00e1vel legal;<\/li>\n<li>Boletim escolar;<\/li>\n<li>Declara\u00e7\u00e3o escolar;<\/li>\n<li>Comprovante de resid\u00eancia atualizado;<\/li>\n<li>Comprovante de renda familiar;<\/li>\n<li>Carteira de vacina\u00e7\u00e3o atualizada;<\/li>\n<li>Cart\u00e3o do SUS.<\/li>\n<\/ul>\n<p>A apresenta\u00e7\u00e3o da documenta\u00e7\u00e3o correta \u00e9 crucial para que o processo de inscri\u00e7\u00e3o seja conclu\u00eddo sem contratempos. Portanto, os respons\u00e1veis devem se organizar para garantir que todos os documentos estejam prontos antes de se dirigirem aos locais de inscri\u00e7\u00e3o.<\/p>\n<h2>Local das Aulas e Transporte Gratuito<\/h2>\n<p>Uma das grandes vantagens do Projeto Foco \u00e9 que as aulas ser\u00e3o realizadas na <strong>Avenida Tambor\u00e9, 1473, Alphaville, em Barueri (SP)<\/strong>. Essa localiza\u00e7\u00e3o \u00e9 facilmente acess\u00edvel para a maioria dos participantes. Al\u00e9m disso, para facilitar a participa\u00e7\u00e3o dos alunos, a Prefeito de Carapicu\u00edba disponibilizar\u00e1 <strong>transporte gratuito<\/strong> aos alunos.<\/p>\n<p>O transporte gratuito \u00e9 uma excelente medida, pois remove a barreira do deslocamento e permite que mais jovens tenham acesso a essas oportunidades educacionais e culturais. O transporte \u00e9 um facilitador importante que poder\u00e1 aumentar a ades\u00e3o aos cursos oferecidos.<\/p>\n<h2>Datas Importantes para Inscri\u00e7\u00f5es<\/h2>\n<p>\u00c9 fundamental que os interessados fiquem atentos \u00e0s seguintes datas relacionadas ao Projeto Foco:<\/p>\n<ul>\n<li><strong>In\u00edcio das inscri\u00e7\u00f5es:<\/strong> 12 de janeiro.<\/li>\n<li><strong>Fim das inscri\u00e7\u00f5es:<\/strong> 23 de janeiro.<\/li>\n<\/ul>\n<p>Al\u00e9m dessas datas, \u00e9 importante prestar aten\u00e7\u00e3o ao in\u00edcio das aulas, que ser\u00e3o programadas conforme a grade hor\u00e1ria espec\u00edfica de cada atividade. Ter conhecimento dessas datas permite que os respons\u00e1veis se planejem e garantam a participa\u00e7\u00e3o dos jovens no projeto.<\/p>\n<h2>Impacto dos Cursos na Comunidade<\/h2>\n<p>Os cursos oferecidos pelo Projeto Foco n\u00e3o apenas impactam diretamente os jovens participantes, mas tamb\u00e9m a comunidade como um todo. Quando os jovens se engajam em atividades educativas e culturais, eles tendem a desenvolver habilidades que s\u00e3o valiosas para a sociedade. Isso pode resultar em uma redu\u00e7\u00e3o nas taxas de criminalidade, aumento da cidadania ativa, e promo\u00e7\u00e3o de um ambiente comunit\u00e1rio mais coeso e colaborativo.<\/p>\n<p>Al\u00e9m disso, a cria\u00e7\u00e3o de um espa\u00e7o onde jovens se re\u00fanem para aprender e criar juntos fortalece os la\u00e7os sociais, promove a inclus\u00e3o e permite a troca de experi\u00eancias diversas. Portanto, o impacto do Projeto Foco transcende as paredes das salas de aula, moldando uma nova gera\u00e7\u00e3o de cidad\u00e3os comprometidos e conscientes.<\/p>\n<h2>Benef\u00edcios das Atividades Culturais para Jovens<\/h2>\n<p>A participa\u00e7\u00e3o em atividades culturais traz uma vasta gama de benef\u00edcios para os jovens. Primeiramente, essas atividades proporcionam a oportunidade de desenvolver habilidades que v\u00e3o al\u00e9m do aprendizado acad\u00eamico. Ao participar de cursos de m\u00fasica, dan\u00e7a ou teatro, os jovens aprendem a colaborar em grupo, a se expressar de forma criativa e a desenvolver a autoconfian\u00e7a.<\/p>\n<p>Al\u00e9m disso, as atividades culturais t\u00eam um impacto positivo na sa\u00fade mental dos jovens. Elas podem proporcionar um espa\u00e7o seguro para a express\u00e3o das emo\u00e7\u00f5es e promover o bem-estar pessoal. Participar de atividades em grupo tamb\u00e9m ajuda a criar amizades e conectar os jovens uns aos outros, formando uma rede social de apoio.<\/p>\n<p>Por fim, essas experi\u00eancias contribuem para a forma\u00e7\u00e3o de uma identidade cultural rica, permitindo que os jovens desenvolvam um senso de pertencimento e orgulho em suas tradi\u00e7\u00f5es e hist\u00f3ria. \u00c9 atrav\u00e9s de iniciativas como o Projeto Foco que os jovens podem explorar suas potencialidades e direcionar suas trajet\u00f3rias de vida.<\/p>\n<h2>Informa\u00e7\u00f5es Adicionais e Contatos<\/h2>\n<p>Para mais informa\u00e7\u00f5es sobre o Projeto Foco e os cursos oferecidos, os interessados podem entrar em contato com a <strong>Prefeitura de Carapicu\u00edba<\/strong> atrav\u00e9s dos seguintes meios:<\/p>\n<ul>\n<li>Email: <a href=\"mailto:imprensa@carapicuiba.sp.gov.br\">imprensa@carapicuiba.sp.gov.br<\/a><\/li>\n<li>Telefone: (11) 4164-5500 &#8211; Ramais 5220, 5224.<\/li>\n<\/ul>\n<p>Al\u00e9m disso, \u00e9 recomend\u00e1vel seguir as redes sociais da Prefeitura, onde s\u00e3o frequentemente publicadas atualiza\u00e7\u00f5es sobre o projeto, novas iniciativas e eventos, permitindo que a comunidade esteja informada e participe ativamente das oportunidades dispon\u00edveis.<\/p>\n","protected":false},"excerpt":{"rendered":"<p>Cursos gratuitos em Carapicu\u00edba dispon\u00edveis para crian\u00e7as e adolescentes. Inscreva-se j\u00e1!<\/p>\n","protected":false},"author":1,"featured_media":6218,"comment_status":"open","ping_status":"open","sticky":false,"template":"","format":"standard","meta":{"footnotes":""},"categories":[5],"tags":[],"class_list":["post-6219","post","type-post","status-publish","format-standard","has-post-thumbnail","hentry","category-noticias","has_thumb"],"yoast_head":"<!-- This site is optimized with the Yoast SEO plugin v26.4 - https:\/\/yoast.com\/wordpress\/plugins\/seo\/ -->\n<title>Est\u00e3o abertas as inscri\u00e7\u00f5es para os cursos gratuitos do Projeto Foco | Guia Comercial de Alphaville SP<\/title>\n<meta name=\"robots\" content=\"index, follow, max-snippet:-1, max-image-preview:large, max-video-preview:-1\" \/>\n<link rel=\"canonical\" href=\"https:\/\/www.encontraalphaville.com.br\/guia\/estao-abertas-as-inscricoes-para-os-cursos-gratuitos-do-projeto-foco\/\" \/>\n<meta property=\"og:locale\" content=\"pt_BR\" \/>\n<meta property=\"og:type\" content=\"article\" \/>\n<meta property=\"og:title\" content=\"Est\u00e3o abertas as inscri\u00e7\u00f5es para os cursos gratuitos do Projeto Foco | Guia Comercial de Alphaville SP\" \/>\n<meta property=\"og:description\" content=\"Cursos gratuitos em Carapicu\u00edba dispon\u00edveis para crian\u00e7as e adolescentes. Inscreva-se j\u00e1!\" \/>\n<meta property=\"og:url\" content=\"https:\/\/www.encontraalphaville.com.br\/guia\/estao-abertas-as-inscricoes-para-os-cursos-gratuitos-do-projeto-foco\/\" \/>\n<meta property=\"og:site_name\" content=\"Guia Comercial de Alphaville SP\" \/>\n<meta property=\"article:published_time\" content=\"2026-01-11T12:17:44+00:00\" \/>\n<meta property=\"og:image\" content=\"https:\/\/www.encontraalphaville.com.br\/guia\/wp-content\/uploads\/2026\/01\/estao-abertas-as-inscricoes-para-os-cursos-gratuitos-do-projeto-foco.webp\" \/>\n<meta name=\"author\" content=\"Encontra Alphaville\" \/>\n<meta name=\"twitter:card\" content=\"summary_large_image\" \/>\n<meta name=\"twitter:label1\" content=\"Escrito por\" \/>\n\t<meta name=\"twitter:data1\" content=\"Encontra Alphaville\" \/>\n\t<meta name=\"twitter:label2\" content=\"Est. tempo de leitura\" \/>\n\t<meta name=\"twitter:data2\" content=\"6 minutos\" \/>\n<script type=\"application\/ld+json\" class=\"yoast-schema-graph\">{\"@context\":\"https:\/\/schema.org\",\"@graph\":[{\"@type\":\"WebPage\",\"@id\":\"https:\/\/www.encontraalphaville.com.br\/guia\/estao-abertas-as-inscricoes-para-os-cursos-gratuitos-do-projeto-foco\/\",\"url\":\"https:\/\/www.encontraalphaville.com.br\/guia\/estao-abertas-as-inscricoes-para-os-cursos-gratuitos-do-projeto-foco\/\",\"name\":\"Est\u00e3o abertas as inscri\u00e7\u00f5es para os cursos gratuitos do Projeto Foco | Guia Comercial de Alphaville SP\",\"isPartOf\":{\"@id\":\"https:\/\/www.encontraalphaville.com.br\/guia\/#website\"},\"primaryImageOfPage\":{\"@id\":\"https:\/\/www.encontraalphaville.com.br\/guia\/estao-abertas-as-inscricoes-para-os-cursos-gratuitos-do-projeto-foco\/#primaryimage\"},\"image\":{\"@id\":\"https:\/\/www.encontraalphaville.com.br\/guia\/estao-abertas-as-inscricoes-para-os-cursos-gratuitos-do-projeto-foco\/#primaryimage\"},\"thumbnailUrl\":\"https:\/\/www.encontraalphaville.com.br\/guia\/wp-content\/uploads\/2026\/01\/estao-abertas-as-inscricoes-para-os-cursos-gratuitos-do-projeto-foco.webp\",\"datePublished\":\"2026-01-11T12:17:44+00:00\",\"author\":{\"@id\":\"https:\/\/www.encontraalphaville.com.br\/guia\/#\/schema\/person\/a48592ba2de82cdaeeef25afa1c4bc6a\"},\"inLanguage\":\"pt-BR\",\"potentialAction\":[{\"@type\":\"ReadAction\",\"target\":[\"https:\/\/www.encontraalphaville.com.br\/guia\/estao-abertas-as-inscricoes-para-os-cursos-gratuitos-do-projeto-foco\/\"]}]},{\"@type\":\"ImageObject\",\"inLanguage\":\"pt-BR\",\"@id\":\"https:\/\/www.encontraalphaville.com.br\/guia\/estao-abertas-as-inscricoes-para-os-cursos-gratuitos-do-projeto-foco\/#primaryimage\",\"url\":\"https:\/\/www.encontraalphaville.com.br\/guia\/wp-content\/uploads\/2026\/01\/estao-abertas-as-inscricoes-para-os-cursos-gratuitos-do-projeto-foco.webp\",\"contentUrl\":\"https:\/\/www.encontraalphaville.com.br\/guia\/wp-content\/uploads\/2026\/01\/estao-abertas-as-inscricoes-para-os-cursos-gratuitos-do-projeto-foco.webp\",\"width\":320,\"height\":280,\"caption\":\"cursos gratuitos Carapicu\u00edba\"},{\"@type\":\"WebSite\",\"@id\":\"https:\/\/www.encontraalphaville.com.br\/guia\/#website\",\"url\":\"https:\/\/www.encontraalphaville.com.br\/guia\/\",\"name\":\"Guia Comercial de Alphaville SP\",\"description\":\"ENCONTRA ALPHAVILLE - O guia comercial de neg\u00f3cios e empresas, cultura e divers\u00e3o no bairro de Alphaville. Feito 100% para voc\u00ea morador!\",\"potentialAction\":[{\"@type\":\"SearchAction\",\"target\":{\"@type\":\"EntryPoint\",\"urlTemplate\":\"https:\/\/www.encontraalphaville.com.br\/guia\/?s={search_term_string}\"},\"query-input\":{\"@type\":\"PropertyValueSpecification\",\"valueRequired\":true,\"valueName\":\"search_term_string\"}}],\"inLanguage\":\"pt-BR\"},{\"@type\":\"Person\",\"@id\":\"https:\/\/www.encontraalphaville.com.br\/guia\/#\/schema\/person\/a48592ba2de82cdaeeef25afa1c4bc6a\",\"name\":\"Encontra Alphaville\",\"image\":{\"@type\":\"ImageObject\",\"inLanguage\":\"pt-BR\",\"@id\":\"https:\/\/www.encontraalphaville.com.br\/guia\/#\/schema\/person\/image\/\",\"url\":\"https:\/\/secure.gravatar.com\/avatar\/c50c17820bcf322f0a8fd6b110b8c0918141409dc69076470f6fca5fee70a5d4?s=96&d=mm&r=g\",\"contentUrl\":\"https:\/\/secure.gravatar.com\/avatar\/c50c17820bcf322f0a8fd6b110b8c0918141409dc69076470f6fca5fee70a5d4?s=96&d=mm&r=g\",\"caption\":\"Encontra Alphaville\"},\"url\":\"https:\/\/www.encontraalphaville.com.br\/guia\/author\/encontraalphaville\/\"}]}<\/script>\n<!-- \/ Yoast SEO plugin. -->","yoast_head_json":{"title":"Est\u00e3o abertas as inscri\u00e7\u00f5es para os cursos gratuitos do Projeto Foco | Guia Comercial de Alphaville SP","robots":{"index":"index","follow":"follow","max-snippet":"max-snippet:-1","max-image-preview":"max-image-preview:large","max-video-preview":"max-video-preview:-1"},"canonical":"https:\/\/www.encontraalphaville.com.br\/guia\/estao-abertas-as-inscricoes-para-os-cursos-gratuitos-do-projeto-foco\/","og_locale":"pt_BR","og_type":"article","og_title":"Est\u00e3o abertas as inscri\u00e7\u00f5es para os cursos gratuitos do Projeto Foco | Guia Comercial de Alphaville SP","og_description":"Cursos gratuitos em Carapicu\u00edba dispon\u00edveis para crian\u00e7as e adolescentes. Inscreva-se j\u00e1!","og_url":"https:\/\/www.encontraalphaville.com.br\/guia\/estao-abertas-as-inscricoes-para-os-cursos-gratuitos-do-projeto-foco\/","og_site_name":"Guia Comercial de Alphaville SP","article_published_time":"2026-01-11T12:17:44+00:00","og_image":[{"url":"https:\/\/www.encontraalphaville.com.br\/guia\/wp-content\/uploads\/2026\/01\/estao-abertas-as-inscricoes-para-os-cursos-gratuitos-do-projeto-foco.webp","type":"","width":"","height":""}],"author":"Encontra Alphaville","twitter_card":"summary_large_image","twitter_misc":{"Escrito por":"Encontra Alphaville","Est. tempo de leitura":"6 minutos"},"schema":{"@context":"https:\/\/schema.org","@graph":[{"@type":"WebPage","@id":"https:\/\/www.encontraalphaville.com.br\/guia\/estao-abertas-as-inscricoes-para-os-cursos-gratuitos-do-projeto-foco\/","url":"https:\/\/www.encontraalphaville.com.br\/guia\/estao-abertas-as-inscricoes-para-os-cursos-gratuitos-do-projeto-foco\/","name":"Est\u00e3o abertas as inscri\u00e7\u00f5es para os cursos gratuitos do Projeto Foco | Guia Comercial de Alphaville SP","isPartOf":{"@id":"https:\/\/www.encontraalphaville.com.br\/guia\/#website"},"primaryImageOfPage":{"@id":"https:\/\/www.encontraalphaville.com.br\/guia\/estao-abertas-as-inscricoes-para-os-cursos-gratuitos-do-projeto-foco\/#primaryimage"},"image":{"@id":"https:\/\/www.encontraalphaville.com.br\/guia\/estao-abertas-as-inscricoes-para-os-cursos-gratuitos-do-projeto-foco\/#primaryimage"},"thumbnailUrl":"https:\/\/www.encontraalphaville.com.br\/guia\/wp-content\/uploads\/2026\/01\/estao-abertas-as-inscricoes-para-os-cursos-gratuitos-do-projeto-foco.webp","datePublished":"2026-01-11T12:17:44+00:00","author":{"@id":"https:\/\/www.encontraalphaville.com.br\/guia\/#\/schema\/person\/a48592ba2de82cdaeeef25afa1c4bc6a"},"inLanguage":"pt-BR","potentialAction":[{"@type":"ReadAction","target":["https:\/\/www.encontraalphaville.com.br\/guia\/estao-abertas-as-inscricoes-para-os-cursos-gratuitos-do-projeto-foco\/"]}]},{"@type":"ImageObject","inLanguage":"pt-BR","@id":"https:\/\/www.encontraalphaville.com.br\/guia\/estao-abertas-as-inscricoes-para-os-cursos-gratuitos-do-projeto-foco\/#primaryimage","url":"https:\/\/www.encontraalphaville.com.br\/guia\/wp-content\/uploads\/2026\/01\/estao-abertas-as-inscricoes-para-os-cursos-gratuitos-do-projeto-foco.webp","contentUrl":"https:\/\/www.encontraalphaville.com.br\/guia\/wp-content\/uploads\/2026\/01\/estao-abertas-as-inscricoes-para-os-cursos-gratuitos-do-projeto-foco.webp","width":320,"height":280,"caption":"cursos gratuitos Carapicu\u00edba"},{"@type":"WebSite","@id":"https:\/\/www.encontraalphaville.com.br\/guia\/#website","url":"https:\/\/www.encontraalphaville.com.br\/guia\/","name":"Guia Comercial de Alphaville SP","description":"ENCONTRA ALPHAVILLE - O guia comercial de neg\u00f3cios e empresas, cultura e divers\u00e3o no bairro de Alphaville. Feito 100% para voc\u00ea morador!","potentialAction":[{"@type":"SearchAction","target":{"@type":"EntryPoint","urlTemplate":"https:\/\/www.encontraalphaville.com.br\/guia\/?s={search_term_string}"},"query-input":{"@type":"PropertyValueSpecification","valueRequired":true,"valueName":"search_term_string"}}],"inLanguage":"pt-BR"},{"@type":"Person","@id":"https:\/\/www.encontraalphaville.com.br\/guia\/#\/schema\/person\/a48592ba2de82cdaeeef25afa1c4bc6a","name":"Encontra Alphaville","image":{"@type":"ImageObject","inLanguage":"pt-BR","@id":"https:\/\/www.encontraalphaville.com.br\/guia\/#\/schema\/person\/image\/","url":"https:\/\/secure.gravatar.com\/avatar\/c50c17820bcf322f0a8fd6b110b8c0918141409dc69076470f6fca5fee70a5d4?s=96&d=mm&r=g","contentUrl":"https:\/\/secure.gravatar.com\/avatar\/c50c17820bcf322f0a8fd6b110b8c0918141409dc69076470f6fca5fee70a5d4?s=96&d=mm&r=g","caption":"Encontra Alphaville"},"url":"https:\/\/www.encontraalphaville.com.br\/guia\/author\/encontraalphaville\/"}]}},"_links":{"self":[{"href":"https:\/\/www.encontraalphaville.com.br\/guia\/wp-json\/wp\/v2\/posts\/6219","targetHints":{"allow":["GET"]}}],"collection":[{"href":"https:\/\/www.encontraalphaville.com.br\/guia\/wp-json\/wp\/v2\/posts"}],"about":[{"href":"https:\/\/www.encontraalphaville.com.br\/guia\/wp-json\/wp\/v2\/types\/post"}],"author":[{"embeddable":true,"href":"https:\/\/www.encontraalphaville.com.br\/guia\/wp-json\/wp\/v2\/users\/1"}],"replies":[{"embeddable":true,"href":"https:\/\/www.encontraalphaville.com.br\/guia\/wp-json\/wp\/v2\/comments?post=6219"}],"version-history":[{"count":0,"href":"https:\/\/www.encontraalphaville.com.br\/guia\/wp-json\/wp\/v2\/posts\/6219\/revisions"}],"wp:featuredmedia":[{"embeddable":true,"href":"https:\/\/www.encontraalphaville.com.br\/guia\/wp-json\/wp\/v2\/media\/6218"}],"wp:attachment":[{"href":"https:\/\/www.encontraalphaville.com.br\/guia\/wp-json\/wp\/v2\/media?parent=6219"}],"wp:term":[{"taxonomy":"category","embeddable":true,"href":"https:\/\/www.encontraalphaville.com.br\/guia\/wp-json\/wp\/v2\/categories?post=6219"},{"taxonomy":"post_tag","embeddable":true,"href":"https:\/\/www.encontraalphaville.com.br\/guia\/wp-json\/wp\/v2\/tags?post=6219"}],"curies":[{"name":"wp","href":"https:\/\/api.w.org\/{rel}","templated":true}]}}