{"id":6209,"date":"2026-01-09T09:12:03","date_gmt":"2026-01-09T12:12:03","guid":{"rendered":"https:\/\/www.encontraalphaville.com.br\/guia\/redetv-acaba-com-programa-manha-com-voce-apos-quatro-meses-e-dispensa-apresentadora\/"},"modified":"2026-01-09T09:12:03","modified_gmt":"2026-01-09T12:12:03","slug":"redetv-acaba-com-programa-manha-com-voce-apos-quatro-meses-e-dispensa-apresentadora","status":"publish","type":"post","link":"https:\/\/www.encontraalphaville.com.br\/guia\/redetv-acaba-com-programa-manha-com-voce-apos-quatro-meses-e-dispensa-apresentadora\/","title":{"rendered":"RedeTV! acaba com programa Manh\u00e3 com Voc\u00ea ap\u00f3s quatro meses e dispensa apresentadora"},"content":{"rendered":"<h2>O que Levou ao Fim do Programa?<\/h2>\n<p>O programa <strong>Manh\u00e3 com Voc\u00ea<\/strong>, transmitido pela RedeTV! desde agosto e focado em relatos e hist\u00f3rias que refletem a vida cotidiana, foi cancelado ap\u00f3s apenas quatro meses no ar. Um dos principais fatores que levaram a essa decis\u00e3o foi o desempenho insatisfat\u00f3rio nas audi\u00eancias. O programa atingiu \u00edndices entre 0,1 e 0,2 ponto na Grande S\u00e3o Paulo, significando que, na pr\u00e1tica, atra\u00eda pouqu\u00edssimos espectadores. Para se ter uma ideia, cada ponto representa aproximadamente <em>199 mil telespectadores<\/em>, o que mostra que a atra\u00e7\u00e3o n\u00e3o conseguiu conquistar o p\u00fablico desejado.<\/p>\n<p>Outro aspecto que contribuiu para o fim da atra\u00e7\u00e3o foi o <strong>faturamento abaixo do esperado<\/strong>. Em um ambiente t\u00e3o competitivo, as emissoras de televis\u00e3o precisam garantir que seus programas sejam financeiramente vi\u00e1veis, e, neste caso, a RedeTV! percebeu que o <em>Manh\u00e3 com Voc\u00ea<\/em> n\u00e3o entregava os resultados financeiros esperados. Al\u00e9m disso, o formato da atra\u00e7\u00e3o, que se baseava em um cen\u00e1rio de apartamento compartilhado pelas apresentadoras, n\u00e3o conseguiu atender \u00e0s expectativas de engajamento que a rede buscava. Dessa forma, a emissora decidiu encerrar o programa e anunciou uma mudan\u00e7a na grade de programa\u00e7\u00e3o, permitindo a estreia de novas atra\u00e7\u00f5es que pudessem proporcionar melhores resultados.<\/p>\n<h2>An\u00e1lise das Baixas Audi\u00eancias<\/h2>\n<p>A an\u00e1lise das baixas audi\u00eancias do <strong>Manh\u00e3 com Voc\u00ea<\/strong> revela um panorama mais complexo do que apenas n\u00fameros. Inicialmente, o programa tinha como objetivo estabelecer um di\u00e1logo sobre as rela\u00e7\u00f5es cotidianas, trazendo t\u00e9maticas que envolviam a vida em comunidade e o cotidiano das mulheres. Contudo, a abordagem n\u00e3o impactou o p\u00fablico nem foi capaz de gerar discuss\u00f5es relevantes nas redes sociais ou outros meios.<\/p>\n<p><img decoding=\"async\" src=\"https:\/\/www.encontraalphaville.com.br\/guia\/wp-content\/uploads\/2026\/01\/redetv-acaba-com-programa-manha-com-voce-apos-quatro-meses-e-dispensa-apresentadora.webp\" alt=\"\" loading=\"lazy\" \/><\/p>\n<p>Al\u00e9m disso, a programa\u00e7\u00e3o matinal \u00e9 particularmente desafiadora. \u00c9 nesta faixa hor\u00e1ria que os telespectadores costumam buscar informa\u00e7\u00f5es r\u00e1pidas e relevantes para come\u00e7ar o dia. O formato mais leve e baseado em hist\u00f3rias pessoais, por sua vez, pode ter soado inadequado para uma audi\u00eancia que, muitas vezes, busca not\u00edcias ou entretenimento mais \u00e1gil. Programas concorrentes que abordavam temas com maior profundidade ou que eram mais interativos, provavelmente, acabaram fazendo melhor uso do espa\u00e7o dispon\u00edvel na TV.<\/p>\n<p>Outro ponto a ser considerado \u00e9 a satura\u00e7\u00e3o do formato. O desenvolvimento de programas com caracter\u00edsticas semelhantes, que abordam a vida feminina e situa\u00e7\u00f5es do dia a dia, pode ter gerado uma impress\u00e3o de falta de inova\u00e7\u00e3o. Neste sentido, tanto a RedeTV! quanto outras emissoras enfrentam o dilema de criar conte\u00fados que sejam ao mesmo tempo apelativos e interessantes, sem repeti\u00e7\u00e3o excessiva de temas.<\/p>\n<h2>A Rea\u00e7\u00e3o do P\u00fablico nas Redes Sociais<\/h2>\n<p>A rea\u00e7\u00e3o do p\u00fablico nas redes sociais em rela\u00e7\u00e3o ao cancelamento do <strong>Manh\u00e3 com Voc\u00ea<\/strong> foi mista. Enquanto alguns espectadores se mostraram desapontados com a not\u00edcia, expressando sua prefer\u00eancia pelo formato e pelas apresenta\u00e7\u00f5es das apresentadoras <strong>Taisa Pelosi<\/strong> e <strong>Paola Pretto<\/strong>, outros celebraram o fim do programa, considerando que ele n\u00e3o tinha contribu\u00eddo de maneira significativa para a grade da emissora.<\/p>\n<p>As redes sociais exercem um papel fundamental na avalia\u00e7\u00e3o da aceita\u00e7\u00e3o do p\u00fablico em rela\u00e7\u00e3o a programas de TV. Coment\u00e1rios e postagens frequentemente refletem tanto a insatisfa\u00e7\u00e3o quanto a satisfa\u00e7\u00e3o, servindo como uma m\u00e9trica adicional para as emissoras. No caso do <em>Manh\u00e3 com Voc\u00ea<\/em>, houve uma predomin\u00e2ncia de cr\u00edticas ao formato e \u00e0 falta de conte\u00fado inovador. V\u00e1rios usu\u00e1rios mencionaram que, apesar de a proposta ser interessante, o desenvolvimento das pautas n\u00e3o atingia um n\u00edvel satisfat\u00f3rio.<\/p>\n<p>Al\u00e9m disso, a expectativa sobre o que poderia preencher o espa\u00e7o deixado pela atra\u00e7\u00e3o tamb\u00e9m foi tema de discuss\u00e3o nas redes. Espectadores comentaram sobre a inser\u00e7\u00e3o de conte\u00fados que teriam mais apelo imediato e inova\u00e7\u00f5es que poderiam engajar mais o p\u00fablico, como \u00e9 o caso do novo programa intitulado <strong>A Hora do Zap<\/strong>, que promete trazer v\u00eddeos virais e conte\u00fados dinamizados.<\/p>\n<h2>Qual o Futuro de Taisa Pelosi?<\/h2>\n<p>Ap\u00f3s a decis\u00e3o de cancelar o <strong>Manh\u00e3 com Voc\u00ea<\/strong>, a apresentadora <strong>Taisa Pelosi<\/strong> continua na RedeTV!, mas sua situa\u00e7\u00e3o ficou em destaque nas redes sociais, onde muitos especulam sobre seu futuro. Em um mercado de trabalho t\u00e3o din\u00e2mico e competitivo como o da televis\u00e3o, a continuidade de Taisa na emissora pode depender da estrat\u00e9gia de programa\u00e7\u00e3o que a RedeTV! seguir\u00e1 nos pr\u00f3ximos meses.<\/p>\n<p>A sobreviv\u00eancia delas dentro da emissora mostra que Taisa pode ter a chance de ser direcionada para outras atra\u00e7\u00f5es, possivelmente com um perfil mais adequado ao seu estilo e \u00e0 sua audi\u00eancia. O fato de permanecer na RedeTV! d\u00e1 ao canal uma oportunidade de reavaliar seus formatos e ideias, permitindo que futuras colabora\u00e7\u00f5es sejam aproveitadas de maneira mais eficaz. Al\u00e9m disso, Taisa tem uma base de f\u00e3s que a acompanha desde os tempos anteriores \u00e0 cria\u00e7\u00e3o do <em>Manh\u00e3 com Voc\u00ea<\/em>, o que pode ser uma vantagem na hora de introduzir novos conte\u00fados.<\/p>\n<p>Em entrevista, a pr\u00f3pria apresentadora se mostrou aberta a novos desafios e disposta a explorar diferentes vertentes dentro da televis\u00e3o, destacando sua paix\u00e3o pelo jornalismo e por relatos que envolvem a vida das pessoas. A tend\u00eancia \u00e9 que a RedeTV! continue promovendo mudan\u00e7as em sua grade para atender aos desejos do p\u00fablico, e Taisa poder\u00e1 ser uma pe\u00e7a-chave nesse processo.<\/p>\n<h2>Expectativas para Pr\u00f3ximos Programas<\/h2>\n<p>A expectativa em torno dos pr\u00f3ximos programas da RedeTV! est\u00e1 intensa, especialmente ap\u00f3s o cancelamento do <strong>Manh\u00e3 com Voc\u00ea<\/strong>. A emissora pretende substituir a atra\u00e7\u00e3o com conte\u00fados que sejam mais conectados ao p\u00fablico, refletindo suas inquieta\u00e7\u00f5es e interesses. Uma das propostas \u00e9 o programa <strong>A Hora do Zap<\/strong>, que trar\u00e1 v\u00eddeos virais e conte\u00fados de entretenimento din\u00e2micos, e que promete explorar o que est\u00e1 trending nas redes sociais.<\/p>\n<p>A mudan\u00e7a de foco para um formato que privilegia a interatividade e as discuss\u00f5es r\u00e1pidas pode ser uma estrat\u00e9gia eficaz para captar a aten\u00e7\u00e3o do p\u00fablico, especialmente em um cen\u00e1rio onde a informa\u00e7\u00e3o \u00e9 consumida de maneira acelerada. Tal abordagem pode ajudar a RedeTV! a aumentar seus \u00edndices de audi\u00eancia e, consequentemente, seu faturamento.<\/p>\n<p>Al\u00e9m disso, as emissoras est\u00e3o cada vez mais cientes da import\u00e2ncia de produtos que sejam flex\u00edveis e que consigam dialogar diretamente com o p\u00fablico. Nesse sentido, espera-se que a pr\u00f3xima atra\u00e7\u00e3o da RedeTV! potencie discuss\u00f5es sobre temas contempor\u00e2neos e que promovam um espa\u00e7o para o engajamento real dos telespectadores, o que poder\u00e1 gerar um retorno financeiro mais satisfat\u00f3rio.<\/p>\n<h2>Mudan\u00e7as na Programa\u00e7\u00e3o da Emissora<\/h2>\n<p>As mudan\u00e7as na programa\u00e7\u00e3o da RedeTV! ap\u00f3s o cancelamento do <strong>Manh\u00e3 com Voc\u00ea<\/strong> s\u00e3o fundamentais para a estrat\u00e9gia de revitaliza\u00e7\u00e3o do canal. A inser\u00e7\u00e3o do programa <strong>A Hora do Zap<\/strong> demonstra uma clara inten\u00e7\u00e3o de reposicionar a grade matinal, buscando atender as demandas de uma audi\u00eancia cada vez mais criticamente engajada. Programas que envolvem a viralidade e o conte\u00fado gerado pelo p\u00fablico t\u00eam potencial n\u00e3o s\u00f3 de aumento de audi\u00eancia, mas tamb\u00e9m em termos de parcerias com patrocinadores.<\/p>\n<p>A tend\u00eancia \u00e9 que a RedeTV! avance com apostas em formatos que misturam entretenimento com informa\u00e7\u00e3o e que empoderem o p\u00fablico a interagir diretamente com o conte\u00fado que est\u00e3o consumindo. Em um cen\u00e1rio em que muitas emissoras est\u00e3o se adaptando \u00e0 nova realidade digital, \u00e9 essencial que a RedeTV! explore essas oportunidades, n\u00e3o s\u00f3 em suas atra\u00e7\u00f5es, mas tamb\u00e9m nas suas estrat\u00e9gias de engajamento nas redes sociais.<\/p>\n<p>Ademais, o espa\u00e7o de intera\u00e7\u00e3o proporcionado por plataformas digitais deve ser considerado uma extens\u00e3o dos programas, permitindo que as discuss\u00f5es iniciadas na televis\u00e3o continuem online. Assim, a emissora poder\u00e1 n\u00e3o apenas reservar hor\u00e1rios mais atrativos, mas tamb\u00e9m criar uma comunidade de espectadores que se sentem parte do conte\u00fado.<\/p>\n<h2>Depoimentos de Espectadores<\/h2>\n<p>Os depoimentos de espectadores sobre o <strong>Manh\u00e3 com Voc\u00ea<\/strong> nos mostram um retrato intrigante de como foi a recep\u00e7\u00e3o da atra\u00e7\u00e3o. Muitos telespectadores expressaram seu descontentamento com a maneira como a proposta foi desenvolvida. Nas redes sociais, um dos coment\u00e1rios comuns foi o sentimento de que o programa carecia de profundidade nas discuss\u00f5es.<\/p>\n<p>Entusiastas da tem\u00e1tica feminina e de hist\u00f3rias do cotidiano se mostraram decepcionados, pois esperavam um conte\u00fado mais instigante que pudesse gerar debates ricos. No entanto, as an\u00e1lises mais cr\u00edticas levaram muitos a considerar que a produ\u00e7\u00e3o deveria ter sido mais din\u00e2mica e diversificada para engajar efetivamente a audi\u00eancia.<\/p>\n<p>Por outro lado, alguns f\u00e3s resolveram manifestar sua tristeza pelo fim do programa, destacando a simpatia das apresentadoras Taisa e Paola. Essa conex\u00e3o afetiva com os apresentadores \u00e9 um dos aspectos mais relevantes a ser considerado. Em tempos em que a TV se tornou mais segmentada e competitiva, ter carisma e gerar uma identifica\u00e7\u00e3o com o p\u00fablico \u00e9 crucial para o sucesso de um programa.<\/p>\n<h2>A Import\u00e2ncia do Conte\u00fado Feminino na Televis\u00e3o<\/h2>\n<p>A discuss\u00e3o em torno do conte\u00fado feminino na televis\u00e3o \u00e9 extremamente relevante, especialmente ao analisarmos o fim do <strong>Manh\u00e3 com Voc\u00ea<\/strong>. A atra\u00e7\u00e3o tinha como proposta colocar em destaque narrativas e experi\u00eancias femininas, o que, em teoria, poderia ajudar a preencher uma lacuna importante na programa\u00e7\u00e3o de TV que muitas vezes ignora a perspectiva das mulheres.<\/p>\n<p>Entretanto, a forma como esse conte\u00fado foi apresentado pode ter falhado em captar a ess\u00eancia e as complexidades das experi\u00eancias femininas. O que se espera atualmente de programas que abordem tais tem\u00e1ticas \u00e9 que eles proporcionem um espa\u00e7o seguro para vozes diversas e que fomente discuss\u00f5es relevantes, que nem sempre est\u00e3o presentes nas programa\u00e7\u00f5es tradicionais.<\/p>\n<p>Ainda que programas voltados para o p\u00fablico feminino enfrentem desafios, tamb\u00e9m h\u00e1 um caminho promissor \u00e0 frente. As emissoras podem evoluir suas produ\u00e7\u00f5es, atingindo um p\u00fablico ainda maior e gerando discuss\u00f5es valiosas que ultrapassam a tela. Com uma abordagem correta, o conte\u00fado feminino pode se tornar um pilar forte na televis\u00e3o, promovendo a representa\u00e7\u00e3o e a diversidade que s\u00e3o t\u00e3o importantes nos dias de hoje.<\/p>\n<h2>Alternativas de Programa\u00e7\u00e3o na RedeTV!<\/h2>\n<p>O fim do <strong>Manh\u00e3 com Voc\u00ea<\/strong> abre espa\u00e7o para uma renova\u00e7\u00e3o na programa\u00e7\u00e3o da RedeTV!, que precisa se adaptar a um p\u00fablico cada vez mais exigente. Com o lan\u00e7amento de novos programas, a emissora pode utilizar a oportunidade para implementar formatos inovadores e din\u00e2micos. Uma alternativa vi\u00e1vel seria a cria\u00e7\u00e3o de um programa que misture interatividade, atualidade e entretenimento, ao inv\u00e9s de seguir com relatos mais pessoais como o formato que foi proposto anteriormente.<\/p>\n<p>Outro ponto importante \u00e9 diversificar as tem\u00e1ticas abordadas. A inclus\u00e3o de temas que tenham resson\u00e2ncia social e que proporcionem di\u00e1logos significativos para a audi\u00eancia feminina pode ser uma excelente forma de conquistar um p\u00fablico fiel. Ao mesmo tempo, a RedeTV! dever\u00e1 estar atenta ao desenvolvimento de conte\u00fados que tamb\u00e9m inspirem e impactem outras camadas demogr\u00e1ficas.<\/p>\n<p>Programas com temas voltados para a sa\u00fade, estilo de vida e empoderamento s\u00e3o algumas alternativas que poderiam ser exploradas. Tais abordagens n\u00e3o apenas ret\u00eam a aten\u00e7\u00e3o do p\u00fablico, mas tamb\u00e9m transmitem mensagens positivas e de transforma\u00e7\u00e3o que podem ter um impacto duradouro na vida das telespectadoras.<\/p>\n<h2>Reflex\u00f5es sobre a Ind\u00fastria de Entretenimento<\/h2>\n<p>A decis\u00e3o de encerrar o <strong>Manh\u00e3 com Voc\u00ea<\/strong> levanta quest\u00f5es importantes sobre a ind\u00fastria de entretenimento como um todo. A luta pela audi\u00eancia e a necessidade de se manter relevante em um mercado saturado faz com que as emissoras precisem ser \u00e1geis em suas decis\u00f5es e estrat\u00e9gias. No caso da RedeTV!, a capacidade de se adaptar \u00e0s demandas de um p\u00fablico em constante mudan\u00e7a ser\u00e1 chave para seu sucesso futuro.<\/p>\n<p>Al\u00e9m disso, \u00e9 fundamental que as emissoras investam em pesquisa e desenvolvimento de conte\u00fado. Ao descobrir o que realmente ressoa com seus telespectadores, a televis\u00e3o pode n\u00e3o apenas garantir uma audi\u00eancia fiel, mas tamb\u00e9m criar uma comunidade de espectadores engajados e que se sentem representados. Esse engajamento vai al\u00e9m do entretenimento; \u00e9 sobre criar uma experi\u00eancia de compartilhamento que vai moldar como vemos e vivemos nossas realidades.<\/p>\n<p>O futuro da televis\u00e3o parecer\u00e1 diferente \u00e0 medida que mudam as tecnologias e as plataformas que usamos para consumir conte\u00fado. A flexibilidade, a disposi\u00e7\u00e3o para inovar e a vontade de ouvir o que o p\u00fablico deseja ser\u00e3o essenciais para o sucesso das novas iniciativas da RedeTV!, resultando em uma programa\u00e7\u00e3o que ressoe n\u00e3o apenas em termos de n\u00fameros, mas tamb\u00e9m no cora\u00e7\u00e3o da audi\u00eancia. Com cada nova atra\u00e7\u00e3o, h\u00e1 espa\u00e7o para aprender e crescer, e a esperan\u00e7a \u00e9 que a RedeTV! consiga encontrar o equil\u00edbrio certo entre entretenimento, intera\u00e7\u00e3o e impacto social.<\/p>\n","protected":false},"excerpt":{"rendered":"<p>RedeTV! encerra o programa Manh\u00e3 com Voc\u00ea, causando alvoro\u00e7o na audi\u00eancia.<\/p>\n","protected":false},"author":1,"featured_media":6208,"comment_status":"open","ping_status":"open","sticky":false,"template":"","format":"standard","meta":{"footnotes":""},"categories":[5],"tags":[],"class_list":["post-6209","post","type-post","status-publish","format-standard","has-post-thumbnail","hentry","category-noticias","has_thumb"],"yoast_head":"<!-- This site is optimized with the Yoast SEO plugin v26.4 - https:\/\/yoast.com\/wordpress\/plugins\/seo\/ -->\n<title>RedeTV! acaba com programa Manh\u00e3 com Voc\u00ea ap\u00f3s quatro meses e dispensa apresentadora | Guia Comercial de Alphaville SP<\/title>\n<meta name=\"robots\" content=\"index, follow, max-snippet:-1, max-image-preview:large, max-video-preview:-1\" \/>\n<link rel=\"canonical\" href=\"https:\/\/www.encontraalphaville.com.br\/guia\/redetv-acaba-com-programa-manha-com-voce-apos-quatro-meses-e-dispensa-apresentadora\/\" \/>\n<meta property=\"og:locale\" content=\"pt_BR\" \/>\n<meta property=\"og:type\" content=\"article\" \/>\n<meta property=\"og:title\" content=\"RedeTV! acaba com programa Manh\u00e3 com Voc\u00ea ap\u00f3s quatro meses e dispensa apresentadora | Guia Comercial de Alphaville SP\" \/>\n<meta property=\"og:description\" content=\"RedeTV! encerra o programa Manh\u00e3 com Voc\u00ea, causando alvoro\u00e7o na audi\u00eancia.\" \/>\n<meta property=\"og:url\" content=\"https:\/\/www.encontraalphaville.com.br\/guia\/redetv-acaba-com-programa-manha-com-voce-apos-quatro-meses-e-dispensa-apresentadora\/\" \/>\n<meta property=\"og:site_name\" content=\"Guia Comercial de Alphaville SP\" \/>\n<meta property=\"article:published_time\" content=\"2026-01-09T12:12:03+00:00\" \/>\n<meta property=\"og:image\" content=\"https:\/\/www.encontraalphaville.com.br\/guia\/wp-content\/uploads\/2026\/01\/redetv-acaba-com-programa-manha-com-voce-apos-quatro-meses-e-dispensa-apresentadora.webp\" \/>\n<meta name=\"author\" content=\"Encontra Alphaville\" \/>\n<meta name=\"twitter:card\" content=\"summary_large_image\" \/>\n<meta name=\"twitter:label1\" content=\"Escrito por\" \/>\n\t<meta name=\"twitter:data1\" content=\"Encontra Alphaville\" \/>\n\t<meta name=\"twitter:label2\" content=\"Est. tempo de leitura\" \/>\n\t<meta name=\"twitter:data2\" content=\"11 minutos\" \/>\n<script type=\"application\/ld+json\" class=\"yoast-schema-graph\">{\"@context\":\"https:\/\/schema.org\",\"@graph\":[{\"@type\":\"WebPage\",\"@id\":\"https:\/\/www.encontraalphaville.com.br\/guia\/redetv-acaba-com-programa-manha-com-voce-apos-quatro-meses-e-dispensa-apresentadora\/\",\"url\":\"https:\/\/www.encontraalphaville.com.br\/guia\/redetv-acaba-com-programa-manha-com-voce-apos-quatro-meses-e-dispensa-apresentadora\/\",\"name\":\"RedeTV! acaba com programa Manh\u00e3 com Voc\u00ea ap\u00f3s quatro meses e dispensa apresentadora | Guia Comercial de Alphaville SP\",\"isPartOf\":{\"@id\":\"https:\/\/www.encontraalphaville.com.br\/guia\/#website\"},\"primaryImageOfPage\":{\"@id\":\"https:\/\/www.encontraalphaville.com.br\/guia\/redetv-acaba-com-programa-manha-com-voce-apos-quatro-meses-e-dispensa-apresentadora\/#primaryimage\"},\"image\":{\"@id\":\"https:\/\/www.encontraalphaville.com.br\/guia\/redetv-acaba-com-programa-manha-com-voce-apos-quatro-meses-e-dispensa-apresentadora\/#primaryimage\"},\"thumbnailUrl\":\"https:\/\/www.encontraalphaville.com.br\/guia\/wp-content\/uploads\/2026\/01\/redetv-acaba-com-programa-manha-com-voce-apos-quatro-meses-e-dispensa-apresentadora.webp\",\"datePublished\":\"2026-01-09T12:12:03+00:00\",\"author\":{\"@id\":\"https:\/\/www.encontraalphaville.com.br\/guia\/#\/schema\/person\/a48592ba2de82cdaeeef25afa1c4bc6a\"},\"inLanguage\":\"pt-BR\",\"potentialAction\":[{\"@type\":\"ReadAction\",\"target\":[\"https:\/\/www.encontraalphaville.com.br\/guia\/redetv-acaba-com-programa-manha-com-voce-apos-quatro-meses-e-dispensa-apresentadora\/\"]}]},{\"@type\":\"ImageObject\",\"inLanguage\":\"pt-BR\",\"@id\":\"https:\/\/www.encontraalphaville.com.br\/guia\/redetv-acaba-com-programa-manha-com-voce-apos-quatro-meses-e-dispensa-apresentadora\/#primaryimage\",\"url\":\"https:\/\/www.encontraalphaville.com.br\/guia\/wp-content\/uploads\/2026\/01\/redetv-acaba-com-programa-manha-com-voce-apos-quatro-meses-e-dispensa-apresentadora.webp\",\"contentUrl\":\"https:\/\/www.encontraalphaville.com.br\/guia\/wp-content\/uploads\/2026\/01\/redetv-acaba-com-programa-manha-com-voce-apos-quatro-meses-e-dispensa-apresentadora.webp\",\"width\":320,\"height\":280},{\"@type\":\"WebSite\",\"@id\":\"https:\/\/www.encontraalphaville.com.br\/guia\/#website\",\"url\":\"https:\/\/www.encontraalphaville.com.br\/guia\/\",\"name\":\"Guia Comercial de Alphaville SP\",\"description\":\"ENCONTRA ALPHAVILLE - O guia comercial de neg\u00f3cios e empresas, cultura e divers\u00e3o no bairro de Alphaville. Feito 100% para voc\u00ea morador!\",\"potentialAction\":[{\"@type\":\"SearchAction\",\"target\":{\"@type\":\"EntryPoint\",\"urlTemplate\":\"https:\/\/www.encontraalphaville.com.br\/guia\/?s={search_term_string}\"},\"query-input\":{\"@type\":\"PropertyValueSpecification\",\"valueRequired\":true,\"valueName\":\"search_term_string\"}}],\"inLanguage\":\"pt-BR\"},{\"@type\":\"Person\",\"@id\":\"https:\/\/www.encontraalphaville.com.br\/guia\/#\/schema\/person\/a48592ba2de82cdaeeef25afa1c4bc6a\",\"name\":\"Encontra Alphaville\",\"image\":{\"@type\":\"ImageObject\",\"inLanguage\":\"pt-BR\",\"@id\":\"https:\/\/www.encontraalphaville.com.br\/guia\/#\/schema\/person\/image\/\",\"url\":\"https:\/\/secure.gravatar.com\/avatar\/c50c17820bcf322f0a8fd6b110b8c0918141409dc69076470f6fca5fee70a5d4?s=96&d=mm&r=g\",\"contentUrl\":\"https:\/\/secure.gravatar.com\/avatar\/c50c17820bcf322f0a8fd6b110b8c0918141409dc69076470f6fca5fee70a5d4?s=96&d=mm&r=g\",\"caption\":\"Encontra Alphaville\"},\"url\":\"https:\/\/www.encontraalphaville.com.br\/guia\/author\/encontraalphaville\/\"}]}<\/script>\n<!-- \/ Yoast SEO plugin. -->","yoast_head_json":{"title":"RedeTV! acaba com programa Manh\u00e3 com Voc\u00ea ap\u00f3s quatro meses e dispensa apresentadora | Guia Comercial de Alphaville SP","robots":{"index":"index","follow":"follow","max-snippet":"max-snippet:-1","max-image-preview":"max-image-preview:large","max-video-preview":"max-video-preview:-1"},"canonical":"https:\/\/www.encontraalphaville.com.br\/guia\/redetv-acaba-com-programa-manha-com-voce-apos-quatro-meses-e-dispensa-apresentadora\/","og_locale":"pt_BR","og_type":"article","og_title":"RedeTV! acaba com programa Manh\u00e3 com Voc\u00ea ap\u00f3s quatro meses e dispensa apresentadora | Guia Comercial de Alphaville SP","og_description":"RedeTV! encerra o programa Manh\u00e3 com Voc\u00ea, causando alvoro\u00e7o na audi\u00eancia.","og_url":"https:\/\/www.encontraalphaville.com.br\/guia\/redetv-acaba-com-programa-manha-com-voce-apos-quatro-meses-e-dispensa-apresentadora\/","og_site_name":"Guia Comercial de Alphaville SP","article_published_time":"2026-01-09T12:12:03+00:00","og_image":[{"url":"https:\/\/www.encontraalphaville.com.br\/guia\/wp-content\/uploads\/2026\/01\/redetv-acaba-com-programa-manha-com-voce-apos-quatro-meses-e-dispensa-apresentadora.webp","type":"","width":"","height":""}],"author":"Encontra Alphaville","twitter_card":"summary_large_image","twitter_misc":{"Escrito por":"Encontra Alphaville","Est. tempo de leitura":"11 minutos"},"schema":{"@context":"https:\/\/schema.org","@graph":[{"@type":"WebPage","@id":"https:\/\/www.encontraalphaville.com.br\/guia\/redetv-acaba-com-programa-manha-com-voce-apos-quatro-meses-e-dispensa-apresentadora\/","url":"https:\/\/www.encontraalphaville.com.br\/guia\/redetv-acaba-com-programa-manha-com-voce-apos-quatro-meses-e-dispensa-apresentadora\/","name":"RedeTV! acaba com programa Manh\u00e3 com Voc\u00ea ap\u00f3s quatro meses e dispensa apresentadora | Guia Comercial de Alphaville SP","isPartOf":{"@id":"https:\/\/www.encontraalphaville.com.br\/guia\/#website"},"primaryImageOfPage":{"@id":"https:\/\/www.encontraalphaville.com.br\/guia\/redetv-acaba-com-programa-manha-com-voce-apos-quatro-meses-e-dispensa-apresentadora\/#primaryimage"},"image":{"@id":"https:\/\/www.encontraalphaville.com.br\/guia\/redetv-acaba-com-programa-manha-com-voce-apos-quatro-meses-e-dispensa-apresentadora\/#primaryimage"},"thumbnailUrl":"https:\/\/www.encontraalphaville.com.br\/guia\/wp-content\/uploads\/2026\/01\/redetv-acaba-com-programa-manha-com-voce-apos-quatro-meses-e-dispensa-apresentadora.webp","datePublished":"2026-01-09T12:12:03+00:00","author":{"@id":"https:\/\/www.encontraalphaville.com.br\/guia\/#\/schema\/person\/a48592ba2de82cdaeeef25afa1c4bc6a"},"inLanguage":"pt-BR","potentialAction":[{"@type":"ReadAction","target":["https:\/\/www.encontraalphaville.com.br\/guia\/redetv-acaba-com-programa-manha-com-voce-apos-quatro-meses-e-dispensa-apresentadora\/"]}]},{"@type":"ImageObject","inLanguage":"pt-BR","@id":"https:\/\/www.encontraalphaville.com.br\/guia\/redetv-acaba-com-programa-manha-com-voce-apos-quatro-meses-e-dispensa-apresentadora\/#primaryimage","url":"https:\/\/www.encontraalphaville.com.br\/guia\/wp-content\/uploads\/2026\/01\/redetv-acaba-com-programa-manha-com-voce-apos-quatro-meses-e-dispensa-apresentadora.webp","contentUrl":"https:\/\/www.encontraalphaville.com.br\/guia\/wp-content\/uploads\/2026\/01\/redetv-acaba-com-programa-manha-com-voce-apos-quatro-meses-e-dispensa-apresentadora.webp","width":320,"height":280},{"@type":"WebSite","@id":"https:\/\/www.encontraalphaville.com.br\/guia\/#website","url":"https:\/\/www.encontraalphaville.com.br\/guia\/","name":"Guia Comercial de Alphaville SP","description":"ENCONTRA ALPHAVILLE - O guia comercial de neg\u00f3cios e empresas, cultura e divers\u00e3o no bairro de Alphaville. Feito 100% para voc\u00ea morador!","potentialAction":[{"@type":"SearchAction","target":{"@type":"EntryPoint","urlTemplate":"https:\/\/www.encontraalphaville.com.br\/guia\/?s={search_term_string}"},"query-input":{"@type":"PropertyValueSpecification","valueRequired":true,"valueName":"search_term_string"}}],"inLanguage":"pt-BR"},{"@type":"Person","@id":"https:\/\/www.encontraalphaville.com.br\/guia\/#\/schema\/person\/a48592ba2de82cdaeeef25afa1c4bc6a","name":"Encontra Alphaville","image":{"@type":"ImageObject","inLanguage":"pt-BR","@id":"https:\/\/www.encontraalphaville.com.br\/guia\/#\/schema\/person\/image\/","url":"https:\/\/secure.gravatar.com\/avatar\/c50c17820bcf322f0a8fd6b110b8c0918141409dc69076470f6fca5fee70a5d4?s=96&d=mm&r=g","contentUrl":"https:\/\/secure.gravatar.com\/avatar\/c50c17820bcf322f0a8fd6b110b8c0918141409dc69076470f6fca5fee70a5d4?s=96&d=mm&r=g","caption":"Encontra Alphaville"},"url":"https:\/\/www.encontraalphaville.com.br\/guia\/author\/encontraalphaville\/"}]}},"_links":{"self":[{"href":"https:\/\/www.encontraalphaville.com.br\/guia\/wp-json\/wp\/v2\/posts\/6209","targetHints":{"allow":["GET"]}}],"collection":[{"href":"https:\/\/www.encontraalphaville.com.br\/guia\/wp-json\/wp\/v2\/posts"}],"about":[{"href":"https:\/\/www.encontraalphaville.com.br\/guia\/wp-json\/wp\/v2\/types\/post"}],"author":[{"embeddable":true,"href":"https:\/\/www.encontraalphaville.com.br\/guia\/wp-json\/wp\/v2\/users\/1"}],"replies":[{"embeddable":true,"href":"https:\/\/www.encontraalphaville.com.br\/guia\/wp-json\/wp\/v2\/comments?post=6209"}],"version-history":[{"count":0,"href":"https:\/\/www.encontraalphaville.com.br\/guia\/wp-json\/wp\/v2\/posts\/6209\/revisions"}],"wp:featuredmedia":[{"embeddable":true,"href":"https:\/\/www.encontraalphaville.com.br\/guia\/wp-json\/wp\/v2\/media\/6208"}],"wp:attachment":[{"href":"https:\/\/www.encontraalphaville.com.br\/guia\/wp-json\/wp\/v2\/media?parent=6209"}],"wp:term":[{"taxonomy":"category","embeddable":true,"href":"https:\/\/www.encontraalphaville.com.br\/guia\/wp-json\/wp\/v2\/categories?post=6209"},{"taxonomy":"post_tag","embeddable":true,"href":"https:\/\/www.encontraalphaville.com.br\/guia\/wp-json\/wp\/v2\/tags?post=6209"}],"curies":[{"name":"wp","href":"https:\/\/api.w.org\/{rel}","templated":true}]}}