{"id":6197,"date":"2026-01-07T10:34:22","date_gmt":"2026-01-07T13:34:22","guid":{"rendered":"https:\/\/www.encontraalphaville.com.br\/guia\/reajuste-no-transporte-intermunicipal-entra-em-vigor-nesta-terca\/"},"modified":"2026-01-07T10:34:22","modified_gmt":"2026-01-07T13:34:22","slug":"reajuste-no-transporte-intermunicipal-entra-em-vigor-nesta-terca","status":"publish","type":"post","link":"https:\/\/www.encontraalphaville.com.br\/guia\/reajuste-no-transporte-intermunicipal-entra-em-vigor-nesta-terca\/","title":{"rendered":"Reajuste no transporte intermunicipal entra em vigor nesta ter\u00e7a"},"content":{"rendered":"<h2>Entenda o que \u00e9 o reajuste<\/h2>\n<p>O reajuste no transporte intermunicipal \u00e9 uma altera\u00e7\u00e3o realizada nas tarifas cobradas pelas passagens de \u00f4nibus que operam entre munic\u00edpios. Essa pr\u00e1tica \u00e9 geralmente implementada para acompanhar o aumento dos custos operacionais das empresas de transporte, como manuten\u00e7\u00e3o da frota, pre\u00e7os de combust\u00edveis, e outras despesas que afetam a qualidade e a continuidade dos servi\u00e7os. A atual realidade do transporte p\u00fablico no Brasil e, em especial, na regi\u00e3o metropolitana de S\u00e3o Paulo, demanda que as tarifas sejam revisadas periodicamente, garantindo assim uma justa compensa\u00e7\u00e3o \u00e0s empresas que prestam esse servi\u00e7o essencial para a popula\u00e7\u00e3o.<\/p>\n<p>O reajuste nas tarifas busca, numa vis\u00e3o mais ampla, equilibrar os interesses dos usu\u00e1rios e dos fornecedores de servi\u00e7os de transporte. Para os passageiros, a expectativa \u00e9 de que o servi\u00e7o mantenha a qualidade e a efici\u00eancia no deslocamento; para os operadores, \u00e9 necess\u00e1ria a garantia de que os custos s\u00e3o cobertos e que os servi\u00e7os podem ser realizados de forma sustent\u00e1vel. Dessa forma, a discuss\u00e3o sobre o reajuste envolve n\u00e3o apenas os valores, mas tamb\u00e9m a qualidade dos servi\u00e7os prestados e a satisfa\u00e7\u00e3o dos usu\u00e1rios.<\/p>\n<h2>Impacto nas tarifas de v\u00e1rias cidades<\/h2>\n<p>A implementa\u00e7\u00e3o do reajuste tarif\u00e1rio impacta diretamente os cidad\u00e3os que dependem do transporte intermunicipal em diversas cidades. No caso que envolve as cidades de Osasco, Barueri, Jandira, Carapicu\u00edba e Itapevi, por exemplo, a tarifa de \u00f4nibus foi elevada de R$ 5,80 para R$ 6,10, um aumento de 5,2%. Esse ajuste, embora pare\u00e7a pequeno, pode gerar um impacto significativo no or\u00e7amento mensal de quem utiliza regularmente o transporte. Para aqueles que fazem uso di\u00e1rio dos \u00f4nibus para se deslocar ao trabalho, escola ou outros compromissos, esse custo extra pode se somar a outros gastos, influenciando em decis\u00f5es financeiras do dia a dia.<\/p>\n<p><img decoding=\"async\" src=\"https:\/\/www.encontraalphaville.com.br\/guia\/wp-content\/uploads\/2026\/01\/reajuste-no-transporte-intermunicipal-entra-em-vigor-nesta-terca.webp\" alt=\"reajuste no transporte intermunicipal\" loading=\"lazy\" \/><\/p>\n<p>Al\u00e9m das tarifas para os servi\u00e7os regulares, h\u00e1 tamb\u00e9m diferen\u00e7as nas tarifas dependendo do tipo de servi\u00e7o e da extens\u00e3o da linha. Por exemplo, em linhas mais longas ou que oferecem servi\u00e7os seletivos, o valor pode chegar a R$ 9,70. Essa varia\u00e7\u00e3o nas tarifas torna importante que os usu\u00e1rios conhe\u00e7am bem as op\u00e7\u00f5es dispon\u00edveis e fa\u00e7am um planejamento para minimizar os custos com deslocamento.<\/p>\n<h2>Crit\u00e9rios utilizados para o reajuste<\/h2>\n<p>Os crit\u00e9rios para determinar o valor que ser\u00e1 aplicado no reajuste das tarifas de transporte intermunicipal s\u00e3o variados e, geralmente, envolvem uma an\u00e1lise detalhada. O Governo do Estado, por exemplo, leva em considera\u00e7\u00e3o a atualiza\u00e7\u00e3o dos custos operacionais que inclui despesas como combust\u00edveis, manuten\u00e7\u00e3o da frota, e ped\u00e1gios. Al\u00e9m disso, os contratos de concess\u00e3o que regem a opera\u00e7\u00e3o desses servi\u00e7os possuem cl\u00e1usulas que estabelecem as condi\u00e7\u00f5es em que os pre\u00e7os podem ser ajustados.<\/p>\n<p>Esse conjunto de crit\u00e9rios \u00e9 fundamental para justificar o reajuste junto \u00e0 popula\u00e7\u00e3o e garantir que ele n\u00e3o seja visto como um mero aumento de pre\u00e7os sem explica\u00e7\u00f5es. Sendo assim, essa transpar\u00eancia ajuda a manter um di\u00e1logo aberto entre as autoridades e os usu\u00e1rios, al\u00e9m de permitir que se compreenda melhor o funcionamento dos servi\u00e7os de transporte.<\/p>\n<h2>Compara\u00e7\u00e3o com a infla\u00e7\u00e3o<\/h2>\n<p>Um dos pontos importantes a serem considerados nos reajustes de tarifas \u00e9 a compara\u00e7\u00e3o com a infla\u00e7\u00e3o. No \u00faltimo ano, a infla\u00e7\u00e3o acumulada, segundo dados do Instituto Brasileiro de Geografia e Estat\u00edstica (IBGE), foi de 4,5%. O reajuste de 5,2% nas tarifas que entrou em vigor nas cidades mencionadas, portanto, n\u00e3o apenas supera a infla\u00e7\u00e3o, mas tamb\u00e9m levanta questionamentos sobre a sequ\u00eancia de ajustes e seu impacto real no poder aquisitivo do cidad\u00e3o.<\/p>\n<p>Essa realidade traz um desafio: ao longo do tempo, as tarifas devem acompanhar as oscila\u00e7\u00f5es econ\u00f4micas, sob pena de comprometer a qualidade dos servi\u00e7os. Por isso, \u00e9 essencial que as autoridades n\u00e3o apenas revelem os justificativos para tais aumentos, mas tamb\u00e9m apresentem um plano de a\u00e7\u00e3o que vise minimizar os impactos financeiros sobre os usu\u00e1rios. Creative strategies are needed to ensure that essential public services remain accessible to everyone, especially in times of economic turbulence.<\/p>\n<h2>Diferencia\u00e7\u00e3o de tarifas por servi\u00e7os<\/h2>\n<p>As tarifas de transporte intermunicipal n\u00e3o s\u00e3o fixas e podem variar bastante dependendo do tipo de servi\u00e7o prestado, da extens\u00e3o da linha e da necessidade de integra\u00e7\u00f5es com outros modais. Por exemplo, um servi\u00e7o seletivo, que oferece menos paradas e maior conforto, costuma ter uma tarifa maior se comparado ao servi\u00e7o comum. Isso \u00e9 vis\u00edvel na tabela apresentada anteriormente, onde algumas linhas possuem tarifas que variam de R$ 6,45 at\u00e9 R$ 9,70, de acordo com o tipo de servi\u00e7o e a dist\u00e2ncia percorrida.<\/p>\n<p>Essa estrutura tarif\u00e1ria diferenciada visa atender as variadas necessidades dos usu\u00e1rios. Aqueles que buscam rapidez e conforto podem optar por servi\u00e7os que cobram um valor maior, enquanto os usu\u00e1rios que priorizam o custo podem utilizar os servi\u00e7os mais simples. Essa op\u00e7\u00e3o \u00e9 ben\u00e9fica, pois promove a inclus\u00e3o e proporciona alternativas que se ajustam ao perfil financeiro de cada passageiro.<\/p>\n<h2>Linhas afetadas pelo aumento<\/h2>\n<p>O aumento das tarifas afeta v\u00e1rias linhas de \u00f4nibus intermunicipais, que fazem a conex\u00e3o entre munic\u00edpios da Grande S\u00e3o Paulo, como Osasco, Barueri e Cajamar, entre outros. As linhas que foram diretamente impactadas incluem aquelas que ligam Carapicu\u00edba a S\u00e3o Paulo, Osasco a S\u00e3o Paulo, al\u00e9m de muitas outras que abrangem diferentes itiner\u00e1rios, como as que v\u00e3o para o Litoral Norte e a Baixada Santista.<\/p>\n<p>De acordo com os dados dispon\u00edveis, esses reajustes n\u00e3o se restringem a apenas uma linha ou regi\u00e3o, mas se estendem a diversas \u00e1reas, levando a um aumento consider\u00e1vel nos custos de transporte para muitos passageiros. A tabela com as tarifas recentes detalha v\u00e1rias linhas e suas tarifas, sendo essencial que os usu\u00e1rios tomem conhecimento dessas informa\u00e7\u00f5es para se prepararem financeiramente e adaptarem suas rotinas.<\/p>\n<h2>Inova\u00e7\u00f5es no transporte intermunicipal<\/h2>\n<p>Apesar dos desafios financeiros impostos pelas recentes tarifas, o setor de transporte intermunicipal tamb\u00e9m tem se empenhado em inova\u00e7\u00f5es para aprimorar a experi\u00eancia dos usu\u00e1rios. Um exemplo disso \u00e9 a crescente utiliza\u00e7\u00e3o da tecnologia para facilitar o acesso \u00e0 informa\u00e7\u00e3o sobre os servi\u00e7os. Aplicativos que permitem o pagamento das passagens, consulta de hor\u00e1rios e acompanhamento em tempo real dos \u00f4nibus est\u00e3o se tornando comuns.<\/p>\n<p>Essas inova\u00e7\u00f5es visam fornecer mais comodidade e seguran\u00e7a aos passageiros, al\u00e9m de melhorar a efici\u00eancia operacional das empresas de transporte. Assim, com a implementa\u00e7\u00e3o destas tecnologias, espera-se que a experi\u00eancia do usu\u00e1rio seja otimizada, o que poderia justificar de forma mais clara os reajustes tarif\u00e1rios, ao demonstrar que, apesar dos aumentos, a rela\u00e7\u00e3o custo-benef\u00edcio continua atrativa.<\/p>\n<h2>Rea\u00e7\u00f5es dos passageiros<\/h2>\n<p>As rea\u00e7\u00f5es dos passageiros frente ao reajuste das tarifas variam significativamente. Algumas pessoas expressam indigna\u00e7\u00e3o e desapontamento, argumentando que a qualidade do servi\u00e7o n\u00e3o justificava os constantes aumentos. Existem, no entanto, aqueles que compreendem a necessidade dos reajustes para manter os servi\u00e7os em opera\u00e7\u00e3o e, assim, garantem a continuidade das viagens.<\/p>\n<p>Essas rea\u00e7\u00f5es destacam a import\u00e2ncia de um di\u00e1logo constante entre as empresas de transporte e a popula\u00e7\u00e3o. O feedback dos usu\u00e1rios \u00e9 essencial para que as melhorias possam ser implementadas e para que a confian\u00e7a no sistema p\u00fablico de transporte se mant\u00eam. Os \u00f3rg\u00e3os respons\u00e1veis pela aplica\u00e7\u00e3o das tarifas precisam, portanto, ouvir essas opini\u00f5es e us\u00e1-las como base para decis\u00f5es futuras.<\/p>\n<h2>Alternativas para economizar<\/h2>\n<p>Com a eleva\u00e7\u00e3o das tarifas, muitos passageiros buscam alternativas para economizar nos deslocamentos. Uma estrat\u00e9gia comum \u00e9 o uso de cart\u00e3o de transporte que pode oferecer descontos ou facilitar o planejamento financeiro mensal. Al\u00e9m disso, os usu\u00e1rios tamb\u00e9m podem procurar saber sobre hor\u00e1rios de menor movimento, onde as tarifas podem ser ligeiramente diferentes, dependendo do tipo de servi\u00e7o.<\/p>\n<p>Outra alternativa \u00e9 a utiliza\u00e7\u00e3o de servi\u00e7os de caronas, que v\u00eam se popularizando nos \u00faltimos anos. Sites e aplicativos que conectam motoristas e passageiros podem oferecer uma op\u00e7\u00e3o econ\u00f4mica e conveniente. Essa pr\u00e1tica n\u00e3o \u00e9 apenas ben\u00e9fica financeiramente, mas tamb\u00e9m pode promover um ambiente mais colaborativo entre os usu\u00e1rios.<\/p>\n","protected":false},"excerpt":{"rendered":"<p>Reajuste no transporte intermunicipal afeta tarifas a partir de hoje.<\/p>\n","protected":false},"author":1,"featured_media":6196,"comment_status":"open","ping_status":"open","sticky":false,"template":"","format":"standard","meta":{"footnotes":""},"categories":[5],"tags":[],"class_list":["post-6197","post","type-post","status-publish","format-standard","has-post-thumbnail","hentry","category-noticias","has_thumb"],"yoast_head":"<!-- This site is optimized with the Yoast SEO plugin v26.4 - https:\/\/yoast.com\/wordpress\/plugins\/seo\/ -->\n<title>Reajuste no transporte intermunicipal entra em vigor nesta ter\u00e7a | Guia Comercial de Alphaville SP<\/title>\n<meta name=\"robots\" content=\"index, follow, max-snippet:-1, max-image-preview:large, max-video-preview:-1\" \/>\n<link rel=\"canonical\" href=\"https:\/\/www.encontraalphaville.com.br\/guia\/reajuste-no-transporte-intermunicipal-entra-em-vigor-nesta-terca\/\" \/>\n<meta property=\"og:locale\" content=\"pt_BR\" \/>\n<meta property=\"og:type\" content=\"article\" \/>\n<meta property=\"og:title\" content=\"Reajuste no transporte intermunicipal entra em vigor nesta ter\u00e7a | Guia Comercial de Alphaville SP\" \/>\n<meta property=\"og:description\" content=\"Reajuste no transporte intermunicipal afeta tarifas a partir de hoje.\" \/>\n<meta property=\"og:url\" content=\"https:\/\/www.encontraalphaville.com.br\/guia\/reajuste-no-transporte-intermunicipal-entra-em-vigor-nesta-terca\/\" \/>\n<meta property=\"og:site_name\" content=\"Guia Comercial de Alphaville SP\" \/>\n<meta property=\"article:published_time\" content=\"2026-01-07T13:34:22+00:00\" \/>\n<meta property=\"og:image\" content=\"https:\/\/www.encontraalphaville.com.br\/guia\/wp-content\/uploads\/2026\/01\/reajuste-no-transporte-intermunicipal-entra-em-vigor-nesta-terca.webp\" \/>\n<meta name=\"author\" content=\"Encontra Alphaville\" \/>\n<meta name=\"twitter:card\" content=\"summary_large_image\" \/>\n<meta name=\"twitter:label1\" content=\"Escrito por\" \/>\n\t<meta name=\"twitter:data1\" content=\"Encontra Alphaville\" \/>\n\t<meta name=\"twitter:label2\" content=\"Est. tempo de leitura\" \/>\n\t<meta name=\"twitter:data2\" content=\"7 minutos\" \/>\n<script type=\"application\/ld+json\" class=\"yoast-schema-graph\">{\"@context\":\"https:\/\/schema.org\",\"@graph\":[{\"@type\":\"WebPage\",\"@id\":\"https:\/\/www.encontraalphaville.com.br\/guia\/reajuste-no-transporte-intermunicipal-entra-em-vigor-nesta-terca\/\",\"url\":\"https:\/\/www.encontraalphaville.com.br\/guia\/reajuste-no-transporte-intermunicipal-entra-em-vigor-nesta-terca\/\",\"name\":\"Reajuste no transporte intermunicipal entra em vigor nesta ter\u00e7a | Guia Comercial de Alphaville SP\",\"isPartOf\":{\"@id\":\"https:\/\/www.encontraalphaville.com.br\/guia\/#website\"},\"primaryImageOfPage\":{\"@id\":\"https:\/\/www.encontraalphaville.com.br\/guia\/reajuste-no-transporte-intermunicipal-entra-em-vigor-nesta-terca\/#primaryimage\"},\"image\":{\"@id\":\"https:\/\/www.encontraalphaville.com.br\/guia\/reajuste-no-transporte-intermunicipal-entra-em-vigor-nesta-terca\/#primaryimage\"},\"thumbnailUrl\":\"https:\/\/www.encontraalphaville.com.br\/guia\/wp-content\/uploads\/2026\/01\/reajuste-no-transporte-intermunicipal-entra-em-vigor-nesta-terca.webp\",\"datePublished\":\"2026-01-07T13:34:22+00:00\",\"author\":{\"@id\":\"https:\/\/www.encontraalphaville.com.br\/guia\/#\/schema\/person\/a48592ba2de82cdaeeef25afa1c4bc6a\"},\"inLanguage\":\"pt-BR\",\"potentialAction\":[{\"@type\":\"ReadAction\",\"target\":[\"https:\/\/www.encontraalphaville.com.br\/guia\/reajuste-no-transporte-intermunicipal-entra-em-vigor-nesta-terca\/\"]}]},{\"@type\":\"ImageObject\",\"inLanguage\":\"pt-BR\",\"@id\":\"https:\/\/www.encontraalphaville.com.br\/guia\/reajuste-no-transporte-intermunicipal-entra-em-vigor-nesta-terca\/#primaryimage\",\"url\":\"https:\/\/www.encontraalphaville.com.br\/guia\/wp-content\/uploads\/2026\/01\/reajuste-no-transporte-intermunicipal-entra-em-vigor-nesta-terca.webp\",\"contentUrl\":\"https:\/\/www.encontraalphaville.com.br\/guia\/wp-content\/uploads\/2026\/01\/reajuste-no-transporte-intermunicipal-entra-em-vigor-nesta-terca.webp\",\"width\":280,\"height\":280,\"caption\":\"reajuste no transporte intermunicipal\"},{\"@type\":\"WebSite\",\"@id\":\"https:\/\/www.encontraalphaville.com.br\/guia\/#website\",\"url\":\"https:\/\/www.encontraalphaville.com.br\/guia\/\",\"name\":\"Guia Comercial de Alphaville SP\",\"description\":\"ENCONTRA ALPHAVILLE - O guia comercial de neg\u00f3cios e empresas, cultura e divers\u00e3o no bairro de Alphaville. Feito 100% para voc\u00ea morador!\",\"potentialAction\":[{\"@type\":\"SearchAction\",\"target\":{\"@type\":\"EntryPoint\",\"urlTemplate\":\"https:\/\/www.encontraalphaville.com.br\/guia\/?s={search_term_string}\"},\"query-input\":{\"@type\":\"PropertyValueSpecification\",\"valueRequired\":true,\"valueName\":\"search_term_string\"}}],\"inLanguage\":\"pt-BR\"},{\"@type\":\"Person\",\"@id\":\"https:\/\/www.encontraalphaville.com.br\/guia\/#\/schema\/person\/a48592ba2de82cdaeeef25afa1c4bc6a\",\"name\":\"Encontra Alphaville\",\"image\":{\"@type\":\"ImageObject\",\"inLanguage\":\"pt-BR\",\"@id\":\"https:\/\/www.encontraalphaville.com.br\/guia\/#\/schema\/person\/image\/\",\"url\":\"https:\/\/secure.gravatar.com\/avatar\/c50c17820bcf322f0a8fd6b110b8c0918141409dc69076470f6fca5fee70a5d4?s=96&d=mm&r=g\",\"contentUrl\":\"https:\/\/secure.gravatar.com\/avatar\/c50c17820bcf322f0a8fd6b110b8c0918141409dc69076470f6fca5fee70a5d4?s=96&d=mm&r=g\",\"caption\":\"Encontra Alphaville\"},\"url\":\"https:\/\/www.encontraalphaville.com.br\/guia\/author\/encontraalphaville\/\"}]}<\/script>\n<!-- \/ Yoast SEO plugin. -->","yoast_head_json":{"title":"Reajuste no transporte intermunicipal entra em vigor nesta ter\u00e7a | Guia Comercial de Alphaville SP","robots":{"index":"index","follow":"follow","max-snippet":"max-snippet:-1","max-image-preview":"max-image-preview:large","max-video-preview":"max-video-preview:-1"},"canonical":"https:\/\/www.encontraalphaville.com.br\/guia\/reajuste-no-transporte-intermunicipal-entra-em-vigor-nesta-terca\/","og_locale":"pt_BR","og_type":"article","og_title":"Reajuste no transporte intermunicipal entra em vigor nesta ter\u00e7a | Guia Comercial de Alphaville SP","og_description":"Reajuste no transporte intermunicipal afeta tarifas a partir de hoje.","og_url":"https:\/\/www.encontraalphaville.com.br\/guia\/reajuste-no-transporte-intermunicipal-entra-em-vigor-nesta-terca\/","og_site_name":"Guia Comercial de Alphaville SP","article_published_time":"2026-01-07T13:34:22+00:00","og_image":[{"url":"https:\/\/www.encontraalphaville.com.br\/guia\/wp-content\/uploads\/2026\/01\/reajuste-no-transporte-intermunicipal-entra-em-vigor-nesta-terca.webp","type":"","width":"","height":""}],"author":"Encontra Alphaville","twitter_card":"summary_large_image","twitter_misc":{"Escrito por":"Encontra Alphaville","Est. tempo de leitura":"7 minutos"},"schema":{"@context":"https:\/\/schema.org","@graph":[{"@type":"WebPage","@id":"https:\/\/www.encontraalphaville.com.br\/guia\/reajuste-no-transporte-intermunicipal-entra-em-vigor-nesta-terca\/","url":"https:\/\/www.encontraalphaville.com.br\/guia\/reajuste-no-transporte-intermunicipal-entra-em-vigor-nesta-terca\/","name":"Reajuste no transporte intermunicipal entra em vigor nesta ter\u00e7a | Guia Comercial de Alphaville SP","isPartOf":{"@id":"https:\/\/www.encontraalphaville.com.br\/guia\/#website"},"primaryImageOfPage":{"@id":"https:\/\/www.encontraalphaville.com.br\/guia\/reajuste-no-transporte-intermunicipal-entra-em-vigor-nesta-terca\/#primaryimage"},"image":{"@id":"https:\/\/www.encontraalphaville.com.br\/guia\/reajuste-no-transporte-intermunicipal-entra-em-vigor-nesta-terca\/#primaryimage"},"thumbnailUrl":"https:\/\/www.encontraalphaville.com.br\/guia\/wp-content\/uploads\/2026\/01\/reajuste-no-transporte-intermunicipal-entra-em-vigor-nesta-terca.webp","datePublished":"2026-01-07T13:34:22+00:00","author":{"@id":"https:\/\/www.encontraalphaville.com.br\/guia\/#\/schema\/person\/a48592ba2de82cdaeeef25afa1c4bc6a"},"inLanguage":"pt-BR","potentialAction":[{"@type":"ReadAction","target":["https:\/\/www.encontraalphaville.com.br\/guia\/reajuste-no-transporte-intermunicipal-entra-em-vigor-nesta-terca\/"]}]},{"@type":"ImageObject","inLanguage":"pt-BR","@id":"https:\/\/www.encontraalphaville.com.br\/guia\/reajuste-no-transporte-intermunicipal-entra-em-vigor-nesta-terca\/#primaryimage","url":"https:\/\/www.encontraalphaville.com.br\/guia\/wp-content\/uploads\/2026\/01\/reajuste-no-transporte-intermunicipal-entra-em-vigor-nesta-terca.webp","contentUrl":"https:\/\/www.encontraalphaville.com.br\/guia\/wp-content\/uploads\/2026\/01\/reajuste-no-transporte-intermunicipal-entra-em-vigor-nesta-terca.webp","width":280,"height":280,"caption":"reajuste no transporte intermunicipal"},{"@type":"WebSite","@id":"https:\/\/www.encontraalphaville.com.br\/guia\/#website","url":"https:\/\/www.encontraalphaville.com.br\/guia\/","name":"Guia Comercial de Alphaville SP","description":"ENCONTRA ALPHAVILLE - O guia comercial de neg\u00f3cios e empresas, cultura e divers\u00e3o no bairro de Alphaville. Feito 100% para voc\u00ea morador!","potentialAction":[{"@type":"SearchAction","target":{"@type":"EntryPoint","urlTemplate":"https:\/\/www.encontraalphaville.com.br\/guia\/?s={search_term_string}"},"query-input":{"@type":"PropertyValueSpecification","valueRequired":true,"valueName":"search_term_string"}}],"inLanguage":"pt-BR"},{"@type":"Person","@id":"https:\/\/www.encontraalphaville.com.br\/guia\/#\/schema\/person\/a48592ba2de82cdaeeef25afa1c4bc6a","name":"Encontra Alphaville","image":{"@type":"ImageObject","inLanguage":"pt-BR","@id":"https:\/\/www.encontraalphaville.com.br\/guia\/#\/schema\/person\/image\/","url":"https:\/\/secure.gravatar.com\/avatar\/c50c17820bcf322f0a8fd6b110b8c0918141409dc69076470f6fca5fee70a5d4?s=96&d=mm&r=g","contentUrl":"https:\/\/secure.gravatar.com\/avatar\/c50c17820bcf322f0a8fd6b110b8c0918141409dc69076470f6fca5fee70a5d4?s=96&d=mm&r=g","caption":"Encontra Alphaville"},"url":"https:\/\/www.encontraalphaville.com.br\/guia\/author\/encontraalphaville\/"}]}},"_links":{"self":[{"href":"https:\/\/www.encontraalphaville.com.br\/guia\/wp-json\/wp\/v2\/posts\/6197","targetHints":{"allow":["GET"]}}],"collection":[{"href":"https:\/\/www.encontraalphaville.com.br\/guia\/wp-json\/wp\/v2\/posts"}],"about":[{"href":"https:\/\/www.encontraalphaville.com.br\/guia\/wp-json\/wp\/v2\/types\/post"}],"author":[{"embeddable":true,"href":"https:\/\/www.encontraalphaville.com.br\/guia\/wp-json\/wp\/v2\/users\/1"}],"replies":[{"embeddable":true,"href":"https:\/\/www.encontraalphaville.com.br\/guia\/wp-json\/wp\/v2\/comments?post=6197"}],"version-history":[{"count":0,"href":"https:\/\/www.encontraalphaville.com.br\/guia\/wp-json\/wp\/v2\/posts\/6197\/revisions"}],"wp:featuredmedia":[{"embeddable":true,"href":"https:\/\/www.encontraalphaville.com.br\/guia\/wp-json\/wp\/v2\/media\/6196"}],"wp:attachment":[{"href":"https:\/\/www.encontraalphaville.com.br\/guia\/wp-json\/wp\/v2\/media?parent=6197"}],"wp:term":[{"taxonomy":"category","embeddable":true,"href":"https:\/\/www.encontraalphaville.com.br\/guia\/wp-json\/wp\/v2\/categories?post=6197"},{"taxonomy":"post_tag","embeddable":true,"href":"https:\/\/www.encontraalphaville.com.br\/guia\/wp-json\/wp\/v2\/tags?post=6197"}],"curies":[{"name":"wp","href":"https:\/\/api.w.org\/{rel}","templated":true}]}}