{"id":6191,"date":"2026-01-06T15:10:04","date_gmt":"2026-01-06T18:10:04","guid":{"rendered":"https:\/\/www.encontraalphaville.com.br\/guia\/trens-e-metro-de-sp-tem-nova-tarifa-a-partir-de-6-de-janeiro\/"},"modified":"2026-01-06T15:10:04","modified_gmt":"2026-01-06T18:10:04","slug":"trens-e-metro-de-sp-tem-nova-tarifa-a-partir-de-6-de-janeiro","status":"publish","type":"post","link":"https:\/\/www.encontraalphaville.com.br\/guia\/trens-e-metro-de-sp-tem-nova-tarifa-a-partir-de-6-de-janeiro\/","title":{"rendered":"Trens e metr\u00f4 de SP t\u00eam nova tarifa a partir de 6 de janeiro"},"content":{"rendered":"<h2>Aumento de tarifa e sua justificativa<\/h2>\n<p>No dia 6 de janeiro de 2026, a tarifa do sistema metroferrovi\u00e1rio de S\u00e3o Paulo, que abrange trens e metr\u00f4, sofreu um reajuste de R$ 5,20 para R$ 5,40. Esse aumento de 3,85% \u00e9 digno de nota, especialmente quando se considera o contexto econ\u00f4mico atual e a crescente demanda por um transporte p\u00fablico eficiente. De acordo com o Governo de S\u00e3o Paulo, essa atualiza\u00e7\u00e3o baseou-se em uma an\u00e1lise minuciosa das despesas operacionais que t\u00eam apresentado um crescimento consistente. Os principais fatores que contribu\u00edram para essa eleva\u00e7\u00e3o nos custos incluem o aumento no pre\u00e7o da energia, as despesas de manuten\u00e7\u00e3o da frota e melhorias na infraestrutura, bem como os gastos com m\u00e3o de obra, refletindo o aumento cont\u00ednuo da infla\u00e7\u00e3o.<br \/>O governo enfatiza que, apesar do aumento, esse reajuste ficou abaixo da infla\u00e7\u00e3o do per\u00edodo, que foi de 4,46%, conforme estimativa do IPC-Fipe. Assim, a medida pode ser interpretada como uma estrat\u00e9gia para mitigar o impacto financeiro sobre os usu\u00e1rios do transporte p\u00fablico, buscando ao mesmo tempo garantir a sustentabilidade do sistema. O desafio encontrado pelos gestores \u00e9 balancear a necessidade de manter as tarifas acess\u00edveis com o imperativo de garantir a qualidade e a continuidade dos servi\u00e7os prestados.<\/p>\n<h2>Compara\u00e7\u00e3o com a infla\u00e7\u00e3o<\/h2>\n<p>Um aspecto crucial a ser considerado em qualquer altera\u00e7\u00e3o nas tarifas de transporte \u00e9 como esse ajuste se compara \u00e0 taxa de infla\u00e7\u00e3o. O \u00edndice IPC-Fipe, que mede a varia\u00e7\u00e3o de pre\u00e7os de uma cesta de bens e servi\u00e7os, indica uma infla\u00e7\u00e3o de 4,46% para o per\u00edodo em an\u00e1lise. O aumento da tarifa, por sua vez, foi de apenas 3,85%. Essa diferencia\u00e7\u00e3o \u00e9 significativa, pois sugere que os usu\u00e1rios n\u00e3o est\u00e3o arcando com o mesmo n\u00edvel de aumento que a infla\u00e7\u00e3o geral, o que poderia levar a uma maior insatisfa\u00e7\u00e3o e movimentos sociais. Essa estrat\u00e9gia tarif\u00e1ria, portanto, busca preservar a capacidade de compra dos cidad\u00e3os e garantir um acesso mais amplo ao transporte p\u00fablico, que \u00e9 essencial para a mobilidade urbana.<br \/>O Governo de S\u00e3o Paulo justificou essa decis\u00e3o como um esfor\u00e7o de manter a tarifa sob controle, mesmo em face das press\u00f5es inflacion\u00e1rias. Esse \u00e9 um aspecto positivo a se considerar em um cen\u00e1rio em que o aumento de pre\u00e7os impacta fortemente o or\u00e7amento familiar. Entretanto, \u00e9 importante ficar atento \u00e0s implica\u00e7\u00f5es a longo prazo de n\u00e3o acompanhar a infla\u00e7\u00e3o de maneira adequada, uma vez que isso poderia comprometer a qualidade do servi\u00e7o se n\u00e3o houver um planejamento or\u00e7ament\u00e1rio cuidadoso.<\/p>\n<h2>Impacto nas gratuidades<\/h2>\n<p>A nova tarifa que entra em vigor n\u00e3o afeta as gratuidades j\u00e1 existentes no sistema metroferrovi\u00e1rio de S\u00e3o Paulo. Esse \u00e9 um ponto muito positivo, considerando que diversas categorias de usu\u00e1rios, como idosos, pessoas com defici\u00eancia e estudantes, t\u00eam direito ao transporte gratuito ou com desconto, o que ajuda a manter a acessibilidade e a inclus\u00e3o no uso do transporte p\u00fablico.<br \/>Ainda assim, \u00e9 vital que o Governo do Estado continue avaliando o impacto dessas gratuidades no sistema e nas finan\u00e7as p\u00fablicas. O equil\u00edbrio entre a necessidade de oferecer um transporte acess\u00edvel e os custos operacionais \u00e9 delicado e pode exigir revis\u00f5es peri\u00f3dicas nas pol\u00edticas de gratuidade, para que se mantenha a sustentabilidade do sistema a longo prazo.<\/p>\n<p><img decoding=\"async\" src=\"https:\/\/www.encontraalphaville.com.br\/guia\/wp-content\/uploads\/2026\/01\/trens-e-metro-de-sp-tem-nova-tarifa-a-partir-de-6-de-janeiro.webp\" alt=\"nova tarifa trens e metr\u00f4 SP\" loading=\"lazy\" \/><\/p>\n<h2>Investimentos no sistema de transporte<\/h2>\n<p>Mesmo diante da eleva\u00e7\u00e3o nas tarifas, o Governo de S\u00e3o Paulo est\u00e1 comprometido em investir no sistema metroferrovi\u00e1rio. Para garantir n\u00e3o apenas a manuten\u00e7\u00e3o, mas tamb\u00e9m a moderniza\u00e7\u00e3o e a amplia\u00e7\u00e3o da malha, est\u00e3o previstos aportes de aproximadamente R$ 5,1 bilh\u00f5es. Esses fundos s\u00e3o cr\u00edticos para permitir a continuidade das opera\u00e7\u00f5es, al\u00e9m de possibilitar avan\u00e7os necess\u00e1rios para atender de maneira mais eficiente a crescente demanda por transporte p\u00fablico na metr\u00f3pole.<br \/>Al\u00e9m dos investimentos j\u00e1 anunciados, h\u00e1 tamb\u00e9m um foco em tecnologias sustent\u00e1veis e inova\u00e7\u00f5es que visam melhorar a experi\u00eancia do usu\u00e1rio. Esses recursos podem incluir desde a compra de novos trens com maior efici\u00eancia energ\u00e9tica at\u00e9 sistemas inteligentes de monitoramento e gest\u00e3o de frota, que podem otimizar as opera\u00e7\u00f5es e reduzir custos a longo prazo.<\/p>\n<h2>Obras em andamento no metr\u00f4<\/h2>\n<p>O sistema de transporte de S\u00e3o Paulo est\u00e1 em constante evolu\u00e7\u00e3o. Atualmente, sete importantes obras est\u00e3o em andamento, com um investimento total de R$ 57 bilh\u00f5es direcionados a melhorias na infraestrutura. Isso inclui a expans\u00e3o das linhas de metr\u00f4 e a constru\u00e7\u00e3o de novas esta\u00e7\u00f5es, que visam aumentar a capilaridade do sistema e permitir um acesso mais f\u00e1cil para diversas comunidades, especialmente aquelas que atualmente n\u00e3o s\u00e3o bem atendidas.<br \/>Essas obras s\u00e3o vistas como um passo fundamental para tornar o transporte p\u00fablico mais eficiente e integrado, com a proposta de facilitar a conex\u00e3o entre diferentes modais, como \u00f4nibus e trens. Al\u00e9m disso, a previs\u00e3o \u00e9 que essas melhorias n\u00e3o apenas aumentem a capacidade de transporte, mas tamb\u00e9m contribuam para a redu\u00e7\u00e3o do tempo de deslocamento, que \u00e9 um dos maiores desafios enfrentados pelos usu\u00e1rios. A vis\u00e3o de um sistema metroferrovi\u00e1rio mais moderno contribui para a melhoria da qualidade de vida e desenvolvimento econ\u00f4mico da regi\u00e3o.<\/p>\n<h2>Expectativa para o futuro do transporte p\u00fablico<\/h2>\n<p>A expectativa para o futuro do transporte p\u00fablico em S\u00e3o Paulo \u00e9 otimista, especialmente com a combina\u00e7\u00e3o de novos investimentos e projetos em andamento. A necessidade de adaptar-se \u00e0s novas realidades urbanas, que incluem um aumento da popula\u00e7\u00e3o e o crescimento do uso de ve\u00edculos particulares, demanda uma abordagem estrat\u00e9gica e de longo prazo. A moderniza\u00e7\u00e3o do sistema ser\u00e1 crucial para lidar com esses desafios e para garantir que o transporte p\u00fablico continue a ser uma alternativa vi\u00e1vel e atraente.<br \/>Assim, espera-se que a continuidade dos investimentos em infraestrutura, a introdu\u00e7\u00e3o de tecnologias inovadoras e a melhoria constante da experi\u00eancia do usu\u00e1rio resultem em um sistema de transporte que n\u00e3o apenas atenda \u00e0 demanda atual, mas tamb\u00e9m esteja preparado para os desafios futuros. A implementa\u00e7\u00e3o de solu\u00e7\u00f5es sustent\u00e1veis ser\u00e1 decisiva para a constru\u00e7\u00e3o de um transporte mais ecol\u00f3gico, com a diminui\u00e7\u00e3o das emiss\u00f5es e do consumo de energia.<\/p>\n<h2>Opini\u00e3o da popula\u00e7\u00e3o sobre a nova tarifa<\/h2>\n<p>As opini\u00f5es da popula\u00e7\u00e3o em rela\u00e7\u00e3o \u00e0 nova tarifa de transporte s\u00e3o variadas e refletem a complexidade da situa\u00e7\u00e3o. Por um lado, muitos cidad\u00e3os entendem a necessidade do reajuste como uma quest\u00e3o de manuten\u00e7\u00e3o da qualidade do servi\u00e7o, especialmente considerando o aumento dos custos operacionais. Por outro lado, h\u00e1 uma preocupa\u00e7\u00e3o leg\u00edtima sobre a acessibilidade e o impacto que esses aumentos podem ter sobre as fam\u00edlias que dependem do transporte p\u00fablico.<br \/>Al\u00e9m disso, as opini\u00f5es s\u00e3o influenciadas pela qualidade do servi\u00e7o prestado. Se os usu\u00e1rios perceberem que a tarifa mais alta resulta em melhorias, como mais trens, menos tempo de espera e seguran\u00e7a, h\u00e1 uma maior disposi\u00e7\u00e3o em aceitar tais aumentos. No entanto, se o servi\u00e7o n\u00e3o corresponder \u00e0s expectativas, isso pode gerar descontentamento e protestos, uma din\u00e2mica que j\u00e1 foi observada em anos anteriores. Portanto, \u00e9 essencial que o governo n\u00e3o apenas realize o reajuste, mas tamb\u00e9m promova uma comunica\u00e7\u00e3o clara sobre o uso dos recursos provenientes deste aumento e os benef\u00edcios diretos que os usu\u00e1rios podem esperar em troca.<\/p>\n<h2>An\u00e1lise dos custos operacionais<\/h2>\n<p>A an\u00e1lise dos custos operacionais \u00e9 fundamental para entender o porqu\u00ea do aumento das tarifas. Os custos com energia, manuten\u00e7\u00e3o de frota, m\u00e3o de obra e outros fatores t\u00eam impactado significativamente o or\u00e7amento do servi\u00e7o. Por exemplo, as despesas com energia el\u00e9trica t\u00eam registrado alta, refletindo a infla\u00e7\u00e3o do setor e o aumento dos pre\u00e7os das tarifas de energia em geral.<br \/>Al\u00e9m disso, a manuten\u00e7\u00e3o de uma frota moderna e segura exige investimentos cont\u00ednuos para garantir que os trens estejam em conformidade com os padr\u00f5es de seguran\u00e7a e efici\u00eancia. A sustentabilidade financeira do sistema depende de um equil\u00edbrio eficiente entre receita e despesas, onde medidas como a revista das tarifas se fa\u00e7am necess\u00e1rias para manter a qualidade do servi\u00e7o em n\u00edveis aceit\u00e1veis.<\/p>\n<h2>Alternativas de transporte em SP<\/h2>\n<p>Embora o metr\u00f4 e os trens sejam essenciais para a mobilidade em S\u00e3o Paulo, a cidade tamb\u00e9m possui uma variedade de op\u00e7\u00f5es de transporte alternativo. O uso de \u00f4nibus municipais e intermunicipais, bicicletas e servi\u00e7os de t\u00e1xi ou aplicativos de transporte s\u00e3o alternativas vi\u00e1veis para muitos usu\u00e1rios.<br \/>Os \u00f4nibus, por exemplo, cobrem uma vasta gama de trajetos e oferecem tarifas mais acess\u00edveis. Adicionalmente, o incentivo ao uso de bicicletas, com a cria\u00e7\u00e3o de ciclovias e a promo\u00e7\u00e3o do uso de bicicletas compartilhadas, foi uma iniciativa positiva para aqueles que buscam alternativas mais sustent\u00e1veis e saud\u00e1veis. No entanto, a integra\u00e7\u00e3o desses modais e a qualidade do servi\u00e7o ainda s\u00e3o desafios que precisam ser endere\u00e7ados para que os usu\u00e1rios tenham m\u00faltiplas alternativas confi\u00e1veis e eficientes.<\/p>\n<h2>Como o aumento pode afetar os usu\u00e1rios<\/h2>\n<p>O aumento da tarifa pode ter um impacto diversificado nos usu\u00e1rios. Para aqueles que dependem exclusivamente do transporte p\u00fablico, como estudantes, trabalhadores e pessoas de baixa renda, o acr\u00e9scimo de 20 centavos pode parecer pequeno, mas ao longo do m\u00eas, representa uma despesa adicional consider\u00e1vel. Por outro lado, para outros usu\u00e1rios, o ajuste pode ser mais facilmente absorvido, especialmente se houver uma percep\u00e7\u00e3o de que a qualidade do servi\u00e7o est\u00e1 aumentando em contrapartida.<br \/>No entanto, \u00e9 fundamental que haja um acompanhamento cont\u00ednuo do impacto desse aumento, especialmente para as popula\u00e7\u00f5es mais vulner\u00e1veis, que podem ser mais afetadas por essa mudan\u00e7a. O governo deve considerar a implementa\u00e7\u00e3o de programas de compensa\u00e7\u00e3o ou subs\u00eddios que ajudem a mitigar o impacto econ\u00f4mico sobre esses grupos, garantindo assim que o transporte p\u00fablico continue a ser uma op\u00e7\u00e3o acess\u00edvel e vi\u00e1vel para todos.<\/p>\n","protected":false},"excerpt":{"rendered":"<p>Nova tarifa para trens e metr\u00f4 de SP entra em vigor em janeiro.<\/p>\n","protected":false},"author":1,"featured_media":6190,"comment_status":"open","ping_status":"open","sticky":false,"template":"","format":"standard","meta":{"footnotes":""},"categories":[5],"tags":[],"class_list":["post-6191","post","type-post","status-publish","format-standard","has-post-thumbnail","hentry","category-noticias","has_thumb"],"yoast_head":"<!-- This site is optimized with the Yoast SEO plugin v26.4 - https:\/\/yoast.com\/wordpress\/plugins\/seo\/ -->\n<title>Trens e metr\u00f4 de SP t\u00eam nova tarifa a partir de 6 de janeiro | Guia Comercial de Alphaville SP<\/title>\n<meta name=\"robots\" content=\"index, follow, max-snippet:-1, max-image-preview:large, max-video-preview:-1\" \/>\n<link rel=\"canonical\" href=\"https:\/\/www.encontraalphaville.com.br\/guia\/trens-e-metro-de-sp-tem-nova-tarifa-a-partir-de-6-de-janeiro\/\" \/>\n<meta property=\"og:locale\" content=\"pt_BR\" \/>\n<meta property=\"og:type\" content=\"article\" \/>\n<meta property=\"og:title\" content=\"Trens e metr\u00f4 de SP t\u00eam nova tarifa a partir de 6 de janeiro | Guia Comercial de Alphaville SP\" \/>\n<meta property=\"og:description\" content=\"Nova tarifa para trens e metr\u00f4 de SP entra em vigor em janeiro.\" \/>\n<meta property=\"og:url\" content=\"https:\/\/www.encontraalphaville.com.br\/guia\/trens-e-metro-de-sp-tem-nova-tarifa-a-partir-de-6-de-janeiro\/\" \/>\n<meta property=\"og:site_name\" content=\"Guia Comercial de Alphaville SP\" \/>\n<meta property=\"article:published_time\" content=\"2026-01-06T18:10:04+00:00\" \/>\n<meta property=\"og:image\" content=\"https:\/\/www.encontraalphaville.com.br\/guia\/wp-content\/uploads\/2026\/01\/trens-e-metro-de-sp-tem-nova-tarifa-a-partir-de-6-de-janeiro.webp\" \/>\n<meta name=\"author\" content=\"Encontra Alphaville\" \/>\n<meta name=\"twitter:card\" content=\"summary_large_image\" \/>\n<meta name=\"twitter:label1\" content=\"Escrito por\" \/>\n\t<meta name=\"twitter:data1\" content=\"Encontra Alphaville\" \/>\n\t<meta name=\"twitter:label2\" content=\"Est. tempo de leitura\" \/>\n\t<meta name=\"twitter:data2\" content=\"9 minutos\" \/>\n<script type=\"application\/ld+json\" class=\"yoast-schema-graph\">{\"@context\":\"https:\/\/schema.org\",\"@graph\":[{\"@type\":\"WebPage\",\"@id\":\"https:\/\/www.encontraalphaville.com.br\/guia\/trens-e-metro-de-sp-tem-nova-tarifa-a-partir-de-6-de-janeiro\/\",\"url\":\"https:\/\/www.encontraalphaville.com.br\/guia\/trens-e-metro-de-sp-tem-nova-tarifa-a-partir-de-6-de-janeiro\/\",\"name\":\"Trens e metr\u00f4 de SP t\u00eam nova tarifa a partir de 6 de janeiro | Guia Comercial de Alphaville SP\",\"isPartOf\":{\"@id\":\"https:\/\/www.encontraalphaville.com.br\/guia\/#website\"},\"primaryImageOfPage\":{\"@id\":\"https:\/\/www.encontraalphaville.com.br\/guia\/trens-e-metro-de-sp-tem-nova-tarifa-a-partir-de-6-de-janeiro\/#primaryimage\"},\"image\":{\"@id\":\"https:\/\/www.encontraalphaville.com.br\/guia\/trens-e-metro-de-sp-tem-nova-tarifa-a-partir-de-6-de-janeiro\/#primaryimage\"},\"thumbnailUrl\":\"https:\/\/www.encontraalphaville.com.br\/guia\/wp-content\/uploads\/2026\/01\/trens-e-metro-de-sp-tem-nova-tarifa-a-partir-de-6-de-janeiro.webp\",\"datePublished\":\"2026-01-06T18:10:04+00:00\",\"author\":{\"@id\":\"https:\/\/www.encontraalphaville.com.br\/guia\/#\/schema\/person\/a48592ba2de82cdaeeef25afa1c4bc6a\"},\"inLanguage\":\"pt-BR\",\"potentialAction\":[{\"@type\":\"ReadAction\",\"target\":[\"https:\/\/www.encontraalphaville.com.br\/guia\/trens-e-metro-de-sp-tem-nova-tarifa-a-partir-de-6-de-janeiro\/\"]}]},{\"@type\":\"ImageObject\",\"inLanguage\":\"pt-BR\",\"@id\":\"https:\/\/www.encontraalphaville.com.br\/guia\/trens-e-metro-de-sp-tem-nova-tarifa-a-partir-de-6-de-janeiro\/#primaryimage\",\"url\":\"https:\/\/www.encontraalphaville.com.br\/guia\/wp-content\/uploads\/2026\/01\/trens-e-metro-de-sp-tem-nova-tarifa-a-partir-de-6-de-janeiro.webp\",\"contentUrl\":\"https:\/\/www.encontraalphaville.com.br\/guia\/wp-content\/uploads\/2026\/01\/trens-e-metro-de-sp-tem-nova-tarifa-a-partir-de-6-de-janeiro.webp\",\"width\":320,\"height\":280,\"caption\":\"nova tarifa trens e metr\u00f4 SP\"},{\"@type\":\"WebSite\",\"@id\":\"https:\/\/www.encontraalphaville.com.br\/guia\/#website\",\"url\":\"https:\/\/www.encontraalphaville.com.br\/guia\/\",\"name\":\"Guia Comercial de Alphaville SP\",\"description\":\"ENCONTRA ALPHAVILLE - O guia comercial de neg\u00f3cios e empresas, cultura e divers\u00e3o no bairro de Alphaville. Feito 100% para voc\u00ea morador!\",\"potentialAction\":[{\"@type\":\"SearchAction\",\"target\":{\"@type\":\"EntryPoint\",\"urlTemplate\":\"https:\/\/www.encontraalphaville.com.br\/guia\/?s={search_term_string}\"},\"query-input\":{\"@type\":\"PropertyValueSpecification\",\"valueRequired\":true,\"valueName\":\"search_term_string\"}}],\"inLanguage\":\"pt-BR\"},{\"@type\":\"Person\",\"@id\":\"https:\/\/www.encontraalphaville.com.br\/guia\/#\/schema\/person\/a48592ba2de82cdaeeef25afa1c4bc6a\",\"name\":\"Encontra Alphaville\",\"image\":{\"@type\":\"ImageObject\",\"inLanguage\":\"pt-BR\",\"@id\":\"https:\/\/www.encontraalphaville.com.br\/guia\/#\/schema\/person\/image\/\",\"url\":\"https:\/\/secure.gravatar.com\/avatar\/c50c17820bcf322f0a8fd6b110b8c0918141409dc69076470f6fca5fee70a5d4?s=96&d=mm&r=g\",\"contentUrl\":\"https:\/\/secure.gravatar.com\/avatar\/c50c17820bcf322f0a8fd6b110b8c0918141409dc69076470f6fca5fee70a5d4?s=96&d=mm&r=g\",\"caption\":\"Encontra Alphaville\"},\"url\":\"https:\/\/www.encontraalphaville.com.br\/guia\/author\/encontraalphaville\/\"}]}<\/script>\n<!-- \/ Yoast SEO plugin. -->","yoast_head_json":{"title":"Trens e metr\u00f4 de SP t\u00eam nova tarifa a partir de 6 de janeiro | Guia Comercial de Alphaville SP","robots":{"index":"index","follow":"follow","max-snippet":"max-snippet:-1","max-image-preview":"max-image-preview:large","max-video-preview":"max-video-preview:-1"},"canonical":"https:\/\/www.encontraalphaville.com.br\/guia\/trens-e-metro-de-sp-tem-nova-tarifa-a-partir-de-6-de-janeiro\/","og_locale":"pt_BR","og_type":"article","og_title":"Trens e metr\u00f4 de SP t\u00eam nova tarifa a partir de 6 de janeiro | Guia Comercial de Alphaville SP","og_description":"Nova tarifa para trens e metr\u00f4 de SP entra em vigor em janeiro.","og_url":"https:\/\/www.encontraalphaville.com.br\/guia\/trens-e-metro-de-sp-tem-nova-tarifa-a-partir-de-6-de-janeiro\/","og_site_name":"Guia Comercial de Alphaville SP","article_published_time":"2026-01-06T18:10:04+00:00","og_image":[{"url":"https:\/\/www.encontraalphaville.com.br\/guia\/wp-content\/uploads\/2026\/01\/trens-e-metro-de-sp-tem-nova-tarifa-a-partir-de-6-de-janeiro.webp","type":"","width":"","height":""}],"author":"Encontra Alphaville","twitter_card":"summary_large_image","twitter_misc":{"Escrito por":"Encontra Alphaville","Est. tempo de leitura":"9 minutos"},"schema":{"@context":"https:\/\/schema.org","@graph":[{"@type":"WebPage","@id":"https:\/\/www.encontraalphaville.com.br\/guia\/trens-e-metro-de-sp-tem-nova-tarifa-a-partir-de-6-de-janeiro\/","url":"https:\/\/www.encontraalphaville.com.br\/guia\/trens-e-metro-de-sp-tem-nova-tarifa-a-partir-de-6-de-janeiro\/","name":"Trens e metr\u00f4 de SP t\u00eam nova tarifa a partir de 6 de janeiro | Guia Comercial de Alphaville SP","isPartOf":{"@id":"https:\/\/www.encontraalphaville.com.br\/guia\/#website"},"primaryImageOfPage":{"@id":"https:\/\/www.encontraalphaville.com.br\/guia\/trens-e-metro-de-sp-tem-nova-tarifa-a-partir-de-6-de-janeiro\/#primaryimage"},"image":{"@id":"https:\/\/www.encontraalphaville.com.br\/guia\/trens-e-metro-de-sp-tem-nova-tarifa-a-partir-de-6-de-janeiro\/#primaryimage"},"thumbnailUrl":"https:\/\/www.encontraalphaville.com.br\/guia\/wp-content\/uploads\/2026\/01\/trens-e-metro-de-sp-tem-nova-tarifa-a-partir-de-6-de-janeiro.webp","datePublished":"2026-01-06T18:10:04+00:00","author":{"@id":"https:\/\/www.encontraalphaville.com.br\/guia\/#\/schema\/person\/a48592ba2de82cdaeeef25afa1c4bc6a"},"inLanguage":"pt-BR","potentialAction":[{"@type":"ReadAction","target":["https:\/\/www.encontraalphaville.com.br\/guia\/trens-e-metro-de-sp-tem-nova-tarifa-a-partir-de-6-de-janeiro\/"]}]},{"@type":"ImageObject","inLanguage":"pt-BR","@id":"https:\/\/www.encontraalphaville.com.br\/guia\/trens-e-metro-de-sp-tem-nova-tarifa-a-partir-de-6-de-janeiro\/#primaryimage","url":"https:\/\/www.encontraalphaville.com.br\/guia\/wp-content\/uploads\/2026\/01\/trens-e-metro-de-sp-tem-nova-tarifa-a-partir-de-6-de-janeiro.webp","contentUrl":"https:\/\/www.encontraalphaville.com.br\/guia\/wp-content\/uploads\/2026\/01\/trens-e-metro-de-sp-tem-nova-tarifa-a-partir-de-6-de-janeiro.webp","width":320,"height":280,"caption":"nova tarifa trens e metr\u00f4 SP"},{"@type":"WebSite","@id":"https:\/\/www.encontraalphaville.com.br\/guia\/#website","url":"https:\/\/www.encontraalphaville.com.br\/guia\/","name":"Guia Comercial de Alphaville SP","description":"ENCONTRA ALPHAVILLE - O guia comercial de neg\u00f3cios e empresas, cultura e divers\u00e3o no bairro de Alphaville. Feito 100% para voc\u00ea morador!","potentialAction":[{"@type":"SearchAction","target":{"@type":"EntryPoint","urlTemplate":"https:\/\/www.encontraalphaville.com.br\/guia\/?s={search_term_string}"},"query-input":{"@type":"PropertyValueSpecification","valueRequired":true,"valueName":"search_term_string"}}],"inLanguage":"pt-BR"},{"@type":"Person","@id":"https:\/\/www.encontraalphaville.com.br\/guia\/#\/schema\/person\/a48592ba2de82cdaeeef25afa1c4bc6a","name":"Encontra Alphaville","image":{"@type":"ImageObject","inLanguage":"pt-BR","@id":"https:\/\/www.encontraalphaville.com.br\/guia\/#\/schema\/person\/image\/","url":"https:\/\/secure.gravatar.com\/avatar\/c50c17820bcf322f0a8fd6b110b8c0918141409dc69076470f6fca5fee70a5d4?s=96&d=mm&r=g","contentUrl":"https:\/\/secure.gravatar.com\/avatar\/c50c17820bcf322f0a8fd6b110b8c0918141409dc69076470f6fca5fee70a5d4?s=96&d=mm&r=g","caption":"Encontra Alphaville"},"url":"https:\/\/www.encontraalphaville.com.br\/guia\/author\/encontraalphaville\/"}]}},"_links":{"self":[{"href":"https:\/\/www.encontraalphaville.com.br\/guia\/wp-json\/wp\/v2\/posts\/6191","targetHints":{"allow":["GET"]}}],"collection":[{"href":"https:\/\/www.encontraalphaville.com.br\/guia\/wp-json\/wp\/v2\/posts"}],"about":[{"href":"https:\/\/www.encontraalphaville.com.br\/guia\/wp-json\/wp\/v2\/types\/post"}],"author":[{"embeddable":true,"href":"https:\/\/www.encontraalphaville.com.br\/guia\/wp-json\/wp\/v2\/users\/1"}],"replies":[{"embeddable":true,"href":"https:\/\/www.encontraalphaville.com.br\/guia\/wp-json\/wp\/v2\/comments?post=6191"}],"version-history":[{"count":0,"href":"https:\/\/www.encontraalphaville.com.br\/guia\/wp-json\/wp\/v2\/posts\/6191\/revisions"}],"wp:featuredmedia":[{"embeddable":true,"href":"https:\/\/www.encontraalphaville.com.br\/guia\/wp-json\/wp\/v2\/media\/6190"}],"wp:attachment":[{"href":"https:\/\/www.encontraalphaville.com.br\/guia\/wp-json\/wp\/v2\/media?parent=6191"}],"wp:term":[{"taxonomy":"category","embeddable":true,"href":"https:\/\/www.encontraalphaville.com.br\/guia\/wp-json\/wp\/v2\/categories?post=6191"},{"taxonomy":"post_tag","embeddable":true,"href":"https:\/\/www.encontraalphaville.com.br\/guia\/wp-json\/wp\/v2\/tags?post=6191"}],"curies":[{"name":"wp","href":"https:\/\/api.w.org\/{rel}","templated":true}]}}