{"id":6187,"date":"2026-01-05T13:22:24","date_gmt":"2026-01-05T16:22:24","guid":{"rendered":"https:\/\/www.encontraalphaville.com.br\/guia\/bradesco-confirma-transferencia-de-departamentos-de-osasco-para-alphaville\/"},"modified":"2026-01-05T13:22:24","modified_gmt":"2026-01-05T16:22:24","slug":"bradesco-confirma-transferencia-de-departamentos-de-osasco-para-alphaville","status":"publish","type":"post","link":"https:\/\/www.encontraalphaville.com.br\/guia\/bradesco-confirma-transferencia-de-departamentos-de-osasco-para-alphaville\/","title":{"rendered":"Bradesco confirma transfer\u00eancia de departamentos de Osasco para Alphaville"},"content":{"rendered":"<h2>O que Motiva a Transfer\u00eancia do Bradesco<\/h2>\n<p>A decis\u00e3o do Bradesco de transferir departamentos de sua sede em Osasco para Alphaville \u00e9 impulsionada por uma combina\u00e7\u00e3o de fatores estrat\u00e9gicos. Em um ambiente corporativo altamente competitivo, a localiza\u00e7\u00e3o \u00e9 um dos fatores cruciais que podem influenciar tanto a produtividade quanto a efici\u00eancia operacional. Alphaville, uma das regi\u00f5es mais nobres e desenvolvidas da Grande S\u00e3o Paulo, oferece uma infraestrutura de qualidade e um ambiente de neg\u00f3cios atrativo, o que torna a mudan\u00e7a vantajosa para o Bradesco.<\/p>\n<p>Outro aspecto relevante \u00e9 a necessidade de moderniza\u00e7\u00e3o e adapta\u00e7\u00e3o \u00e0s novas din\u00e2micas de trabalho. A mudan\u00e7a para Alphaville permitir\u00e1 ao banco aproveitar um espa\u00e7o mais adequado, com instala\u00e7\u00f5es modernas, que podem acolher melhor as demandas atuais de trabalho, incluindo \u00e1reas colaborativas e espa\u00e7os de inova\u00e7\u00e3o. Este tipo de iniciativa ajuda a empresa a se alinhar com as novas pr\u00e1ticas de mercado que priorizam a intera\u00e7\u00e3o entre equipes e a criatividade nos ambientes de trabalho.<\/p>\n<p>Al\u00e9m disso, a transfer\u00eancia pode ser vista como uma estrat\u00e9gia de reten\u00e7\u00e3o e atra\u00e7\u00e3o de talentos. Funcion\u00e1rios valorizam trabalhar em locais que oferecem qualidade de vida e acessibilidade, e Alphaville apresenta uma excelente oferta de servi\u00e7os, educa\u00e7\u00e3o e seguran\u00e7a, fatores que fazem com que profissionais qualificados desejem se manter ou migrar para esta regi\u00e3o.<\/p>\n<p><img decoding=\"async\" src=\"https:\/\/www.encontraalphaville.com.br\/guia\/wp-content\/uploads\/2026\/01\/bradesco-confirma-transferencia-de-departamentos-de-osasco-para-alphaville.webp\" alt=\"bradesco transfer\u00eancias departamentos\" loading=\"lazy\" \/><\/p>\n<h2>Impacto da Mudan\u00e7a para os Funcion\u00e1rios<\/h2>\n<p>A mudan\u00e7a de sede do Bradesco ter\u00e1 um impacto significativo nos colaboradores envolvidos. Com mais de 550 funcion\u00e1rios sendo transferidos, \u00e9 essencial que o banco gerencie essa transi\u00e7\u00e3o de forma eficiente para minimizar o desconforto e a inseguran\u00e7a entre os trabalhadores. Para muitos, o deslocamento di\u00e1rio pode ser uma preocupa\u00e7\u00e3o, especialmente se a nova localiza\u00e7\u00e3o resultar em hor\u00e1rios de transporte mais longos ou desafiadores.<\/p>\n<p>Para facilitar essa transi\u00e7\u00e3o, o Bradesco anunciou que oferecer\u00e1 transporte circular gratuito para os funcion\u00e1rios, com sa\u00eddas de locais estrat\u00e9gicos como a Esta\u00e7\u00e3o Barueri e o Terminal Vila Yara em Osasco. Este tipo de iniciativa \u00e9 vital para garantir que os colaboradores se sintam apoiados durante o per\u00edodo de adapta\u00e7\u00e3o, al\u00e9m de mostrar que a empresa se preocupa com o bem-estar de sua equipe.<\/p>\n<p>Outro elemento a considerar \u00e9 a ansiedade natural que pode surgir em torno de mudan\u00e7as no ambiente de trabalho. A comunica\u00e7\u00e3o clara e frequente sobre a mudan\u00e7a \u00e9 fundamental. O Bradesco fez esfor\u00e7os para manter todos os funcion\u00e1rios informados sobre os detalhes da transfer\u00eancia, fornecendo cronogramas e esclarecendo d\u00favidas sobre a mudan\u00e7a. Essa abordagem da empresa n\u00e3o apenas ajuda a controlar a ansiedade dos colaboradores, mas tamb\u00e9m demonstra um comprometimento em manter um ambiente de trabalho saud\u00e1vel e coeso.<\/p>\n<h2>Cronograma da Transfer\u00eancia em Detalhes<\/h2>\n<p>A transfer\u00eancia dos departamentos do Bradesco de Osasco para Alphaville ser\u00e1 realizada em etapas cuidadosamente planejadas. Essa abordagem em fases permite uma transi\u00e7\u00e3o mais tranquila, garantindo que as opera\u00e7\u00f5es n\u00e3o sejam interrompidas e que os funcion\u00e1rios possam se adaptar gradualmente ao novo espa\u00e7o.<\/p>\n<p>Pela programa\u00e7\u00e3o divulgada, o primeiro departamento a ser transferido \u00e9 o do Bradesco Expresso, que conta com 114 funcion\u00e1rios. As mudan\u00e7as come\u00e7ar\u00e3o no dia 19 de janeiro, com etapas sequenciais em 26 de janeiro e 2 de fevereiro. Em seguida, o Departamento de Compras, que envolve 132 colaboradores, tamb\u00e9m ser\u00e1 movido em tr\u00eas fases, iniciando no dia 9 de fevereiro.<\/p>\n<p>Por \u00faltimo, mas n\u00e3o menos importante, o Departamento de Patrim\u00f4nio, que \u00e9 o maior entre os tr\u00eas, com 306 funcion\u00e1rios, seguir\u00e1 o mesmo formato de transfer\u00eancia a partir do dia 9 de fevereiro. O cuidado em manter um cronograma estruturado \u00e9 fundamental para a organiza\u00e7\u00e3o, pois minimiza a incerteza e garante que cada grupo de trabalho possa operar de forma eficaz durante a transi\u00e7\u00e3o.<\/p>\n<h2>Benef\u00edcios da Nova Localiza\u00e7\u00e3o em Alphaville<\/h2>\n<p>A nova localiza\u00e7\u00e3o do Bradesco em Alphaville apresenta diversos benef\u00edcios n\u00e3o apenas para os colaboradores, mas tamb\u00e9m para a pr\u00f3pria empresa. Como uma \u00e1rea que abriga diversas empresas de renome e \u00e9 considerada um polo de neg\u00f3cios, Alphaville se destaca por sua localiza\u00e7\u00e3o estrat\u00e9gica, que facilita o acesso de clientes e parceiros.<\/p>\n<p>Al\u00e9m disso, a infraestrutura de Alphaville \u00e9 uma das mais robustas da regi\u00e3o metropolitana de S\u00e3o Paulo. Com excelentes op\u00e7\u00f5es de transporte, incluindo proximidade com a rodovia Castello Branco, al\u00e9m de uma rede de servi\u00e7os de qualidade, \u00e9 prov\u00e1vel que a nova sede atraia um n\u00famero ainda maior de talentos. Os colaboradores desfrutar\u00e3o de um ambiente que n\u00e3o apenas \u00e9 moderno, mas que tamb\u00e9m promove qualidade de vida, com \u00e1reas de lazer e com\u00e9rcios nas proximidades.<\/p>\n<p>Outro ponto a favor da mudan\u00e7a \u00e9 a imagem corporativa. Um escrit\u00f3rio em Alphaville pode refor\u00e7ar uma percep\u00e7\u00e3o de inova\u00e7\u00e3o e solidez, algo extremamente importante no setor banc\u00e1rio. A nova sede pode representar um passo em dire\u00e7\u00e3o \u00e0 moderniza\u00e7\u00e3o da identidade do Bradesco, alinhando a marca a um cen\u00e1rio que busca estar sempre \u00e0 frente das demandas do mercado.<\/p>\n<h2>Como a Comunidade Reage \u00e0 Mudan\u00e7a<\/h2>\n<p>A rea\u00e7\u00e3o da comunidade a esta mudan\u00e7a do Bradesco \u00e9 bastante positiva. Para a regi\u00e3o de Alphaville, a transfer\u00eancia de um grande banco com um hist\u00f3rico robusto significa mais oportunidades econ\u00f4micas e a possibilidade de crescimento em diversos setores. Este tipo de movimenta\u00e7\u00e3o costuma incentivar outros neg\u00f3cios a se instalarem na \u00e1rea, abrangendo servi\u00e7os e com\u00e9rcio que atendem n\u00e3o apenas aos funcion\u00e1rios do Bradesco, mas tamb\u00e9m \u00e0 popula\u00e7\u00e3o local.<\/p>\n<p>Al\u00e9m disso, a presen\u00e7a do Bradesco pode gerar um efeito multiplicador, atraindo empresas menores, start-ups e at\u00e9 mesmo novos residentes que buscam qualidade de vida. A mudan\u00e7a \u00e9 vista pela comunidade como uma oportunidade de desenvolvimento e prosperidade, o que \u00e9 essencial em tempos de desafios econ\u00f4micos.<\/p>\n<p>Organiza\u00e7\u00f5es locais e representantes da comunidade tamb\u00e9m est\u00e3o entusiasmados com a evolu\u00e7\u00e3o que essa mudan\u00e7a pode trazer. H\u00e1 uma expectativa de que a movimenta\u00e7\u00e3o de pessoas para a regi\u00e3o pode promover uma revitaliza\u00e7\u00e3o econ\u00f4mica, com uma maior circula\u00e7\u00e3o de pessoas e, consequentemente, um aumento na demanda por servi\u00e7os e com\u00e9rcio local.<\/p>\n<h2>Servi\u00e7os de Transporte para os Funcion\u00e1rios<\/h2>\n<p>A acessibilidade \u00e9 uma preocupa\u00e7\u00e3o importante quando se trata de mudan\u00e7as de sede, especialmente para aqueles que dependem do transporte p\u00fablico para chegar ao trabalho. O Bradesco, ciente dessa realidade, anunciou que disponibilizar\u00e1 servi\u00e7os de transporte circular gratuito para facilitar o deslocamento dos colaboradores entre os antigos e novos locais de trabalho.<\/p>\n<p>O transporte ser\u00e1 oferecido com sa\u00eddas em hor\u00e1rios convenientes, das 6h30 \u00e0s 19h. Os pontos de sa\u00edda incluem a Esta\u00e7\u00e3o Barueri, que \u00e9 um ponto de refer\u00eancia na zona, e o Terminal Vila Yara, em Osasco. Al\u00e9m disso, ser\u00e1 disponibilizado um transporte para a Barra Funda, com hor\u00e1rios espec\u00edficos para facilitar o retorno ao final do dia.<\/p>\n<p>Esta medida demonstra a preocupa\u00e7\u00e3o do Bradesco em garantir que a transi\u00e7\u00e3o ocorra sem contratempos, aliviando as inseguran\u00e7as que muitos colaboradores poderiam sentir nesse processo. Oferecer um servi\u00e7o de transporte gratuito \u00e9 uma estrat\u00e9gia eficaz para garantir que a mudan\u00e7a n\u00e3o resulte em estresse desnecess\u00e1rio ou dificuldade de locomo\u00e7\u00e3o, permitindo que os funcion\u00e1rios se concentrem em suas fun\u00e7\u00f5es sem se preocupar com o deslocamento di\u00e1rio.<\/p>\n<h2>Hist\u00f3rico de Transfer\u00eancias do Bradesco<\/h2>\n<p>O Bradesco n\u00e3o \u00e9 um estranho quando se trata de transfer\u00eancias e mudan\u00e7as de local. O hist\u00f3rico de movimenta\u00e7\u00f5es e reorganiza\u00e7\u00f5es j\u00e1 faz parte de sua trajet\u00f3ria no Brasil. Em 2025, por exemplo, o Grupo Bradesco Seguros transferiu sua sede da regi\u00e3o de Alphaville para a Avenida Paulista, no cora\u00e7\u00e3o de S\u00e3o Paulo, em um movimento que visava se posicionar em uma \u00e1rea estrat\u00e9gica, pr\u00f3xima a clientes e parceiros.<\/p>\n<p>Essas movimenta\u00e7\u00f5es podem ser vistas como parte da estrat\u00e9gia cont\u00ednua do Bradesco para se adaptar ao dinamismo do mercado. Em um setor em constante evolu\u00e7\u00e3o, \u00e9 crucial que as empresas n\u00e3o apenas acompanhem as tend\u00eancias, mas tamb\u00e9m se antecipem \u00e0s mudan\u00e7as do ambiente de neg\u00f3cios. O compromisso do Bradesco com a modernidade e inova\u00e7\u00e3o \u00e9 evidente em sua disposi\u00e7\u00e3o de realocar e otimizar sua estrutura para melhor atender \u00e0s necessidades de seus colaboradores e clientes.<\/p>\n<h2>Rea\u00e7\u00f5es dos Sindicatos e Colaboradores<\/h2>\n<p>As rea\u00e7\u00f5es dos sindicatos e colaboradores em rela\u00e7\u00e3o \u00e0 transfer\u00eancia de departamentos t\u00eam sido frequentemente discutidas nos meios de comunica\u00e7\u00e3o e nas plataformas do Bradesco. O Sindicato dos Banc\u00e1rios de S\u00e3o Paulo manifestou sua preocupa\u00e7\u00e3o com o processo, enfatizando a import\u00e2ncia de que os direitos e o bem-estar dos trabalhadores sejam respeitados durante todo o processo.<\/p>\n<p>Sandra Regina, diretora do Sindicato e funcion\u00e1ria do Bradesco, destacou a vigil\u00e2ncia do \u00f3rg\u00e3o em rela\u00e7\u00e3o ao processo de mudan\u00e7a, enfatizando a necessidade de garantir que os funcion\u00e1rios enfrentem o menor impacto poss\u00edvel. Essa posi\u00e7\u00e3o do sindicato \u00e9 fundamental para promover um di\u00e1logo aberto entre a empresa e seus colaboradores, ajudando a construir confian\u00e7a e a garantir uma transi\u00e7\u00e3o mais tranquila.<\/p>\n<p>Os colaboradores, por sua vez, expressaram uma variedade de sentimentos sobre a mudan\u00e7a, desde apreens\u00e3o at\u00e9 otimismo. A oferta de transporte gratuito e a comunica\u00e7\u00e3o clara sobre as etapas do processo ajudam a mitigar as preocupa\u00e7\u00f5es de muitos. No entanto, a mudan\u00e7a tamb\u00e9m traz desafios, e as vozes dos trabalhadores s\u00e3o essenciais para garantir um processo justo e suave.<\/p>\n<h2>Vis\u00e3o de Futuro para o Bradesco<\/h2>\n<p>A transfer\u00eancia de departamentos para Alphaville demonstra uma vis\u00e3o de futuro que prioriza a adapta\u00e7\u00e3o \u00e0s novas demandas do mercado. Essa vis\u00e3o n\u00e3o est\u00e1 apenas relacionada \u00e0 localiza\u00e7\u00e3o f\u00edsica, mas tamb\u00e9m \u00e0 capacidade de atrair e reter talentos na for\u00e7a de trabalho. O Bradesco estava disposto a fazer mudan\u00e7as significativas n\u00e3o apenas para melhorar sua efici\u00eancia operacional, mas tamb\u00e9m para se posicionar como um empregador desejado em um mercado competitivo.<\/p>\n<p>Al\u00e9m disso, observamos um alinhamento com as tend\u00eancias modernas de trabalho, onde empresas est\u00e3o cada vez mais buscando ambientes colaborativos e jornadas de trabalho flex\u00edveis. O Bradesco reconhece que a experi\u00eancia do colaborador \u00e9 vital para sua produtividade e, consequentemente, para a satisfa\u00e7\u00e3o do cliente.<\/p>\n<p>O Bradesco est\u00e1 se preparando para um futuro que depende da inova\u00e7\u00e3o, da tecnologia e da dedica\u00e7\u00e3o ao bem-estar de seus funcion\u00e1rios. Essa transfer\u00eancia pode ser vista como uma parte de um plano maior que busca fortalecer a presen\u00e7a da institui\u00e7\u00e3o no mercado financeiro e cumprir com as expectativas de um mundo em transforma\u00e7\u00e3o.<\/p>\n<h2>Considera\u00e7\u00f5es Finais sobre a Mudan\u00e7a<\/h2>\n<p>A mudan\u00e7a dos departamentos do Bradesco para Alphaville \u00e9 sem d\u00favida uma movimenta\u00e7\u00e3o significativa que refletir\u00e1 tanto na din\u00e2mica interna da empresa quanto na rela\u00e7\u00e3o com a comunidade local. Com um cronograma bem estruturado e a\u00e7\u00f5es pensadas para garantir uma transi\u00e7\u00e3o suave, a empresa demonstra seu compromisso com a adapta\u00e7\u00e3o e inova\u00e7\u00e3o.<\/p>\n<p>O impacto nas opera\u00e7\u00f5es e colaboradores \u00e9 cuidadosamente considerado, e a variedade de rea\u00e7\u00f5es entre as partes interessadas mostra um ambiente de di\u00e1logo que \u00e9 essencial em tempos de mudan\u00e7a. A resposta da comunidade local e a expectativa de crescimento econ\u00f4mico s\u00e3o sinais positivos de que a mudan\u00e7a pode trazer benef\u00edcios para todos os envolvidos.<\/p>\n<p>Assim, o Bradesco n\u00e3o apenas consolida sua presen\u00e7a em uma nova localiza\u00e7\u00e3o, mas tamb\u00e9m abre portas para oportunidades de desenvolvimento futuro, tanto para seus colaboradores quanto para a comunidade de Alphaville, alinhando-se a tend\u00eancias que moldam o setor banc\u00e1rio contempor\u00e2neo.<\/p>\n","protected":false},"excerpt":{"rendered":"<p>Bradesco confirma transfer\u00eancia de departamentos de Osasco para Alphaville.<\/p>\n","protected":false},"author":1,"featured_media":6186,"comment_status":"open","ping_status":"open","sticky":false,"template":"","format":"standard","meta":{"footnotes":""},"categories":[5],"tags":[],"class_list":["post-6187","post","type-post","status-publish","format-standard","has-post-thumbnail","hentry","category-noticias","has_thumb"],"yoast_head":"<!-- This site is optimized with the Yoast SEO plugin v26.4 - https:\/\/yoast.com\/wordpress\/plugins\/seo\/ -->\n<title>Bradesco confirma transfer\u00eancia de departamentos de Osasco para Alphaville | Guia Comercial de Alphaville SP<\/title>\n<meta name=\"robots\" content=\"index, follow, max-snippet:-1, max-image-preview:large, max-video-preview:-1\" \/>\n<link rel=\"canonical\" href=\"https:\/\/www.encontraalphaville.com.br\/guia\/bradesco-confirma-transferencia-de-departamentos-de-osasco-para-alphaville\/\" \/>\n<meta property=\"og:locale\" content=\"pt_BR\" \/>\n<meta property=\"og:type\" content=\"article\" \/>\n<meta property=\"og:title\" content=\"Bradesco confirma transfer\u00eancia de departamentos de Osasco para Alphaville | Guia Comercial de Alphaville SP\" \/>\n<meta property=\"og:description\" content=\"Bradesco confirma transfer\u00eancia de departamentos de Osasco para Alphaville.\" \/>\n<meta property=\"og:url\" content=\"https:\/\/www.encontraalphaville.com.br\/guia\/bradesco-confirma-transferencia-de-departamentos-de-osasco-para-alphaville\/\" \/>\n<meta property=\"og:site_name\" content=\"Guia Comercial de Alphaville SP\" \/>\n<meta property=\"article:published_time\" content=\"2026-01-05T16:22:24+00:00\" \/>\n<meta property=\"og:image\" content=\"https:\/\/www.encontraalphaville.com.br\/guia\/wp-content\/uploads\/2026\/01\/bradesco-confirma-transferencia-de-departamentos-de-osasco-para-alphaville.webp\" \/>\n<meta name=\"author\" content=\"Encontra Alphaville\" \/>\n<meta name=\"twitter:card\" content=\"summary_large_image\" \/>\n<meta name=\"twitter:label1\" content=\"Escrito por\" \/>\n\t<meta name=\"twitter:data1\" content=\"Encontra Alphaville\" \/>\n\t<meta name=\"twitter:label2\" content=\"Est. tempo de leitura\" \/>\n\t<meta name=\"twitter:data2\" content=\"10 minutos\" \/>\n<script type=\"application\/ld+json\" class=\"yoast-schema-graph\">{\"@context\":\"https:\/\/schema.org\",\"@graph\":[{\"@type\":\"WebPage\",\"@id\":\"https:\/\/www.encontraalphaville.com.br\/guia\/bradesco-confirma-transferencia-de-departamentos-de-osasco-para-alphaville\/\",\"url\":\"https:\/\/www.encontraalphaville.com.br\/guia\/bradesco-confirma-transferencia-de-departamentos-de-osasco-para-alphaville\/\",\"name\":\"Bradesco confirma transfer\u00eancia de departamentos de Osasco para Alphaville | Guia Comercial de Alphaville SP\",\"isPartOf\":{\"@id\":\"https:\/\/www.encontraalphaville.com.br\/guia\/#website\"},\"primaryImageOfPage\":{\"@id\":\"https:\/\/www.encontraalphaville.com.br\/guia\/bradesco-confirma-transferencia-de-departamentos-de-osasco-para-alphaville\/#primaryimage\"},\"image\":{\"@id\":\"https:\/\/www.encontraalphaville.com.br\/guia\/bradesco-confirma-transferencia-de-departamentos-de-osasco-para-alphaville\/#primaryimage\"},\"thumbnailUrl\":\"https:\/\/www.encontraalphaville.com.br\/guia\/wp-content\/uploads\/2026\/01\/bradesco-confirma-transferencia-de-departamentos-de-osasco-para-alphaville.webp\",\"datePublished\":\"2026-01-05T16:22:24+00:00\",\"author\":{\"@id\":\"https:\/\/www.encontraalphaville.com.br\/guia\/#\/schema\/person\/a48592ba2de82cdaeeef25afa1c4bc6a\"},\"inLanguage\":\"pt-BR\",\"potentialAction\":[{\"@type\":\"ReadAction\",\"target\":[\"https:\/\/www.encontraalphaville.com.br\/guia\/bradesco-confirma-transferencia-de-departamentos-de-osasco-para-alphaville\/\"]}]},{\"@type\":\"ImageObject\",\"inLanguage\":\"pt-BR\",\"@id\":\"https:\/\/www.encontraalphaville.com.br\/guia\/bradesco-confirma-transferencia-de-departamentos-de-osasco-para-alphaville\/#primaryimage\",\"url\":\"https:\/\/www.encontraalphaville.com.br\/guia\/wp-content\/uploads\/2026\/01\/bradesco-confirma-transferencia-de-departamentos-de-osasco-para-alphaville.webp\",\"contentUrl\":\"https:\/\/www.encontraalphaville.com.br\/guia\/wp-content\/uploads\/2026\/01\/bradesco-confirma-transferencia-de-departamentos-de-osasco-para-alphaville.webp\",\"width\":320,\"height\":280,\"caption\":\"bradesco transfer\u00eancias departamentos\"},{\"@type\":\"WebSite\",\"@id\":\"https:\/\/www.encontraalphaville.com.br\/guia\/#website\",\"url\":\"https:\/\/www.encontraalphaville.com.br\/guia\/\",\"name\":\"Guia Comercial de Alphaville SP\",\"description\":\"ENCONTRA ALPHAVILLE - O guia comercial de neg\u00f3cios e empresas, cultura e divers\u00e3o no bairro de Alphaville. Feito 100% para voc\u00ea morador!\",\"potentialAction\":[{\"@type\":\"SearchAction\",\"target\":{\"@type\":\"EntryPoint\",\"urlTemplate\":\"https:\/\/www.encontraalphaville.com.br\/guia\/?s={search_term_string}\"},\"query-input\":{\"@type\":\"PropertyValueSpecification\",\"valueRequired\":true,\"valueName\":\"search_term_string\"}}],\"inLanguage\":\"pt-BR\"},{\"@type\":\"Person\",\"@id\":\"https:\/\/www.encontraalphaville.com.br\/guia\/#\/schema\/person\/a48592ba2de82cdaeeef25afa1c4bc6a\",\"name\":\"Encontra Alphaville\",\"image\":{\"@type\":\"ImageObject\",\"inLanguage\":\"pt-BR\",\"@id\":\"https:\/\/www.encontraalphaville.com.br\/guia\/#\/schema\/person\/image\/\",\"url\":\"https:\/\/secure.gravatar.com\/avatar\/c50c17820bcf322f0a8fd6b110b8c0918141409dc69076470f6fca5fee70a5d4?s=96&d=mm&r=g\",\"contentUrl\":\"https:\/\/secure.gravatar.com\/avatar\/c50c17820bcf322f0a8fd6b110b8c0918141409dc69076470f6fca5fee70a5d4?s=96&d=mm&r=g\",\"caption\":\"Encontra Alphaville\"},\"url\":\"https:\/\/www.encontraalphaville.com.br\/guia\/author\/encontraalphaville\/\"}]}<\/script>\n<!-- \/ Yoast SEO plugin. -->","yoast_head_json":{"title":"Bradesco confirma transfer\u00eancia de departamentos de Osasco para Alphaville | Guia Comercial de Alphaville SP","robots":{"index":"index","follow":"follow","max-snippet":"max-snippet:-1","max-image-preview":"max-image-preview:large","max-video-preview":"max-video-preview:-1"},"canonical":"https:\/\/www.encontraalphaville.com.br\/guia\/bradesco-confirma-transferencia-de-departamentos-de-osasco-para-alphaville\/","og_locale":"pt_BR","og_type":"article","og_title":"Bradesco confirma transfer\u00eancia de departamentos de Osasco para Alphaville | Guia Comercial de Alphaville SP","og_description":"Bradesco confirma transfer\u00eancia de departamentos de Osasco para Alphaville.","og_url":"https:\/\/www.encontraalphaville.com.br\/guia\/bradesco-confirma-transferencia-de-departamentos-de-osasco-para-alphaville\/","og_site_name":"Guia Comercial de Alphaville SP","article_published_time":"2026-01-05T16:22:24+00:00","og_image":[{"url":"https:\/\/www.encontraalphaville.com.br\/guia\/wp-content\/uploads\/2026\/01\/bradesco-confirma-transferencia-de-departamentos-de-osasco-para-alphaville.webp","type":"","width":"","height":""}],"author":"Encontra Alphaville","twitter_card":"summary_large_image","twitter_misc":{"Escrito por":"Encontra Alphaville","Est. tempo de leitura":"10 minutos"},"schema":{"@context":"https:\/\/schema.org","@graph":[{"@type":"WebPage","@id":"https:\/\/www.encontraalphaville.com.br\/guia\/bradesco-confirma-transferencia-de-departamentos-de-osasco-para-alphaville\/","url":"https:\/\/www.encontraalphaville.com.br\/guia\/bradesco-confirma-transferencia-de-departamentos-de-osasco-para-alphaville\/","name":"Bradesco confirma transfer\u00eancia de departamentos de Osasco para Alphaville | Guia Comercial de Alphaville SP","isPartOf":{"@id":"https:\/\/www.encontraalphaville.com.br\/guia\/#website"},"primaryImageOfPage":{"@id":"https:\/\/www.encontraalphaville.com.br\/guia\/bradesco-confirma-transferencia-de-departamentos-de-osasco-para-alphaville\/#primaryimage"},"image":{"@id":"https:\/\/www.encontraalphaville.com.br\/guia\/bradesco-confirma-transferencia-de-departamentos-de-osasco-para-alphaville\/#primaryimage"},"thumbnailUrl":"https:\/\/www.encontraalphaville.com.br\/guia\/wp-content\/uploads\/2026\/01\/bradesco-confirma-transferencia-de-departamentos-de-osasco-para-alphaville.webp","datePublished":"2026-01-05T16:22:24+00:00","author":{"@id":"https:\/\/www.encontraalphaville.com.br\/guia\/#\/schema\/person\/a48592ba2de82cdaeeef25afa1c4bc6a"},"inLanguage":"pt-BR","potentialAction":[{"@type":"ReadAction","target":["https:\/\/www.encontraalphaville.com.br\/guia\/bradesco-confirma-transferencia-de-departamentos-de-osasco-para-alphaville\/"]}]},{"@type":"ImageObject","inLanguage":"pt-BR","@id":"https:\/\/www.encontraalphaville.com.br\/guia\/bradesco-confirma-transferencia-de-departamentos-de-osasco-para-alphaville\/#primaryimage","url":"https:\/\/www.encontraalphaville.com.br\/guia\/wp-content\/uploads\/2026\/01\/bradesco-confirma-transferencia-de-departamentos-de-osasco-para-alphaville.webp","contentUrl":"https:\/\/www.encontraalphaville.com.br\/guia\/wp-content\/uploads\/2026\/01\/bradesco-confirma-transferencia-de-departamentos-de-osasco-para-alphaville.webp","width":320,"height":280,"caption":"bradesco transfer\u00eancias departamentos"},{"@type":"WebSite","@id":"https:\/\/www.encontraalphaville.com.br\/guia\/#website","url":"https:\/\/www.encontraalphaville.com.br\/guia\/","name":"Guia Comercial de Alphaville SP","description":"ENCONTRA ALPHAVILLE - O guia comercial de neg\u00f3cios e empresas, cultura e divers\u00e3o no bairro de Alphaville. Feito 100% para voc\u00ea morador!","potentialAction":[{"@type":"SearchAction","target":{"@type":"EntryPoint","urlTemplate":"https:\/\/www.encontraalphaville.com.br\/guia\/?s={search_term_string}"},"query-input":{"@type":"PropertyValueSpecification","valueRequired":true,"valueName":"search_term_string"}}],"inLanguage":"pt-BR"},{"@type":"Person","@id":"https:\/\/www.encontraalphaville.com.br\/guia\/#\/schema\/person\/a48592ba2de82cdaeeef25afa1c4bc6a","name":"Encontra Alphaville","image":{"@type":"ImageObject","inLanguage":"pt-BR","@id":"https:\/\/www.encontraalphaville.com.br\/guia\/#\/schema\/person\/image\/","url":"https:\/\/secure.gravatar.com\/avatar\/c50c17820bcf322f0a8fd6b110b8c0918141409dc69076470f6fca5fee70a5d4?s=96&d=mm&r=g","contentUrl":"https:\/\/secure.gravatar.com\/avatar\/c50c17820bcf322f0a8fd6b110b8c0918141409dc69076470f6fca5fee70a5d4?s=96&d=mm&r=g","caption":"Encontra Alphaville"},"url":"https:\/\/www.encontraalphaville.com.br\/guia\/author\/encontraalphaville\/"}]}},"_links":{"self":[{"href":"https:\/\/www.encontraalphaville.com.br\/guia\/wp-json\/wp\/v2\/posts\/6187","targetHints":{"allow":["GET"]}}],"collection":[{"href":"https:\/\/www.encontraalphaville.com.br\/guia\/wp-json\/wp\/v2\/posts"}],"about":[{"href":"https:\/\/www.encontraalphaville.com.br\/guia\/wp-json\/wp\/v2\/types\/post"}],"author":[{"embeddable":true,"href":"https:\/\/www.encontraalphaville.com.br\/guia\/wp-json\/wp\/v2\/users\/1"}],"replies":[{"embeddable":true,"href":"https:\/\/www.encontraalphaville.com.br\/guia\/wp-json\/wp\/v2\/comments?post=6187"}],"version-history":[{"count":0,"href":"https:\/\/www.encontraalphaville.com.br\/guia\/wp-json\/wp\/v2\/posts\/6187\/revisions"}],"wp:featuredmedia":[{"embeddable":true,"href":"https:\/\/www.encontraalphaville.com.br\/guia\/wp-json\/wp\/v2\/media\/6186"}],"wp:attachment":[{"href":"https:\/\/www.encontraalphaville.com.br\/guia\/wp-json\/wp\/v2\/media?parent=6187"}],"wp:term":[{"taxonomy":"category","embeddable":true,"href":"https:\/\/www.encontraalphaville.com.br\/guia\/wp-json\/wp\/v2\/categories?post=6187"},{"taxonomy":"post_tag","embeddable":true,"href":"https:\/\/www.encontraalphaville.com.br\/guia\/wp-json\/wp\/v2\/tags?post=6187"}],"curies":[{"name":"wp","href":"https:\/\/api.w.org\/{rel}","templated":true}]}}