{"id":6175,"date":"2026-01-03T11:05:59","date_gmt":"2026-01-03T14:05:59","guid":{"rendered":"https:\/\/www.encontraalphaville.com.br\/guia\/fim-do-ensino-medio-faculdade-cursos-tecnicos-ou-mercado-de-trabalho\/"},"modified":"2026-01-03T11:05:59","modified_gmt":"2026-01-03T14:05:59","slug":"fim-do-ensino-medio-faculdade-cursos-tecnicos-ou-mercado-de-trabalho","status":"publish","type":"post","link":"https:\/\/www.encontraalphaville.com.br\/guia\/fim-do-ensino-medio-faculdade-cursos-tecnicos-ou-mercado-de-trabalho\/","title":{"rendered":"Fim do ensino m\u00e9dio: faculdade, cursos t\u00e9cnicos ou mercado de trabalho?"},"content":{"rendered":"<h2>O Impacto da Escolha Profissional<\/h2>\n<p>O t\u00e9rmino do ensino m\u00e9dio \u00e9 um marco importante na vida de qualquer jovem, \u00e9 um momento de transi\u00e7\u00e3o que traz consigo uma s\u00e9rie de decis\u00f5es significativas. Entre elas est\u00e1 a escolha sobre o que fazer a seguir: ingressar na faculdade, optar por cursos t\u00e9cnicos ou at\u00e9 mesmo entrar no mercado de trabalho diretamente. Essa decis\u00e3o pode ser influenciada por diversos fatores, incluindo interesses pessoais, contexto econ\u00f4mico e, claro, as expectativas familiares e sociais.<\/p>\n<p>A escolha profissional pode impactar na trajet\u00f3ria de vida do indiv\u00edduo de maneira substancial. Ela n\u00e3o apenas molda a carreira e os poss\u00edveis ganhos financeiros, mas tamb\u00e9m afeta a satisfa\u00e7\u00e3o pessoal e a realiza\u00e7\u00e3o profissional. Assim, \u00e9 essencial que o jovem n\u00e3o apenas compreenda as op\u00e7\u00f5es dispon\u00edveis, mas tamb\u00e9m procure alinhar suas escolhas com seus valores, interesses e habilidades.<\/p>\n<p>Estudos mostram que uma escolha bem informada pode trazer maior satisfa\u00e7\u00e3o profissional e um sentido de prop\u00f3sito na carreira. De acordo com a Organiza\u00e7\u00e3o Internacional do Trabalho, indiv\u00edduos que se sentem realizados em suas profiss\u00f5es tendem a ser mais produtivos e, consequentemente, mais bem-sucedidos. Portanto, refletir sobre as op\u00e7\u00f5es pode ser considerado um investimento no futuro.<\/p>\n<p><img decoding=\"async\" src=\"https:\/\/www.encontraalphaville.com.br\/guia\/wp-content\/uploads\/2026\/01\/fim-do-ensino-medio-faculdade-cursos-tecnicos-ou-mercado-de-trabalho.webp\" alt=\"fim do ensino m\u00e9dio\" loading=\"lazy\" \/><\/p>\n<h2>Faculdades e suas Vantagens<\/h2>\n<p>Ingressar em uma faculdade \u00e9, tradicionalmente, uma das op\u00e7\u00f5es mais buscadas pelos jovens ap\u00f3s o ensino m\u00e9dio. Este caminho, embora exigente, traz benef\u00edcios significativos que v\u00e3o al\u00e9m de apenas obter um diploma. A forma\u00e7\u00e3o superior \u00e9 indicada frequentemente como um diferencial competitivo no mercado de trabalho atual, em que a qualifica\u00e7\u00e3o dos profissionais \u00e9 um fator determinante. Muitas universidades oferecem uma forma\u00e7\u00e3o abrangente que n\u00e3o s\u00f3 transmite conhecimento t\u00e9cnico, mas tamb\u00e9m desenvolve habilidades essenciais, como pensamento cr\u00edtico, resolu\u00e7\u00e3o de problemas e comunica\u00e7\u00e3o efetiva.<\/p>\n<p>A faculdade tamb\u00e9m proporciona aos estudantes uma rede de contatos valiosa. O ambiente universit\u00e1rio \u00e9 um local prop\u00edcio para o networking, onde os alunos podem estabelecer conex\u00f5es com colegas, professores e profissionais do setor. Essas rela\u00e7\u00f5es podem ser \u00fateis para est\u00e1gios, empregos e colabora\u00e7\u00f5es futuras, aumentando as oportunidades de carreira ap\u00f3s a formatura.<\/p>\n<p>Al\u00e9m disso, muitos cursos oferecem programas de interc\u00e2mbio, sendo uma excelente oportunidade de vivenciar outras culturas e ampliar a vis\u00e3o de mundo. Essa experi\u00eancia pode enriquecer o curr\u00edculo e tornar o estudante mais atrativo no mercado globalizado. Portanto, optar por uma faculdade n\u00e3o \u00e9 apenas uma quest\u00e3o de obter conhecimento; \u00e9 sobre preparar-se para um mundo em constante mudan\u00e7a.<\/p>\n<h2>Cursos T\u00e9cnicos como Alternativa<\/h2>\n<p>Por outro lado, os cursos t\u00e9cnicos e profissionalizantes t\u00eam se mostrado uma excelente alternativa para aqueles que buscam uma entrada mais r\u00e1pida no mercado de trabalho. Esses cursos costumam ter uma dura\u00e7\u00e3o menor em compara\u00e7\u00e3o com o tempo que se leva para concluir uma gradua\u00e7\u00e3o, permitindo que os alunos adquiram habilidades pr\u00e1ticas em um curto espa\u00e7o de tempo. Isso \u00e9 particularmente vantajoso em setores em que a demanda por m\u00e3o de obra qualificada \u00e9 alta, como na \u00e1rea da sa\u00fade, tecnologia da informa\u00e7\u00e3o e eletricidade, por exemplo.<\/p>\n<p>Os cursos t\u00e9cnicos podem proporcionar aos alunos uma forma\u00e7\u00e3o mais direcionada \u00e0s necessidades do mercado, ouvindo a demanda das ind\u00fastrias e preparando-os com habilidades pertinentes. A empregabilidade ampla que um curso t\u00e9cnico pode oferecer \u00e9 um atrativo importante, especialmente para jovens que desejam come\u00e7ar a trabalhar e ganhar independ\u00eancia financeira. <\/p>\n<p>Al\u00e9m disso, muitos cursos t\u00e9cnicos frequentemente incluem est\u00e1gios como parte do curr\u00edculo, o que oferece uma valiosa experi\u00eancia pr\u00e1tica e aumenta as chances de conseguir uma vaga de emprego ap\u00f3s a conclus\u00e3o do curso. Com o cen\u00e1rio econ\u00f4mico em constante mudan\u00e7a, essa pode ser uma estrat\u00e9gia crucial para a inser\u00e7\u00e3o no mercado de trabalho.<\/p>\n<h2>Entrando no Mercado de Trabalho<\/h2>\n<p>Ingressar no mercado de trabalho diretamente ap\u00f3s o ensino m\u00e9dio \u00e9 uma escolha que alguns jovens fazem por v\u00e1rias raz\u00f5es, incluindo a necessidade de gerar renda ou a falta de interesse em continuar os estudos de imediato. Essa decis\u00e3o pode ser tanto um desafio como uma oportunidade. No entanto, entrar no mercado de trabalho sem a forma\u00e7\u00e3o universit\u00e1ria pode apresentar dificuldades, como a limita\u00e7\u00e3o nas op\u00e7\u00f5es de carreira e a possibilidade de sal\u00e1rios mais baixos.<\/p>\n<p>Com a evolu\u00e7\u00e3o das qualifica\u00e7\u00f5es exigidas pelos empregadores, muitos jovens se deparam com a realidade de que um diploma pode ser fundamental para avan\u00e7ar em suas carreiras. Por outro lado, ingressar no mercado de trabalho tamb\u00e9m pode ser uma maneira valiosa de adquirir experi\u00eancia pr\u00e1tica e habilidades que n\u00e3o s\u00e3o ensinadas nas salas de aula. Os novos profissionais podem aprender a dinamizar tarefas, trabalhar em equipe e lidar com a press\u00e3o e as demandas do ambiente de trabalho.<\/p>\n<p>Al\u00e9m disso, muitos programas de trabalho oferecem oportunidades de desenvolvimento, como assist\u00eancia para cursos t\u00e9cnicos ou mesmo para a gradua\u00e7\u00e3o. Portanto, os jovens que come\u00e7am suas jornadas profissionais logo ap\u00f3s o ensino m\u00e9dio devem considerar essa possibilidade de crescimento e aprendizado ao longo do caminho.<\/p>\n<h2>Desafios da Transi\u00e7\u00e3o<\/h2>\n<p>Embora as op\u00e7\u00f5es de carreira sejam diversas, o processo de decis\u00e3o pode ser desafiador e estressante. Jovens frequentemente enfrentam press\u00e3o para escolher o caminho \u201ccerto\u201d e podem se sentir ansiosos sobre o futuro. Essa ansiedade \u00e9 normal, pois a escolha feita nesse momento pode afetar por muitos anos o desenvolvimento pessoal e profissional.<\/p>\n<p>Um dos principais desafios \u00e9 a falta de clareza sobre as pr\u00f3prias aspira\u00e7\u00f5es. Muitos jovens n\u00e3o t\u00eam certeza sobre o que realmente desejam fazer ou quais s\u00e3o suas paix\u00f5es. Outro fator que pode impactar a decis\u00e3o \u00e9 a influ\u00eancia externa, seja de amigos, familiares ou at\u00e9 mesmo da sociedade. As expectativas de terceiros podem causar preocupa\u00e7\u00e3o e confus\u00e3o, levando a decis\u00f5es precipitadas.<\/p>\n<p>Cabe ressaltar que a indecis\u00e3o \u00e9 uma experi\u00eancia comum para muitos, e os jovens devem ser incentivados a explorar suas op\u00e7\u00f5es, participar de est\u00e1gios e voluntariados, e aprender sobre diferentes profiss\u00f5es antes de se comprometerem com um caminho. Essa fase de descoberta \u00e9 essencial e pode ajudar na forma\u00e7\u00e3o de uma escolha mais consciente e satisfat\u00f3ria.<\/p>\n<h2>O Papel da Fam\u00edlia na Decis\u00e3o<\/h2>\n<p>A participa\u00e7\u00e3o da fam\u00edlia no processo de escolha do caminho profissional \u00e9 fundamental. Os pais e respons\u00e1veis podem servir como guias e apoiadores, ajudando os jovens a explorar suas op\u00e7\u00f5es e refletir sobre suas escolhas. Um di\u00e1logo aberto e honesto entre pais e filhos pode trazer clareza nesse processo, permitindo que os jovens expressem suas d\u00favidas e desejos sem medo de julgamento.<\/p>\n<p>Contudo, \u00e9 crucial que a influ\u00eancia da fam\u00edlia n\u00e3o se torne um fardo. Os jovens devem sentir que t\u00eam liberdade para explorar caminhos que ressoem com seus pr\u00f3prios interesses. As compara\u00e7\u00f5es com irm\u00e3os ou amigos podem ser prejudiciais e gerar inseguran\u00e7a. Os pais devem buscar entender a individualidade de cada filho e reconhec\u00ea-los como indiv\u00edduos \u00fanicos com aspira\u00e7\u00f5es e sonhos pr\u00f3prios.<\/p>\n<p>Um approach colaborativo e enriquecedor pode facilitar a transi\u00e7\u00e3o para a vida adulta. Discuss\u00f5es sobre experi\u00eancias do passado, partilha de hist\u00f3rias sobre escolhas e erros, e demonstra\u00e7\u00e3o de apoio incondicional s\u00e3o maneiras pelas quais a fam\u00edlia pode preparar os jovens para enfrentar o futuro. Dessa forma, a press\u00e3o se transforma em motiva\u00e7\u00e3o.<\/p>\n<h2>An\u00e1lise de Perfil e Interesses<\/h2>\n<p>Uma das maneiras mais eficazes de auxiliar um jovem na escolha de seu caminho ap\u00f3s o ensino m\u00e9dio \u00e9 a an\u00e1lise de perfil e interesses. Existem ferramentas e testes que ajudam a identificar as habilidades e prefer\u00eancias dos estudantes. Esses recursos podem oferecer dicas sobre que tipos de profiss\u00f5es ou cursos podem estar alinhados com suas caracter\u00edsticas pessoais.<\/p>\n<p>Refletir sobre o que gosta de fazer e quais atividades trazem satisfa\u00e7\u00e3o pode ajudar grandemente na decis\u00e3o. Jovens que t\u00eam uma paix\u00e3o por ajudar os outros podem se sentir atra\u00eddos pelas \u00e1reas de sa\u00fade ou educa\u00e7\u00e3o, enquanto aqueles que t\u00eam um talento para a comunica\u00e7\u00e3o podem se destacar em carreiras relacionadas ao marketing ou rela\u00e7\u00f5es p\u00fablicas.<\/p>\n<p>O autoconhecimento \u00e9 uma pe\u00e7a-chave nesse processo. Quanto mais um jovem souber sobre si mesmo, mais f\u00e1cil ser\u00e1 para ele escolher uma trajet\u00f3ria que o satisfa\u00e7a e o realize. Participar de atividades extracurriculares, grupos de interesse, e at\u00e9 mesmo experimentar diferentes empregos e est\u00e1gios s\u00e3o formas eficazes de obter essa clareza. Al\u00e9m disso, conversas com profissionais de diferentes \u00e1reas podem proporcionar insights valiosos.<\/p>\n<h2>Interc\u00e2mbios e Experi\u00eancias<\/h2>\n<p>Os interc\u00e2mbios acad\u00eamicos ou culturais representam uma oportunidade \u00fanica para jovens que est\u00e3o considerando suas op\u00e7\u00f5es ap\u00f3s o ensino m\u00e9dio. Fazer um interc\u00e2mbio permite que os alunos vivenciem outras culturas, aprendam novos idiomas e desenvolvam compet\u00eancias que s\u00e3o cada vez mais valorizadas no mercado internacional. Essa experi\u00eancia pode enriquecer n\u00e3o apenas o curr\u00edculo, mas tamb\u00e9m a vis\u00e3o de mundo do estudante.<\/p>\n<p>A experi\u00eancia de viver em outro pa\u00eds pode ser transformadora, ajudando os jovens a se tornarem mais independentes e auto-suficientes. Al\u00e9m disso, um interc\u00e2mbio acad\u00eamico pode abrir portas para universidades de prest\u00edgio, que valorizam candidatos com uma viz\u00e3o global e experi\u00eancias diversificadas.<\/p>\n<p>Os interc\u00e2mbios tamb\u00e9m s\u00e3o uma oportunidade de fazer networking em escala global. Conhecer pessoas de diferentes lugares e culturas pode levar a colabora\u00e7\u00f5es futuras e \u00e0 forma\u00e7\u00e3o de um patrim\u00f4nio social riqu\u00edssimo. Portanto, para aqueles que t\u00eam a possibilidade, participar de um interc\u00e2mbio pode ser uma das decis\u00f5es mais impactantes de suas vidas.<\/p>\n<h2>Decis\u00f5es Flex\u00edveis para o Futuro<\/h2>\n<p>Um ponto importante a considerar \u00e9 que as decis\u00f5es tomadas ao t\u00e9rmino do ensino m\u00e9dio n\u00e3o precisam ser definitivas. A flexibilidade \u00e9 uma caracter\u00edstica valiosa no cen\u00e1rio atual, onde o mercado de trabalho pode mudar rapidamente. Jovens que optam por cursos t\u00e9cnicos, por exemplo, podem sempre decidir, mais tarde, retornar ao ambiente acad\u00eamico para uma gradua\u00e7\u00e3o. \u00c9 importante lembrar que a vida profissional \u00e9 um processo cont\u00ednuo de aprendizado e adapta\u00e7\u00e3o.<\/p>\n<p>Os jovens devem sentir-se encorajados a ver a escolha profissional como um passo inicial ou uma fase em sua jornada de desenvolvimento pessoal. A mudan\u00e7a de carreira e as transi\u00e7\u00f5es entre profiss\u00f5es s\u00e3o pr\u00e1ticas cada vez mais comuns, e ningu\u00e9m deve se sentir preso a uma \u00fanica escolha feita em um momento da vida. H\u00e1 um mundo de oportunidades esperando por eles, e cada experi\u00eancia pode ser uma constru\u00e7\u00e3o para o futuro.<\/p>\n<p>Iniciativas de educa\u00e7\u00e3o cont\u00ednua, cursos online e outras oportunidades de aprimoramento profissional s\u00e3o dispon\u00edveis e acess\u00edveis. O importante \u00e9 manter-se aberto a novas possibilidades e continuar aprendendo. Dessa maneira, as habilidades e experi\u00eancias adquiridas ao longo da vida se tornar\u00e3o a base de uma carreira s\u00f3lida e gratificante.<\/p>\n<h2>A Import\u00e2ncia do Di\u00e1logo entre Jovens e Pais<\/h2>\n<p>Por fim, o di\u00e1logo entre jovens e pais ou respons\u00e1veis desempenha um papel crucial na hora de tomar decis\u00f5es sobre o futuro. Conversas transparentes e encorajadoras podem ajudar os jovens a se sentirem mais confiantes em suas escolhas. \u00c9 fundamental que ambos os lados se sintam \u00e0 vontade para expressar suas opini\u00f5es e preocupa\u00e7\u00f5es, criando um ambiente de apoio e compreens\u00e3o.<\/p>\n<p>Os pais n\u00e3o devem apenas compartilhar suas experi\u00eancias e conselhos, mas tamb\u00e9m ouvir ativamente o que os jovens t\u00eam a dizer. Essa comunica\u00e7\u00e3o bidirecional pode facilitar o entendimento m\u00fatuo e estabelecer uma base s\u00f3lida para que os filhos se sintam respeitados em suas escolhas. Al\u00e9m disso, essa rela\u00e7\u00e3o pode ajudar a eliminar o medo do fracasso, tornando a jornada de escolha mais tranquila.<\/p>\n<p>Auxiliando os jovens a explorar suas op\u00e7\u00f5es, conhecendo suas paix\u00f5es e oferecendo apoio incondicional, os pais podem fazer uma grande diferen\u00e7a nas vidas profissionais dos filhos. Assim, fortalecer o relacionamento familiar durante este per\u00edodo cr\u00edtico pode ser um passo essencial para o sucesso e a felicidade futura dos jovens.<\/p>\n","protected":false},"excerpt":{"rendered":"<p>Ap\u00f3s o ensino m\u00e9dio, as d\u00favidas sobre faculdade e mercado de trabalho surgem.<\/p>\n","protected":false},"author":1,"featured_media":6174,"comment_status":"open","ping_status":"open","sticky":false,"template":"","format":"standard","meta":{"footnotes":""},"categories":[5],"tags":[],"class_list":["post-6175","post","type-post","status-publish","format-standard","has-post-thumbnail","hentry","category-noticias","has_thumb"],"yoast_head":"<!-- This site is optimized with the Yoast SEO plugin v26.4 - https:\/\/yoast.com\/wordpress\/plugins\/seo\/ -->\n<title>Fim do ensino m\u00e9dio: faculdade, cursos t\u00e9cnicos ou mercado de trabalho? | Guia Comercial de Alphaville SP<\/title>\n<meta name=\"robots\" content=\"index, follow, max-snippet:-1, max-image-preview:large, max-video-preview:-1\" \/>\n<link rel=\"canonical\" href=\"https:\/\/www.encontraalphaville.com.br\/guia\/fim-do-ensino-medio-faculdade-cursos-tecnicos-ou-mercado-de-trabalho\/\" \/>\n<meta property=\"og:locale\" content=\"pt_BR\" \/>\n<meta property=\"og:type\" content=\"article\" \/>\n<meta property=\"og:title\" content=\"Fim do ensino m\u00e9dio: faculdade, cursos t\u00e9cnicos ou mercado de trabalho? | Guia Comercial de Alphaville SP\" \/>\n<meta property=\"og:description\" content=\"Ap\u00f3s o ensino m\u00e9dio, as d\u00favidas sobre faculdade e mercado de trabalho surgem.\" \/>\n<meta property=\"og:url\" content=\"https:\/\/www.encontraalphaville.com.br\/guia\/fim-do-ensino-medio-faculdade-cursos-tecnicos-ou-mercado-de-trabalho\/\" \/>\n<meta property=\"og:site_name\" content=\"Guia Comercial de Alphaville SP\" \/>\n<meta property=\"article:published_time\" content=\"2026-01-03T14:05:59+00:00\" \/>\n<meta property=\"og:image\" content=\"https:\/\/www.encontraalphaville.com.br\/guia\/wp-content\/uploads\/2026\/01\/fim-do-ensino-medio-faculdade-cursos-tecnicos-ou-mercado-de-trabalho.webp\" \/>\n<meta name=\"author\" content=\"Encontra Alphaville\" \/>\n<meta name=\"twitter:card\" content=\"summary_large_image\" \/>\n<meta name=\"twitter:label1\" content=\"Escrito por\" \/>\n\t<meta name=\"twitter:data1\" content=\"Encontra Alphaville\" \/>\n\t<meta name=\"twitter:label2\" content=\"Est. tempo de leitura\" \/>\n\t<meta name=\"twitter:data2\" content=\"10 minutos\" \/>\n<script type=\"application\/ld+json\" class=\"yoast-schema-graph\">{\"@context\":\"https:\/\/schema.org\",\"@graph\":[{\"@type\":\"WebPage\",\"@id\":\"https:\/\/www.encontraalphaville.com.br\/guia\/fim-do-ensino-medio-faculdade-cursos-tecnicos-ou-mercado-de-trabalho\/\",\"url\":\"https:\/\/www.encontraalphaville.com.br\/guia\/fim-do-ensino-medio-faculdade-cursos-tecnicos-ou-mercado-de-trabalho\/\",\"name\":\"Fim do ensino m\u00e9dio: faculdade, cursos t\u00e9cnicos ou mercado de trabalho? | Guia Comercial de Alphaville SP\",\"isPartOf\":{\"@id\":\"https:\/\/www.encontraalphaville.com.br\/guia\/#website\"},\"primaryImageOfPage\":{\"@id\":\"https:\/\/www.encontraalphaville.com.br\/guia\/fim-do-ensino-medio-faculdade-cursos-tecnicos-ou-mercado-de-trabalho\/#primaryimage\"},\"image\":{\"@id\":\"https:\/\/www.encontraalphaville.com.br\/guia\/fim-do-ensino-medio-faculdade-cursos-tecnicos-ou-mercado-de-trabalho\/#primaryimage\"},\"thumbnailUrl\":\"https:\/\/www.encontraalphaville.com.br\/guia\/wp-content\/uploads\/2026\/01\/fim-do-ensino-medio-faculdade-cursos-tecnicos-ou-mercado-de-trabalho.webp\",\"datePublished\":\"2026-01-03T14:05:59+00:00\",\"author\":{\"@id\":\"https:\/\/www.encontraalphaville.com.br\/guia\/#\/schema\/person\/a48592ba2de82cdaeeef25afa1c4bc6a\"},\"inLanguage\":\"pt-BR\",\"potentialAction\":[{\"@type\":\"ReadAction\",\"target\":[\"https:\/\/www.encontraalphaville.com.br\/guia\/fim-do-ensino-medio-faculdade-cursos-tecnicos-ou-mercado-de-trabalho\/\"]}]},{\"@type\":\"ImageObject\",\"inLanguage\":\"pt-BR\",\"@id\":\"https:\/\/www.encontraalphaville.com.br\/guia\/fim-do-ensino-medio-faculdade-cursos-tecnicos-ou-mercado-de-trabalho\/#primaryimage\",\"url\":\"https:\/\/www.encontraalphaville.com.br\/guia\/wp-content\/uploads\/2026\/01\/fim-do-ensino-medio-faculdade-cursos-tecnicos-ou-mercado-de-trabalho.webp\",\"contentUrl\":\"https:\/\/www.encontraalphaville.com.br\/guia\/wp-content\/uploads\/2026\/01\/fim-do-ensino-medio-faculdade-cursos-tecnicos-ou-mercado-de-trabalho.webp\",\"width\":320,\"height\":280,\"caption\":\"fim do ensino m\u00e9dio\"},{\"@type\":\"WebSite\",\"@id\":\"https:\/\/www.encontraalphaville.com.br\/guia\/#website\",\"url\":\"https:\/\/www.encontraalphaville.com.br\/guia\/\",\"name\":\"Guia Comercial de Alphaville SP\",\"description\":\"ENCONTRA ALPHAVILLE - O guia comercial de neg\u00f3cios e empresas, cultura e divers\u00e3o no bairro de Alphaville. Feito 100% para voc\u00ea morador!\",\"potentialAction\":[{\"@type\":\"SearchAction\",\"target\":{\"@type\":\"EntryPoint\",\"urlTemplate\":\"https:\/\/www.encontraalphaville.com.br\/guia\/?s={search_term_string}\"},\"query-input\":{\"@type\":\"PropertyValueSpecification\",\"valueRequired\":true,\"valueName\":\"search_term_string\"}}],\"inLanguage\":\"pt-BR\"},{\"@type\":\"Person\",\"@id\":\"https:\/\/www.encontraalphaville.com.br\/guia\/#\/schema\/person\/a48592ba2de82cdaeeef25afa1c4bc6a\",\"name\":\"Encontra Alphaville\",\"image\":{\"@type\":\"ImageObject\",\"inLanguage\":\"pt-BR\",\"@id\":\"https:\/\/www.encontraalphaville.com.br\/guia\/#\/schema\/person\/image\/\",\"url\":\"https:\/\/secure.gravatar.com\/avatar\/c50c17820bcf322f0a8fd6b110b8c0918141409dc69076470f6fca5fee70a5d4?s=96&d=mm&r=g\",\"contentUrl\":\"https:\/\/secure.gravatar.com\/avatar\/c50c17820bcf322f0a8fd6b110b8c0918141409dc69076470f6fca5fee70a5d4?s=96&d=mm&r=g\",\"caption\":\"Encontra Alphaville\"},\"url\":\"https:\/\/www.encontraalphaville.com.br\/guia\/author\/encontraalphaville\/\"}]}<\/script>\n<!-- \/ Yoast SEO plugin. -->","yoast_head_json":{"title":"Fim do ensino m\u00e9dio: faculdade, cursos t\u00e9cnicos ou mercado de trabalho? | Guia Comercial de Alphaville SP","robots":{"index":"index","follow":"follow","max-snippet":"max-snippet:-1","max-image-preview":"max-image-preview:large","max-video-preview":"max-video-preview:-1"},"canonical":"https:\/\/www.encontraalphaville.com.br\/guia\/fim-do-ensino-medio-faculdade-cursos-tecnicos-ou-mercado-de-trabalho\/","og_locale":"pt_BR","og_type":"article","og_title":"Fim do ensino m\u00e9dio: faculdade, cursos t\u00e9cnicos ou mercado de trabalho? | Guia Comercial de Alphaville SP","og_description":"Ap\u00f3s o ensino m\u00e9dio, as d\u00favidas sobre faculdade e mercado de trabalho surgem.","og_url":"https:\/\/www.encontraalphaville.com.br\/guia\/fim-do-ensino-medio-faculdade-cursos-tecnicos-ou-mercado-de-trabalho\/","og_site_name":"Guia Comercial de Alphaville SP","article_published_time":"2026-01-03T14:05:59+00:00","og_image":[{"url":"https:\/\/www.encontraalphaville.com.br\/guia\/wp-content\/uploads\/2026\/01\/fim-do-ensino-medio-faculdade-cursos-tecnicos-ou-mercado-de-trabalho.webp","type":"","width":"","height":""}],"author":"Encontra Alphaville","twitter_card":"summary_large_image","twitter_misc":{"Escrito por":"Encontra Alphaville","Est. tempo de leitura":"10 minutos"},"schema":{"@context":"https:\/\/schema.org","@graph":[{"@type":"WebPage","@id":"https:\/\/www.encontraalphaville.com.br\/guia\/fim-do-ensino-medio-faculdade-cursos-tecnicos-ou-mercado-de-trabalho\/","url":"https:\/\/www.encontraalphaville.com.br\/guia\/fim-do-ensino-medio-faculdade-cursos-tecnicos-ou-mercado-de-trabalho\/","name":"Fim do ensino m\u00e9dio: faculdade, cursos t\u00e9cnicos ou mercado de trabalho? | Guia Comercial de Alphaville SP","isPartOf":{"@id":"https:\/\/www.encontraalphaville.com.br\/guia\/#website"},"primaryImageOfPage":{"@id":"https:\/\/www.encontraalphaville.com.br\/guia\/fim-do-ensino-medio-faculdade-cursos-tecnicos-ou-mercado-de-trabalho\/#primaryimage"},"image":{"@id":"https:\/\/www.encontraalphaville.com.br\/guia\/fim-do-ensino-medio-faculdade-cursos-tecnicos-ou-mercado-de-trabalho\/#primaryimage"},"thumbnailUrl":"https:\/\/www.encontraalphaville.com.br\/guia\/wp-content\/uploads\/2026\/01\/fim-do-ensino-medio-faculdade-cursos-tecnicos-ou-mercado-de-trabalho.webp","datePublished":"2026-01-03T14:05:59+00:00","author":{"@id":"https:\/\/www.encontraalphaville.com.br\/guia\/#\/schema\/person\/a48592ba2de82cdaeeef25afa1c4bc6a"},"inLanguage":"pt-BR","potentialAction":[{"@type":"ReadAction","target":["https:\/\/www.encontraalphaville.com.br\/guia\/fim-do-ensino-medio-faculdade-cursos-tecnicos-ou-mercado-de-trabalho\/"]}]},{"@type":"ImageObject","inLanguage":"pt-BR","@id":"https:\/\/www.encontraalphaville.com.br\/guia\/fim-do-ensino-medio-faculdade-cursos-tecnicos-ou-mercado-de-trabalho\/#primaryimage","url":"https:\/\/www.encontraalphaville.com.br\/guia\/wp-content\/uploads\/2026\/01\/fim-do-ensino-medio-faculdade-cursos-tecnicos-ou-mercado-de-trabalho.webp","contentUrl":"https:\/\/www.encontraalphaville.com.br\/guia\/wp-content\/uploads\/2026\/01\/fim-do-ensino-medio-faculdade-cursos-tecnicos-ou-mercado-de-trabalho.webp","width":320,"height":280,"caption":"fim do ensino m\u00e9dio"},{"@type":"WebSite","@id":"https:\/\/www.encontraalphaville.com.br\/guia\/#website","url":"https:\/\/www.encontraalphaville.com.br\/guia\/","name":"Guia Comercial de Alphaville SP","description":"ENCONTRA ALPHAVILLE - O guia comercial de neg\u00f3cios e empresas, cultura e divers\u00e3o no bairro de Alphaville. Feito 100% para voc\u00ea morador!","potentialAction":[{"@type":"SearchAction","target":{"@type":"EntryPoint","urlTemplate":"https:\/\/www.encontraalphaville.com.br\/guia\/?s={search_term_string}"},"query-input":{"@type":"PropertyValueSpecification","valueRequired":true,"valueName":"search_term_string"}}],"inLanguage":"pt-BR"},{"@type":"Person","@id":"https:\/\/www.encontraalphaville.com.br\/guia\/#\/schema\/person\/a48592ba2de82cdaeeef25afa1c4bc6a","name":"Encontra Alphaville","image":{"@type":"ImageObject","inLanguage":"pt-BR","@id":"https:\/\/www.encontraalphaville.com.br\/guia\/#\/schema\/person\/image\/","url":"https:\/\/secure.gravatar.com\/avatar\/c50c17820bcf322f0a8fd6b110b8c0918141409dc69076470f6fca5fee70a5d4?s=96&d=mm&r=g","contentUrl":"https:\/\/secure.gravatar.com\/avatar\/c50c17820bcf322f0a8fd6b110b8c0918141409dc69076470f6fca5fee70a5d4?s=96&d=mm&r=g","caption":"Encontra Alphaville"},"url":"https:\/\/www.encontraalphaville.com.br\/guia\/author\/encontraalphaville\/"}]}},"_links":{"self":[{"href":"https:\/\/www.encontraalphaville.com.br\/guia\/wp-json\/wp\/v2\/posts\/6175","targetHints":{"allow":["GET"]}}],"collection":[{"href":"https:\/\/www.encontraalphaville.com.br\/guia\/wp-json\/wp\/v2\/posts"}],"about":[{"href":"https:\/\/www.encontraalphaville.com.br\/guia\/wp-json\/wp\/v2\/types\/post"}],"author":[{"embeddable":true,"href":"https:\/\/www.encontraalphaville.com.br\/guia\/wp-json\/wp\/v2\/users\/1"}],"replies":[{"embeddable":true,"href":"https:\/\/www.encontraalphaville.com.br\/guia\/wp-json\/wp\/v2\/comments?post=6175"}],"version-history":[{"count":0,"href":"https:\/\/www.encontraalphaville.com.br\/guia\/wp-json\/wp\/v2\/posts\/6175\/revisions"}],"wp:featuredmedia":[{"embeddable":true,"href":"https:\/\/www.encontraalphaville.com.br\/guia\/wp-json\/wp\/v2\/media\/6174"}],"wp:attachment":[{"href":"https:\/\/www.encontraalphaville.com.br\/guia\/wp-json\/wp\/v2\/media?parent=6175"}],"wp:term":[{"taxonomy":"category","embeddable":true,"href":"https:\/\/www.encontraalphaville.com.br\/guia\/wp-json\/wp\/v2\/categories?post=6175"},{"taxonomy":"post_tag","embeddable":true,"href":"https:\/\/www.encontraalphaville.com.br\/guia\/wp-json\/wp\/v2\/tags?post=6175"}],"curies":[{"name":"wp","href":"https:\/\/api.w.org\/{rel}","templated":true}]}}