{"id":6165,"date":"2025-12-28T08:44:00","date_gmt":"2025-12-28T11:44:00","guid":{"rendered":"https:\/\/www.encontraalphaville.com.br\/guia\/com-musica-decoracao-especial-e-shows-clima-de-natal-toma-conta-das-cidades-de-barueri-e-santana-de-parnaiba\/"},"modified":"2025-12-28T08:44:00","modified_gmt":"2025-12-28T11:44:00","slug":"com-musica-decoracao-especial-e-shows-clima-de-natal-toma-conta-das-cidades-de-barueri-e-santana-de-parnaiba","status":"publish","type":"post","link":"https:\/\/www.encontraalphaville.com.br\/guia\/com-musica-decoracao-especial-e-shows-clima-de-natal-toma-conta-das-cidades-de-barueri-e-santana-de-parnaiba\/","title":{"rendered":"Com m\u00fasica, decora\u00e7\u00e3o especial e shows, clima de Natal toma conta das cidades de Barueri e Santana de Parna\u00edba"},"content":{"rendered":"<h2>M\u00fasica e Celebra\u00e7\u00e3o em Barueri<\/h2>\n<p>O clima natalino em Barueri \u00e9 caracterizado por uma energia vibrante, onde a m\u00fasica e a celebra\u00e7\u00e3o se tornam parte fundamental do m\u00eas de dezembro. Durante este per\u00edodo, a cidade se transforma em um verdadeiro centro de alegria, trazendo tanto moradores quanto visitantes para uma experi\u00eancia coletiva rica em emo\u00e7\u00f5es positivas.<\/p>\n<p>Os shows realizados na cidade s\u00e3o um dos principais atrativos. Este ano, artistas de renome se apresentaram, enchendo o ar com can\u00e7\u00f5es que variam do tradicional ao moderno, criando uma atmosfera festiva que contagia a todos. Os eventos s\u00e3o pensados para atender a diferentes faixas et\u00e1rias, garantindo que todos possam desfrutar do esp\u00edrito natalino.<\/p>\n<p>Al\u00e9m dos shows, as comunidades se re\u00fanem em diversas celebra\u00e7\u00f5es que v\u00e3o al\u00e9m da m\u00fasica. Grupos de coral, apresenta\u00e7\u00f5es de dan\u00e7a e at\u00e9 pe\u00e7as teatrais fazem parte da programa\u00e7\u00e3o, oferecendo um leque diversificado de op\u00e7\u00f5es. Essa pluralidade nas celebra\u00e7\u00f5es reflete a uni\u00e3o e o esp\u00edrito solid\u00e1rio que a \u00e9poca natalina promove entre os cidad\u00e3os.<\/p>\n<p>Os eventos musicais s\u00e3o promovidos em pra\u00e7as e outros locais p\u00fablicos, onde a popula\u00e7\u00e3o se sente convidada a participar e a celebrar. Com isso, \u00e9 comum ver fam\u00edlias e grupos de amigos reunidos, compartilhando momentos de alegria e harmonia. O espa\u00e7amento e a seguran\u00e7a s\u00e3o garantidos, permitindo que todos aproveitem sem preocupa\u00e7\u00f5es.<\/p>\n<p>Outro aspecto interessante \u00e9 a decora\u00e7\u00e3o natalina que acompanha esses eventos. Com luzes vibrantes e ornamentos que capturam o esp\u00edrito do Natal, as ruas de Barueri s\u00e3o um espet\u00e1culo \u00e0 parte. Isso torna a m\u00fasica ainda mais envolvente, j\u00e1 que o ambiente festivo \u00e9 complementado por visuais deslumbrantes que envolvem a todos em uma experi\u00eancia sensorial completa.<\/p>\n<h2>O Tradicional Natal de Luz em Santana de Parna\u00edba<\/h2>\n<p>O Natal de Luz em Santana de Parna\u00edba \u00e9 uma tradi\u00e7\u00e3o que transcende gera\u00e7\u00f5es. Este evento anual atrai milhares de visitantes que desejam n\u00e3o apenas testemunhar, mas tamb\u00e9m vivenciar o encanto que a cidade proporciona durante o per\u00edodo festivo. Com uma programa\u00e7\u00e3o que se estende at\u00e9 o dia 6 de janeiro, os moradores e turistas t\u00eam a oportunidade de explorar v\u00e1rias atra\u00e7\u00f5es em um ambiente seguro e familiar.<\/p>\n<p>Um dos destaques do Natal de Luz \u00e9 o famoso pres\u00e9pio articulado, que \u00e9 considerado um dos maiores de S\u00e3o Paulo. Com mais de 30 pe\u00e7as que se movem, ele \u00e9 uma atra\u00e7\u00e3o imperd\u00edvel para as fam\u00edlias que visitam a cidade. A ornamenta\u00e7\u00e3o do pres\u00e9pio, aliada \u00e0 encena\u00e7\u00e3o da hist\u00f3ria do Natal, oferece uma rica narrativa que \u00e9 educativa e, ao mesmo tempo, divertida.<\/p>\n<p>Al\u00e9m do pres\u00e9pio, o evento conta com uma s\u00e9rie de atividades que incluem feiras de artesanato, apresenta\u00e7\u00f5es culturais e at\u00e9 uma casa do Papai Noel, onde as crian\u00e7as podem interagir e tirar fotos. O ambiente familiar \u00e9 uma prioridade, e a organiza\u00e7\u00e3o do evento tem o cuidado de garantir que todas as idades sejam atendidas, criando momentos inesquec\u00edveis para todos os participantes.<\/p>\n<p>A ilumina\u00e7\u00e3o de Natal, com mais de 700 mil microl\u00e2mpadas de LED, transforma as pra\u00e7as e ruas em um verdadeiro espet\u00e1culo de luz e cor. Locais ic\u00f4nicos, como a Pra\u00e7a 14 de Novembro e a Pra\u00e7a das Bandeiras, se destacam pela beleza da decora\u00e7\u00e3o, tornando-se pontos de encontro para fam\u00edlias que buscam tradi\u00e7\u00e3o e felicidade nas festividades.<\/p>\n<h2>Decora\u00e7\u00f5es Especiais e Ilumina\u00e7\u00e3o Natalina<\/h2>\n<p>A decora\u00e7\u00e3o natalina em Barueri e Santana de Parna\u00edba vai muito al\u00e9m de simples enfeites. \u00c9 uma express\u00e3o do amor e da dedica\u00e7\u00e3o das comunidades em celebrar a \u00e9poca. Cada detalhe \u00e9 planejado com carinho, buscando n\u00e3o apenas embelezar a cidade, mas tamb\u00e9m criar um impacto emocional nos cidad\u00e3os e visitantes.<\/p>\n<p>As decora\u00e7\u00f5es s\u00e3o pensadas para serem inclusivas e acess\u00edveis. Desde a tradicional \u00e1rvore de Natal de 30 metros em Barueri at\u00e9 os cen\u00e1rios fotogr\u00e1ficos em Santana de Parna\u00edba, tudo \u00e9 feito para encantar e engajar as pessoas. Os brinquedos de Natal, os bonecos de neve, e o famoso tren\u00f3 com renas s\u00e3o apenas algumas das maravilhas que podem ser vistas pelas ruas.<\/p>\n<p>Uma caracter\u00edstica marcante \u00e9 a preocupa\u00e7\u00e3o com a sustentabilidade. Com a utiliza\u00e7\u00e3o de l\u00e2mpadas LED, que consomem menos energia e t\u00eam uma vida \u00fatil maior, as cidades demonstram um compromisso com o meio ambiente. Al\u00e9m disso, a escolha de materiais de decora\u00e7\u00e3o que n\u00e3o agridem a natureza \u00e9 uma prioridade que reflete a conscientiza\u00e7\u00e3o ambiental crescente na sociedade.<\/p>\n<p>As festividades noturnas s\u00e3o especialmente m\u00e1gicas, com as luzes piscando suavemente durante as apresenta\u00e7\u00f5es musicais. As crian\u00e7as ficam deslumbradas com a magia das luzes, e os adultos s\u00e3o convidados a relembrar a import\u00e2ncia do esp\u00edrito natalino e da uni\u00e3o familiar. Esse cen\u00e1rio proporciona o ambiente perfeito para a reflex\u00e3o e o compartilhamento de momentos de bondade e amor.<\/p>\n<h2>Atra\u00e7\u00f5es Musicais Imperd\u00edveis<\/h2>\n<p>As atra\u00e7\u00f5es musicais em Barueri e Santana de Parna\u00edba se tornaram um convite irresist\u00edvel para quem busca entretenimento e divers\u00e3o durante as festividades. Os shows, programados cuidadosamente, re\u00fanem artistas que v\u00e3o do formato solo a grandes bandas, abrangendo uma diversidade de estilos musicais que agradam a todos os gostos.<\/p>\n<p>Um dos grandes nomes que se apresentou este ano foi a banda IRA!, conhecida por seus hits que embalam gera\u00e7\u00f5es. Al\u00e9m da produ\u00e7\u00e3o musical de qualidade, os shows s\u00e3o acompanhados de uma estrutura impec\u00e1vel de som e ilumina\u00e7\u00e3o, criando uma experi\u00eancia verdadeiramente memor\u00e1vel. Outro destaque foi a apresenta\u00e7\u00e3o da dupla C\u00e9sar Menotti &#038; Fabiano, que trouxe o sertanejo raiz para suas performances, atraindo um p\u00fablico animado e apaixonado por suas can\u00e7\u00f5es.<\/p>\n<p>Os concertos s\u00e3o estruturados para serem familiares, come\u00e7ando em hor\u00e1rios acess\u00edveis e finalizando antes do adiantado da noite. Essa preocupa\u00e7\u00e3o com o p\u00fablico proporciona um ambiente acolhedor e seguro, onde todos podem desfrutar sem preocupa\u00e7\u00f5es. A sonoridade dos shows se mescla com o fundo encantador da decora\u00e7\u00e3o, criando uma experi\u00eancia que vai al\u00e9m da m\u00fasica, envolvendo todos os sentidos.<\/p>\n<p>A variedade de atra\u00e7\u00f5es garante que a programa\u00e7\u00e3o n\u00e3o fique repetitiva. Kids shows e apresenta\u00e7\u00f5es com personagens natalinos s\u00e3o inclu\u00eddos na agenda, permitindo que as crian\u00e7as tamb\u00e9m tenham seu espa\u00e7o especial, repleto de m\u00fasicas que lhes s\u00e3o doces e familiares. Isso ajuda a cultivar o amor pela arte e a m\u00fasica desde cedo, positivamente impactando sua educa\u00e7\u00e3o cultural.<\/p>\n<h2>O Pres\u00e9pio Napolitano: Uma Obra de Arte ao Ar Livre<\/h2>\n<p>O Pres\u00e9pio Napolitano, um dos maiores pres\u00e9pios ao ar livre do Brasil, \u00e9 uma verdadeira obra de arte que encanta todos os visitantes do Natal de Luz em Santana de Parna\u00edba. Este pres\u00e9pio grandioso n\u00e3o \u00e9 apenas uma exposi\u00e7\u00e3o; ele se conecta com a cultura e a tradi\u00e7\u00e3o, proporcionando uma representa\u00e7\u00e3o fiel e detalhada da cena do nascimento de Jesus.<\/p>\n<p>Com 200 metros de extens\u00e3o, o pres\u00e9pio \u00e9 uma verdadeira galeria ao ar livre, que inclui mais de 30 pe\u00e7as articuladas. Cada figura \u00e9 meticulosamente trabalhada, representando diversos personagens da hist\u00f3ria, permitindo que os observadores mergulhem em uma narrativa visual rica em tradi\u00e7\u00f5es e significados. A montagem \u00e9 feita com estrutura de madeira e coberta por sap\u00ea, criando um ambiente que remete \u00e0 \u00e9poca em que aconteceu a hist\u00f3ria.<\/p>\n<p>O pres\u00e9pio Napolitano n\u00e3o apenas conta a hist\u00f3ria do Natal, mas tamb\u00e9m promove reflex\u00f5es sobre a import\u00e2ncia da paz e da uni\u00e3o entre as pessoas. Essas mensagem \u00e9 particularmente importante na contemporaneidade, onde a conviv\u00eancia harmoniosa \u00e9 mais necess\u00e1ria do que nunca. Em cada visita, muitos tiram um momento para apreciar e refletir sobre os significados do Natal, enaltecendo os valores espirituais que a festividade representa.<\/p>\n<p>Um ponto de destaque \u00e9 a acessibilidade do pres\u00e9pio. Localizado no centro da cidade, ele est\u00e1 em um espa\u00e7o que permite f\u00e1cil acesso a todas as crian\u00e7as, idosos e pessoas com defici\u00eancia. Isso reafirma a inten\u00e7\u00e3o de criar uma celebra\u00e7\u00e3o inclusiva, onde cada indiv\u00edduo possa desfrutar das experi\u00eancias natalinas, fortalecendo a comunidade.<\/p>\n<h2>Parada Natalina: Um Desfile de Alegria<\/h2>\n<p>A Parada Natalina que estreou este ano em Santana de Parna\u00edba trouxe uma nova dimens\u00e3o ao Natal de Luz, se convertendo em um dos momentos de maior agita\u00e7\u00e3o e alegria da programa\u00e7\u00e3o. Este desfile \u00e9 um verdadeiro espet\u00e1culo que combina carros aleg\u00f3ricos, personagens ic\u00f4nicos do Natal e apresenta\u00e7\u00f5es musicais ao vivo, oferecendo uma experi\u00eancia visual e auditiva que n\u00e3o pode ser perdida.<\/p>\n<p>Composto por diversos carros aleg\u00f3ricos decorados, cada um deles traz um tema diferente relacionado ao Natal, representando desde os tradicionais s\u00edmbolos da festividade at\u00e9 representa\u00e7\u00f5es mais modernas que encantam as crian\u00e7as. A parada \u00e9 uma celebra\u00e7\u00e3o das cores, sons e movimentos, onde a magia do Natal \u00e9 trazida \u00e0 vida, proporcionando a todos os que assistem uma sensa\u00e7\u00e3o de encantamento e felicidade.<\/p>\n<p>As apresenta\u00e7\u00f5es ao longo da parada s\u00e3o cuidadosamente coordenadas e programadas, permitindo que a energia se mantenha alta durante todo o desfile. Com personagens vestindo trajes festivos, a intera\u00e7\u00e3o com o p\u00fablico \u00e9 um dos pilares do evento. As crian\u00e7as t\u00eam a oportunidade de se encontrar com seus personagens favoritos, tirando fotos e vivendo momentos que se tornam mem\u00f3rias duradouras.<\/p>\n<p>Realizada em dias espec\u00edficos, a Parada Natalina n\u00e3o apenas serve como um evento de entretenimento, mas tamb\u00e9m atua como um catalisador comunit\u00e1rio. \u00c9 uma oportunidade para fam\u00edlias e amigos se reunirem, compartilhando risadas e momentos especiais que fortalecem os la\u00e7os culturais e sociais da comunidade. \u00c9 um lembrete de como a celebra\u00e7\u00e3o do Natal traz as pessoas juntas, promovendo a alegria e a uni\u00e3o.<\/p>\n<h2>Programa\u00e7\u00e3o Cultural e Eventos para Todas as Idades<\/h2>\n<p>A programa\u00e7\u00e3o cultural em Barueri e Santana de Parna\u00edba \u00e9 organizada com o prop\u00f3sito de garantir que os eventos atendam a todos os p\u00fablicos, de todas as idades. Cada atividade \u00e9 planejada com cuidado para que haja diversidade e inclus\u00e3o, permitindo que pessoas de diferentes perfis possam encontrar algo que atenda seus interesses e expectativas.<\/p>\n<p>Para as crian\u00e7as, atividades como oficinas de natal e contadores de hist\u00f3rias s\u00e3o oferecidas, encantando os pequenos e ajudando na constru\u00e7\u00e3o de mem\u00f3rias afetivas em torno do Natal. Essas experi\u00eancias educativas, unidas com a divers\u00e3o, promovem um ambiente afetivo, onde as crian\u00e7as conseguem aprender enquanto se divertem.<\/p>\n<p>A programa\u00e7\u00e3o tamb\u00e9m inclui atividades voltadas para o p\u00fablico adulto, como a Feira da Mulher Empreendedora. Esse \u00e9 um espa\u00e7o dedicado ao empreendedorismo feminino, onde mulheres exp\u00f5em seus produtos, oferecendo uma oportunidade tanto para vendas quanto para promover suas marcas e hist\u00f3rias de vida. Esse tipo de abordagem enriquece a magia do Natal, mostrando que esta \u00e9poca tamb\u00e9m \u00e9 sobre empoderamento e solidariedade.<\/p>\n<p>Eventos com apresenta\u00e7\u00f5es musicais de diferentes g\u00eaneros, pe\u00e7as teatrais e atividades culturais est\u00e3o dispon\u00edveis em toda a cidade, permitindo que todos os cidad\u00e3os possam participar e encontrar entretenimento que lhes agrada. Esse enfoque diversificado assegura que cada visita \u00e0 celebra\u00e7\u00e3o de Natal seja \u00fanica e memor\u00e1vel, refor\u00e7ando a import\u00e2ncia de unir as pessoas e celebrar a diversidade cultural presente nas comunidades.<\/p>\n<h2>Feira da Mulher Empreendedora: Uma Iniciativa Festiva<\/h2>\n<p>A Feira da Mulher Empreendedora \u00e9 um exemplo brilhante de como o Natal pode se entrela\u00e7ar com iniciativas de autoajuda e empoderamento. Esta feira, realizada em Santana de Parna\u00edba como parte da programa\u00e7\u00e3o do Natal de Luz, n\u00e3o somente exibe produtos feitos por mulheres, mas tamb\u00e9m investe na promo\u00e7\u00e3o do empreendedorismo feminino, criando um espa\u00e7o onde hist\u00f3rias e experi\u00eancias se encontram.<\/p>\n<p>Este evento festivo proporciona uma plataforma valiosa para mulheres que muitas vezes enfrentam dificuldades para fazer seus produtos e talentos serem conhecidos. A feira \u00e9 composta por estandes que variam de artesanato a produtos aliment\u00edcios, todos elaborados por mulheres da comunidade, fortalecendo a ideia de apoio m\u00fatuo e empreendedorismo.<\/p>\n<p>As intera\u00e7\u00f5es nos estandes s\u00e3o repletas de boas conversas, aprendizado e troca de experi\u00eancias. As visitantes podem conhecer os desafios enfrentados pelos empreendedores locais e como eles superaram dificuldades. Essa conex\u00e3o proporciona um sentido de comunidade e uni\u00e3o, amplificando o impacto positivo do Natal em suas vidas.<\/p>\n<p>Al\u00e9m de oferecer a oportunidade de compra, a Feira da Mulher Empreendedora \u00e9 um evento que promove workshops e palestras. Essas atividades abordam temas de interesse, como gest\u00e3o de neg\u00f3cios, marketing digital e autoajuda, oferecendo conhecimento que pode ser utilizado tanto no \u00e2mbito pessoal quanto profissional, promovendo um crescimento integral.<\/p>\n<h2>Exibi\u00e7\u00f5es de Luzes e Cen\u00e1rios Tem\u00e1ticos<\/h2>\n<p>As exibi\u00e7\u00f5es de luzes durante as festividades de Natal em Barueri e Santana de Parna\u00edba criam cen\u00e1rios que parecem ter sa\u00eddo de um conto de fadas. A ilumina\u00e7\u00e3o n\u00e3o s\u00f3 embeleza a cidade, mas tamb\u00e9m proporciona uma atmosfera sonhadora, repleta de esperan\u00e7a e alegria. Os arranjos de luzes s\u00e3o cuidadosamente planejados para que cada pra\u00e7a e rua resplande\u00e7am com o esp\u00edrito do Natal.<\/p>\n<p>A ilumina\u00e7\u00e3o \u00e9 uma arte que transforma o cotidiano em momentos especiais. Em Barueri, a tradicional \u00e1rvore de Natal de 30 metros \u00e9 adornada com milhares de microl\u00e2mpadas, tornando-se um ponto de refer\u00eancia e uni\u00e3o para a comunidade. O brilho das luzes refletidas nas faces das crian\u00e7as e adultos que admiram essa obra \u00e9 um testemunho do impacto emocional que a decora\u00e7\u00e3o natalina pode ter.<\/p>\n<p>Os cen\u00e1rios tem\u00e1ticos, como bonecos de neve e a Casa do Papai Noel, est\u00e3o dispostos em locais estrat\u00e9gicos, transformando os espa\u00e7os p\u00fablicos em verdadeiros parques tem\u00e1ticos natalinos. A interatividade \u00e9 encorajada, permitindo que as pessoas tirem fotos e compartilhem momentos nas redes sociais, algo que se tornou uma tradi\u00e7\u00e3o moderna, aproximando os cidad\u00e3os de sua cultura e festividades locais.<\/p>\n<p>Atrav\u00e9s da ilumina\u00e7\u00e3o criativa e das decora\u00e7\u00f5es tem\u00e1ticas, Barueri e Santana de Parna\u00edba demonstram que o Natal \u00e9 muito mais do que uma simples celebra\u00e7\u00e3o; \u00e9 uma oportunidade para criar mem\u00f3rias afetivas e unir as pessoas, promovendo um sentido de pertencimento e comunidade.<\/p>\n<h2>Reflex\u00f5es sobre a Import\u00e2ncia da Comunidade Durante o Natal<\/h2>\n<p>O Natal \u00e9, sem d\u00favida, uma \u00e9poca de comemora\u00e7\u00e3o e alegria, mas tamb\u00e9m \u00e9 um momento para reflex\u00f5es profundas sobre a import\u00e2ncia da comunidade. Nas celebra\u00e7\u00f5es em Barueri e Santana de Parna\u00edba, essa conex\u00e3o \u00e9 evidente em cada atividade, no sorriso de cada crian\u00e7a e na dan\u00e7a de cada adulto que participa das festividades. Essa ideia de uni\u00e3o vai al\u00e9m das festividades externas, tocando aspectos mais profundos das rela\u00e7\u00f5es humanas.<\/p>\n<p>Durante o Natal, momentos de solidariedade se destacam. A coleta de alimentos e roupas para aqueles que precisam se intensifica, mostrando como as comunidades se unem para apoiar uns aos outros. Essa solidariedade vai al\u00e9m do ato de doar; trata-se de engajamento e empatia, construindo la\u00e7os que fortalecem as rela\u00e7\u00f5es entre vizinhos, amigos e familiares.<\/p>\n<p>A \u00e9poca natalina tamb\u00e9m oferece um espa\u00e7o essencial para o culto \u00e0 diversidade. As celebra\u00e7\u00f5es promovem um ambiente inclusivo, onde as diferen\u00e7as s\u00e3o respeitadas e celebradas. Isso permite que as comunidades revejam seus valores e comportamentos, promovendo um senso de pertencimento e respeito m\u00fatuo. No decorrer das festividades, \u00e9 comum perceber a abertura para di\u00e1logos e trocas entre culturas e tradi\u00e7\u00f5es, criando um cen\u00e1rio \u00fanico de aprendizagem.<\/p>\n<p>Al\u00e9m disso, o Natal proporciona uma grande oportunidade de iniciar novas tradi\u00e7\u00f5es. Fam\u00edlias criam rituais que passam de gera\u00e7\u00e3o para gera\u00e7\u00e3o, refor\u00e7ando a uni\u00e3o e a identidade familiar. Os valores que se cultivam durante esse per\u00edodo podem moldar a maneira como a comunidade se comporta ao longo do ano, refor\u00e7ando padr\u00f5es de solidariedade e cuidado m\u00fatuo.<\/p>\n<p>Assim, ao celebrarmos o Natal em Barueri e Santana de Parna\u00edba, \u00e9 importante lembrar que as festividades n\u00e3o s\u00e3o apenas para alegria moment\u00e2nea, mas sim uma forma de cultivar a ess\u00eancia humana de cuidar e amar uns aos outros, construindo um futuro melhor para todos.<\/p>\n","protected":false},"excerpt":{"rendered":"<p>Natal Encantado traz m\u00fasica, luz e alegria para Barueri e Santana de Parna\u00edba.<\/p>\n","protected":false},"author":1,"featured_media":0,"comment_status":"open","ping_status":"open","sticky":false,"template":"","format":"standard","meta":{"footnotes":""},"categories":[902],"tags":[],"class_list":["post-6165","post","type-post","status-publish","format-standard","hentry","category-shows"],"yoast_head":"<!-- This site is optimized with the Yoast SEO plugin v26.4 - https:\/\/yoast.com\/wordpress\/plugins\/seo\/ -->\n<title>Com m\u00fasica, decora\u00e7\u00e3o especial e shows, clima de Natal toma conta das cidades de Barueri e Santana de Parna\u00edba | Guia Comercial de Alphaville SP<\/title>\n<meta name=\"robots\" content=\"index, follow, max-snippet:-1, max-image-preview:large, max-video-preview:-1\" \/>\n<link rel=\"canonical\" href=\"https:\/\/www.encontraalphaville.com.br\/guia\/com-musica-decoracao-especial-e-shows-clima-de-natal-toma-conta-das-cidades-de-barueri-e-santana-de-parnaiba\/\" \/>\n<meta property=\"og:locale\" content=\"pt_BR\" \/>\n<meta property=\"og:type\" content=\"article\" \/>\n<meta property=\"og:title\" content=\"Com m\u00fasica, decora\u00e7\u00e3o especial e shows, clima de Natal toma conta das cidades de Barueri e Santana de Parna\u00edba | Guia Comercial de Alphaville SP\" \/>\n<meta property=\"og:description\" content=\"Natal Encantado traz m\u00fasica, luz e alegria para Barueri e Santana de Parna\u00edba.\" \/>\n<meta property=\"og:url\" content=\"https:\/\/www.encontraalphaville.com.br\/guia\/com-musica-decoracao-especial-e-shows-clima-de-natal-toma-conta-das-cidades-de-barueri-e-santana-de-parnaiba\/\" \/>\n<meta property=\"og:site_name\" content=\"Guia Comercial de Alphaville SP\" \/>\n<meta property=\"article:published_time\" content=\"2025-12-28T11:44:00+00:00\" \/>\n<meta name=\"author\" content=\"Encontra Alphaville\" \/>\n<meta name=\"twitter:card\" content=\"summary_large_image\" \/>\n<meta name=\"twitter:label1\" content=\"Escrito por\" \/>\n\t<meta name=\"twitter:data1\" content=\"Encontra Alphaville\" \/>\n\t<meta name=\"twitter:label2\" content=\"Est. tempo de leitura\" \/>\n\t<meta name=\"twitter:data2\" content=\"14 minutos\" \/>\n<script type=\"application\/ld+json\" class=\"yoast-schema-graph\">{\"@context\":\"https:\/\/schema.org\",\"@graph\":[{\"@type\":\"WebPage\",\"@id\":\"https:\/\/www.encontraalphaville.com.br\/guia\/com-musica-decoracao-especial-e-shows-clima-de-natal-toma-conta-das-cidades-de-barueri-e-santana-de-parnaiba\/\",\"url\":\"https:\/\/www.encontraalphaville.com.br\/guia\/com-musica-decoracao-especial-e-shows-clima-de-natal-toma-conta-das-cidades-de-barueri-e-santana-de-parnaiba\/\",\"name\":\"Com m\u00fasica, decora\u00e7\u00e3o especial e shows, clima de Natal toma conta das cidades de Barueri e Santana de Parna\u00edba | Guia Comercial de Alphaville SP\",\"isPartOf\":{\"@id\":\"https:\/\/www.encontraalphaville.com.br\/guia\/#website\"},\"datePublished\":\"2025-12-28T11:44:00+00:00\",\"author\":{\"@id\":\"https:\/\/www.encontraalphaville.com.br\/guia\/#\/schema\/person\/a48592ba2de82cdaeeef25afa1c4bc6a\"},\"inLanguage\":\"pt-BR\",\"potentialAction\":[{\"@type\":\"ReadAction\",\"target\":[\"https:\/\/www.encontraalphaville.com.br\/guia\/com-musica-decoracao-especial-e-shows-clima-de-natal-toma-conta-das-cidades-de-barueri-e-santana-de-parnaiba\/\"]}]},{\"@type\":\"WebSite\",\"@id\":\"https:\/\/www.encontraalphaville.com.br\/guia\/#website\",\"url\":\"https:\/\/www.encontraalphaville.com.br\/guia\/\",\"name\":\"Guia Comercial de Alphaville SP\",\"description\":\"ENCONTRA ALPHAVILLE - O guia comercial de neg\u00f3cios e empresas, cultura e divers\u00e3o no bairro de Alphaville. Feito 100% para voc\u00ea morador!\",\"potentialAction\":[{\"@type\":\"SearchAction\",\"target\":{\"@type\":\"EntryPoint\",\"urlTemplate\":\"https:\/\/www.encontraalphaville.com.br\/guia\/?s={search_term_string}\"},\"query-input\":{\"@type\":\"PropertyValueSpecification\",\"valueRequired\":true,\"valueName\":\"search_term_string\"}}],\"inLanguage\":\"pt-BR\"},{\"@type\":\"Person\",\"@id\":\"https:\/\/www.encontraalphaville.com.br\/guia\/#\/schema\/person\/a48592ba2de82cdaeeef25afa1c4bc6a\",\"name\":\"Encontra Alphaville\",\"image\":{\"@type\":\"ImageObject\",\"inLanguage\":\"pt-BR\",\"@id\":\"https:\/\/www.encontraalphaville.com.br\/guia\/#\/schema\/person\/image\/\",\"url\":\"https:\/\/secure.gravatar.com\/avatar\/c50c17820bcf322f0a8fd6b110b8c0918141409dc69076470f6fca5fee70a5d4?s=96&d=mm&r=g\",\"contentUrl\":\"https:\/\/secure.gravatar.com\/avatar\/c50c17820bcf322f0a8fd6b110b8c0918141409dc69076470f6fca5fee70a5d4?s=96&d=mm&r=g\",\"caption\":\"Encontra Alphaville\"},\"url\":\"https:\/\/www.encontraalphaville.com.br\/guia\/author\/encontraalphaville\/\"}]}<\/script>\n<!-- \/ Yoast SEO plugin. -->","yoast_head_json":{"title":"Com m\u00fasica, decora\u00e7\u00e3o especial e shows, clima de Natal toma conta das cidades de Barueri e Santana de Parna\u00edba | Guia Comercial de Alphaville SP","robots":{"index":"index","follow":"follow","max-snippet":"max-snippet:-1","max-image-preview":"max-image-preview:large","max-video-preview":"max-video-preview:-1"},"canonical":"https:\/\/www.encontraalphaville.com.br\/guia\/com-musica-decoracao-especial-e-shows-clima-de-natal-toma-conta-das-cidades-de-barueri-e-santana-de-parnaiba\/","og_locale":"pt_BR","og_type":"article","og_title":"Com m\u00fasica, decora\u00e7\u00e3o especial e shows, clima de Natal toma conta das cidades de Barueri e Santana de Parna\u00edba | Guia Comercial de Alphaville SP","og_description":"Natal Encantado traz m\u00fasica, luz e alegria para Barueri e Santana de Parna\u00edba.","og_url":"https:\/\/www.encontraalphaville.com.br\/guia\/com-musica-decoracao-especial-e-shows-clima-de-natal-toma-conta-das-cidades-de-barueri-e-santana-de-parnaiba\/","og_site_name":"Guia Comercial de Alphaville SP","article_published_time":"2025-12-28T11:44:00+00:00","author":"Encontra Alphaville","twitter_card":"summary_large_image","twitter_misc":{"Escrito por":"Encontra Alphaville","Est. tempo de leitura":"14 minutos"},"schema":{"@context":"https:\/\/schema.org","@graph":[{"@type":"WebPage","@id":"https:\/\/www.encontraalphaville.com.br\/guia\/com-musica-decoracao-especial-e-shows-clima-de-natal-toma-conta-das-cidades-de-barueri-e-santana-de-parnaiba\/","url":"https:\/\/www.encontraalphaville.com.br\/guia\/com-musica-decoracao-especial-e-shows-clima-de-natal-toma-conta-das-cidades-de-barueri-e-santana-de-parnaiba\/","name":"Com m\u00fasica, decora\u00e7\u00e3o especial e shows, clima de Natal toma conta das cidades de Barueri e Santana de Parna\u00edba | Guia Comercial de Alphaville SP","isPartOf":{"@id":"https:\/\/www.encontraalphaville.com.br\/guia\/#website"},"datePublished":"2025-12-28T11:44:00+00:00","author":{"@id":"https:\/\/www.encontraalphaville.com.br\/guia\/#\/schema\/person\/a48592ba2de82cdaeeef25afa1c4bc6a"},"inLanguage":"pt-BR","potentialAction":[{"@type":"ReadAction","target":["https:\/\/www.encontraalphaville.com.br\/guia\/com-musica-decoracao-especial-e-shows-clima-de-natal-toma-conta-das-cidades-de-barueri-e-santana-de-parnaiba\/"]}]},{"@type":"WebSite","@id":"https:\/\/www.encontraalphaville.com.br\/guia\/#website","url":"https:\/\/www.encontraalphaville.com.br\/guia\/","name":"Guia Comercial de Alphaville SP","description":"ENCONTRA ALPHAVILLE - O guia comercial de neg\u00f3cios e empresas, cultura e divers\u00e3o no bairro de Alphaville. Feito 100% para voc\u00ea morador!","potentialAction":[{"@type":"SearchAction","target":{"@type":"EntryPoint","urlTemplate":"https:\/\/www.encontraalphaville.com.br\/guia\/?s={search_term_string}"},"query-input":{"@type":"PropertyValueSpecification","valueRequired":true,"valueName":"search_term_string"}}],"inLanguage":"pt-BR"},{"@type":"Person","@id":"https:\/\/www.encontraalphaville.com.br\/guia\/#\/schema\/person\/a48592ba2de82cdaeeef25afa1c4bc6a","name":"Encontra Alphaville","image":{"@type":"ImageObject","inLanguage":"pt-BR","@id":"https:\/\/www.encontraalphaville.com.br\/guia\/#\/schema\/person\/image\/","url":"https:\/\/secure.gravatar.com\/avatar\/c50c17820bcf322f0a8fd6b110b8c0918141409dc69076470f6fca5fee70a5d4?s=96&d=mm&r=g","contentUrl":"https:\/\/secure.gravatar.com\/avatar\/c50c17820bcf322f0a8fd6b110b8c0918141409dc69076470f6fca5fee70a5d4?s=96&d=mm&r=g","caption":"Encontra Alphaville"},"url":"https:\/\/www.encontraalphaville.com.br\/guia\/author\/encontraalphaville\/"}]}},"_links":{"self":[{"href":"https:\/\/www.encontraalphaville.com.br\/guia\/wp-json\/wp\/v2\/posts\/6165","targetHints":{"allow":["GET"]}}],"collection":[{"href":"https:\/\/www.encontraalphaville.com.br\/guia\/wp-json\/wp\/v2\/posts"}],"about":[{"href":"https:\/\/www.encontraalphaville.com.br\/guia\/wp-json\/wp\/v2\/types\/post"}],"author":[{"embeddable":true,"href":"https:\/\/www.encontraalphaville.com.br\/guia\/wp-json\/wp\/v2\/users\/1"}],"replies":[{"embeddable":true,"href":"https:\/\/www.encontraalphaville.com.br\/guia\/wp-json\/wp\/v2\/comments?post=6165"}],"version-history":[{"count":0,"href":"https:\/\/www.encontraalphaville.com.br\/guia\/wp-json\/wp\/v2\/posts\/6165\/revisions"}],"wp:attachment":[{"href":"https:\/\/www.encontraalphaville.com.br\/guia\/wp-json\/wp\/v2\/media?parent=6165"}],"wp:term":[{"taxonomy":"category","embeddable":true,"href":"https:\/\/www.encontraalphaville.com.br\/guia\/wp-json\/wp\/v2\/categories?post=6165"},{"taxonomy":"post_tag","embeddable":true,"href":"https:\/\/www.encontraalphaville.com.br\/guia\/wp-json\/wp\/v2\/tags?post=6165"}],"curies":[{"name":"wp","href":"https:\/\/api.w.org\/{rel}","templated":true}]}}